{"id":10187,"date":"2024-06-11T09:08:44","date_gmt":"2024-06-11T07:08:44","guid":{"rendered":"http:\/\/roczyny.edu.pl\/?p=10187"},"modified":"2024-06-11T09:08:44","modified_gmt":"2024-06-11T07:08:44","slug":"euroweek","status":"publish","type":"post","link":"http:\/\/roczyny.edu.pl\/index.php\/2024\/06\/11\/euroweek\/","title":{"rendered":"Euroweek"},"content":{"rendered":"<div style=\"text-align: center;\">Drodzy Rodzice,<\/div>\n<div style=\"text-align: center;\">odpowiadaj\u0105c na liczne zapytania dotycz\u0105ce programu Euroweek postanowili\u015bmy zorganizowa\u0107 wyjazd na warsztaty j\u0119zykowe dla\u00a0 ch\u0119tnych uczni\u00f3w klas 8,7 i 6.<\/div>\n<div style=\"text-align: center;\">Warsztaty zaplanowane s\u0105 w terminie <strong>2.09 -06.09<\/strong> &#8211; tak wi\u0119c pierwszy tydzie\u0144 nauki po wakacjach,\u00a0 mamy nadziej\u0119 \u017ce wyjazd w tym terminie nie wygeneruje du\u017cej ilo\u015bci zaleg\u0142o\u015bci.<\/div>\n<div style=\"text-align: center;\">Koszt warsztat\u00f3w to 600 z\u0142 (warsztaty, zakwaterowanie, posi\u0142ki) + 150 z\u0142 ( transport) &#8211; w sumie 750 z\u0142. W ramach rezerwacji terminu musimy ui\u015bci\u0107 250z\u0142 od ka\u017cdego ch\u0119tnego uczestnika. Lista uczestnik\u00f3w jest ograniczona 50 os\u00f3b i dlatego je\u015bli s\u0105 ch\u0119tni to prosz\u0119 o zg\u0142oszenie drog\u0105 email na adres <a href=\"mailto:elzbieta.walczak@roczyny.edu.pl\" target=\"_blank\" rel=\"noopener\">elzbieta.walczak@roczyny.edu.<wbr \/>pl<\/a>\u00a0 oraz wp\u0142at\u0119 zaliczki najp\u00f3\u017aniej do 17.06.2024r. W przypadku du\u017cego zainteresowania liczy si\u0119 kolejno\u015b\u0107 zg\u0142osze\u0144.<\/div>\n<div style=\"text-align: center;\">Wi\u0119cej informacji poni\u017cej:<\/div>\n<div><\/div>\n<div style=\"text-align: center;\"><a href=\"http:\/\/roczyny.edu.pl\/wp-content\/uploads\/2024\/06\/Opis-Programu.pdf\">Opis Programu<\/a><\/div>\n<div style=\"text-align: center;\"><a href=\"http:\/\/roczyny.edu.pl\/wp-content\/uploads\/2024\/06\/Invitation-87.pdf\">Zaproszenie<\/a><\/div>\n<div>\n<div class=\"wc-gallery\"><div id='gallery-1' data-gutter-width='5' data-columns='1' class='gallery wc-gallery-captions-onhover gallery-link-file gallery-masonry galleryid-10187 gallery-columns-1 gallery-size-full wc-gallery-bottomspace-default wc-gallery-clear'><div class='gallery-item gallery-item-position-1 gallery-item-attachment-10191'>\n\t\t\t\t<div class='gallery-icon landscape'>\n\t\t\t\t\t<a href='http:\/\/roczyny.edu.pl\/wp-content\/uploads\/2024\/06\/euroweek.png' title='euroweek' target='_self' rel=\"lightbox[10187]\"><img width=\"434\" height=\"157\" src=\"http:\/\/roczyny.edu.pl\/wp-content\/uploads\/2024\/06\/euroweek.png\" class=\"attachment-full size-full\" alt=\"\" loading=\"lazy\" data-attachment-id=\"10191\" srcset=\"http:\/\/roczyny.edu.pl\/wp-content\/uploads\/2024\/06\/euroweek.png 434w, http:\/\/roczyny.edu.pl\/wp-content\/uploads\/2024\/06\/euroweek-300x109.png 300w, http:\/\/roczyny.edu.pl\/wp-content\/uploads\/2024\/06\/euroweek-250x90.png 250w\" sizes=\"(max-width: 434px) 100vw, 434px\" \/><\/a>\n\t\t\t\t<\/div><\/div><\/div>\n<\/div>\n<\/div>\n","protected":false},"excerpt":{"rendered":"<p>Drodzy Rodzice, odpowiadaj\u0105c na liczne zapytania dotycz\u0105ce programu Euroweek postanowili\u015bmy zorganizowa\u0107 wyjazd na warsztaty j\u0119zykowe dla\u00a0 ch\u0119tnych uczni\u00f3w klas 8,7 i 6. Warsztaty zaplanowane s\u0105 w terminie 2.09 -06.09 &#8211; tak wi\u0119c pierwszy tydzie\u0144 nauki po wakacjach,\u00a0 mamy nadziej\u0119 \u017ce wyjazd w tym terminie nie wygeneruje du\u017cej ilo\u015bci zaleg\u0142o\u015bci. Koszt warsztat\u00f3w to 600 z\u0142 (warsztaty,\u2026 <span class=\"read-more\"><a href=\"http:\/\/roczyny.edu.pl\/index.php\/2024\/06\/11\/euroweek\/\">Czytaj dalej &raquo;<\/a><\/span><\/p>\n","protected":false},"author":7,"featured_media":10191,"comment_status":"closed","ping_status":"closed","sticky":false,"template":"","format":"standard","meta":{"bgseo_title":"","bgseo_description":"","bgseo_robots_index":"index","bgseo_robots_follow":"follow"},"categories":[4,7,5,8],"tags":[],"_links":{"self":[{"href":"http:\/\/roczyny.edu.pl\/index.php\/wp-json\/wp\/v2\/posts\/10187"}],"collection":[{"href":"http:\/\/roczyny.edu.pl\/index.php\/wp-json\/wp\/v2\/posts"}],"about":[{"href":"http:\/\/roczyny.edu.pl\/index.php\/wp-json\/wp\/v2\/types\/post"}],"author":[{"embeddable":true,"href":"http:\/\/roczyny.edu.pl\/index.php\/wp-json\/wp\/v2\/users\/7"}],"replies":[{"embeddable":true,"href":"http:\/\/roczyny.edu.pl\/index.php\/wp-json\/wp\/v2\/comments?post=10187"}],"version-history":[{"count":2,"href":"http:\/\/roczyny.edu.pl\/index.php\/wp-json\/wp\/v2\/posts\/10187\/revisions"}],"predecessor-version":[{"id":10192,"href":"http:\/\/roczyny.edu.pl\/index.php\/wp-json\/wp\/v2\/posts\/10187\/revisions\/10192"}],"wp:featuredmedia":[{"embeddable":true,"href":"http:\/\/roczyny.edu.pl\/index.php\/wp-json\/wp\/v2\/media\/10191"}],"wp:attachment":[{"href":"http:\/\/roczyny.edu.pl\/index.php\/wp-json\/wp\/v2\/media?parent=10187"}],"wp:term":[{"taxonomy":"category","embeddable":true,"href":"http:\/\/roczyny.edu.pl\/index.php\/wp-json\/wp\/v2\/categories?post=10187"},{"taxonomy":"post_tag","embeddable":true,"href":"http:\/\/roczyny.edu.pl\/index.php\/wp-json\/wp\/v2\/tags?post=10187"}],"curies":[{"name":"wp","href":"https:\/\/api.w.org\/{rel}","templated":true}]}}