{"id":1324,"date":"2021-11-22T21:04:25","date_gmt":"2021-11-22T20:04:25","guid":{"rendered":"http:\/\/roczyny.edu.pl\/?p=1324"},"modified":"2021-11-22T21:04:25","modified_gmt":"2021-11-22T20:04:25","slug":"swiatowy-dzien-zyczliwosci-i-pozdrowien","status":"publish","type":"post","link":"http:\/\/roczyny.edu.pl\/index.php\/2021\/11\/22\/swiatowy-dzien-zyczliwosci-i-pozdrowien\/","title":{"rendered":"\u015awiatowy Dzie\u0144 \u017byczliwo\u015bci i Pozdrowie\u0144"},"content":{"rendered":"<p style=\"text-align: center;\">\n<p><strong>\u015awiatowy Dzie\u0144 \u017byczliwo\u015bci i Pozdrowie\u0144<\/strong><\/p>\n<p>22 listopada 2021r. obchodzili\u015bmy Szkolny Dzie\u0144 \u017byczliwo\u015bci i Pozdrowie\u0144.<\/p>\n<p>Tego dnia uczniowie klas I-III i nauczyciele ubrani byli na \u017c\u00f3\u0142to, b\u0105d\u017a posiadali \u017c\u00f3\u0142te akcenty ubioru. Na korytarzu powsta\u0142y gazetki z informacjami na temat \u017cyczliwo\u015bci, cytatami i przys\u0142owiami o dobroci, \u017cyczliwo\u015bci, u\u015bmiechu i przyja\u017ani, a w klasach przeprowadzono ciekawe akcje takie jak: kartka dla przyjaciela, ordery dla kole\u017canki, mile s\u0142\u00f3wka, przypominajki o \u017cyczliwo\u015bci na ca\u0142y rok, gra w cichego przyjaciela, oraz wykonano\u00a0 \u201eDrzewo\u201d i \u201eS\u0142oneczko\u201d \u017cyczliwo\u015bci itp\u2026<\/p>\n<p>By\u0142 to dzie\u0144 wyj\u0105tkowy; pe\u0142en u\u015bmiech\u00f3w, mi\u0142ych s\u0142\u00f3w\u00a0 i pozytywnych emocji.<\/p>\n<p>Pami\u0119tajmy, \u017ce bycie \u017cyczliwym i uprzejmym nic nie kosztuje, a sprawia wiele rado\u015bci i u\u015bmiechu nie tylko nam, ale i osobom przebywaj\u0105cym w naszym towarzystwie.<\/p>\n<p><img loading=\"lazy\" class=\"alignnone size-medium wp-image-1332\" src=\"http:\/\/roczyny.edu.pl\/wp-content\/uploads\/2021\/11\/259642687_320390926284231_5393972721620141738_n-1-300x169.jpg\" alt=\"\" width=\"300\" height=\"169\" srcset=\"http:\/\/roczyny.edu.pl\/wp-content\/uploads\/2021\/11\/259642687_320390926284231_5393972721620141738_n-1-300x169.jpg 300w, http:\/\/roczyny.edu.pl\/wp-content\/uploads\/2021\/11\/259642687_320390926284231_5393972721620141738_n-1-660x371.jpg 660w, http:\/\/roczyny.edu.pl\/wp-content\/uploads\/2021\/11\/259642687_320390926284231_5393972721620141738_n-1-250x141.jpg 250w, http:\/\/roczyny.edu.pl\/wp-content\/uploads\/2021\/11\/259642687_320390926284231_5393972721620141738_n-1-550x309.jpg 550w, http:\/\/roczyny.edu.pl\/wp-content\/uploads\/2021\/11\/259642687_320390926284231_5393972721620141738_n-1-320x180.jpg 320w, http:\/\/roczyny.edu.pl\/wp-content\/uploads\/2021\/11\/259642687_320390926284231_5393972721620141738_n-1-533x300.jpg 533w, http:\/\/roczyny.edu.pl\/wp-content\/uploads\/2021\/11\/259642687_320390926284231_5393972721620141738_n-1.jpg 750w\" sizes=\"(max-width: 300px) 100vw, 300px\" \/> <img loading=\"lazy\" class=\"alignnone size-medium wp-image-1331\" src=\"http:\/\/roczyny.edu.pl\/wp-content\/uploads\/2021\/11\/259235012_1035746043661348_5853471260467207719_n-300x169.jpg\" alt=\"\" width=\"300\" height=\"169\" srcset=\"http:\/\/roczyny.edu.pl\/wp-content\/uploads\/2021\/11\/259235012_1035746043661348_5853471260467207719_n-300x169.jpg 300w, http:\/\/roczyny.edu.pl\/wp-content\/uploads\/2021\/11\/259235012_1035746043661348_5853471260467207719_n-660x371.jpg 660w, http:\/\/roczyny.edu.pl\/wp-content\/uploads\/2021\/11\/259235012_1035746043661348_5853471260467207719_n-250x141.jpg 250w, http:\/\/roczyny.edu.pl\/wp-content\/uploads\/2021\/11\/259235012_1035746043661348_5853471260467207719_n-550x309.jpg 550w, http:\/\/roczyny.edu.pl\/wp-content\/uploads\/2021\/11\/259235012_1035746043661348_5853471260467207719_n-320x180.jpg 320w, http:\/\/roczyny.edu.pl\/wp-content\/uploads\/2021\/11\/259235012_1035746043661348_5853471260467207719_n-533x300.jpg 533w, http:\/\/roczyny.edu.pl\/wp-content\/uploads\/2021\/11\/259235012_1035746043661348_5853471260467207719_n.jpg 750w\" sizes=\"(max-width: 300px) 100vw, 300px\" \/> <img loading=\"lazy\" class=\"alignnone size-medium wp-image-1327\" src=\"http:\/\/roczyny.edu.pl\/wp-content\/uploads\/2021\/11\/20211122_102904-300x179.jpg\" alt=\"\" width=\"300\" height=\"179\" srcset=\"http:\/\/roczyny.edu.pl\/wp-content\/uploads\/2021\/11\/20211122_102904-300x179.jpg 300w, http:\/\/roczyny.edu.pl\/wp-content\/uploads\/2021\/11\/20211122_102904-1024x610.jpg 1024w, http:\/\/roczyny.edu.pl\/wp-content\/uploads\/2021\/11\/20211122_102904-768x457.jpg 768w, http:\/\/roczyny.edu.pl\/wp-content\/uploads\/2021\/11\/20211122_102904-1536x915.jpg 1536w, http:\/\/roczyny.edu.pl\/wp-content\/uploads\/2021\/11\/20211122_102904-2048x1220.jpg 2048w, http:\/\/roczyny.edu.pl\/wp-content\/uploads\/2021\/11\/20211122_102904-660x393.jpg 660w, http:\/\/roczyny.edu.pl\/wp-content\/uploads\/2021\/11\/20211122_102904-250x149.jpg 250w, http:\/\/roczyny.edu.pl\/wp-content\/uploads\/2021\/11\/20211122_102904-550x328.jpg 550w, http:\/\/roczyny.edu.pl\/wp-content\/uploads\/2021\/11\/20211122_102904-800x476.jpg 800w, http:\/\/roczyny.edu.pl\/wp-content\/uploads\/2021\/11\/20211122_102904-302x180.jpg 302w, http:\/\/roczyny.edu.pl\/wp-content\/uploads\/2021\/11\/20211122_102904-504x300.jpg 504w, http:\/\/roczyny.edu.pl\/wp-content\/uploads\/2021\/11\/20211122_102904-840x500.jpg 840w\" sizes=\"(max-width: 300px) 100vw, 300px\" \/> <img loading=\"lazy\" class=\"alignnone size-medium wp-image-1326\" src=\"http:\/\/roczyny.edu.pl\/wp-content\/uploads\/2021\/11\/20211122_084713-1-300x225.jpg\" alt=\"\" width=\"300\" height=\"225\" srcset=\"http:\/\/roczyny.edu.pl\/wp-content\/uploads\/2021\/11\/20211122_084713-1-300x225.jpg 300w, http:\/\/roczyny.edu.pl\/wp-content\/uploads\/2021\/11\/20211122_084713-1-1024x768.jpg 1024w, http:\/\/roczyny.edu.pl\/wp-content\/uploads\/2021\/11\/20211122_084713-1-768x576.jpg 768w, http:\/\/roczyny.edu.pl\/wp-content\/uploads\/2021\/11\/20211122_084713-1-1536x1152.jpg 1536w, http:\/\/roczyny.edu.pl\/wp-content\/uploads\/2021\/11\/20211122_084713-1-2048x1536.jpg 2048w, http:\/\/roczyny.edu.pl\/wp-content\/uploads\/2021\/11\/20211122_084713-1-660x495.jpg 660w, http:\/\/roczyny.edu.pl\/wp-content\/uploads\/2021\/11\/20211122_084713-1-250x188.jpg 250w, http:\/\/roczyny.edu.pl\/wp-content\/uploads\/2021\/11\/20211122_084713-1-550x413.jpg 550w, http:\/\/roczyny.edu.pl\/wp-content\/uploads\/2021\/11\/20211122_084713-1-800x600.jpg 800w, http:\/\/roczyny.edu.pl\/wp-content\/uploads\/2021\/11\/20211122_084713-1-240x180.jpg 240w, http:\/\/roczyny.edu.pl\/wp-content\/uploads\/2021\/11\/20211122_084713-1-400x300.jpg 400w, http:\/\/roczyny.edu.pl\/wp-content\/uploads\/2021\/11\/20211122_084713-1-667x500.jpg 667w\" sizes=\"(max-width: 300px) 100vw, 300px\" \/> <img loading=\"lazy\" class=\"alignnone size-medium wp-image-1325\" src=\"http:\/\/roczyny.edu.pl\/wp-content\/uploads\/2021\/11\/20211122_084450-1-225x300.jpg\" alt=\"\" width=\"225\" height=\"300\" srcset=\"http:\/\/roczyny.edu.pl\/wp-content\/uploads\/2021\/11\/20211122_084450-1-225x300.jpg 225w, http:\/\/roczyny.edu.pl\/wp-content\/uploads\/2021\/11\/20211122_084450-1-768x1024.jpg 768w, http:\/\/roczyny.edu.pl\/wp-content\/uploads\/2021\/11\/20211122_084450-1-1152x1536.jpg 1152w, http:\/\/roczyny.edu.pl\/wp-content\/uploads\/2021\/11\/20211122_084450-1-1536x2048.jpg 1536w, http:\/\/roczyny.edu.pl\/wp-content\/uploads\/2021\/11\/20211122_084450-1-660x880.jpg 660w, http:\/\/roczyny.edu.pl\/wp-content\/uploads\/2021\/11\/20211122_084450-1-250x333.jpg 250w, http:\/\/roczyny.edu.pl\/wp-content\/uploads\/2021\/11\/20211122_084450-1-550x733.jpg 550w, http:\/\/roczyny.edu.pl\/wp-content\/uploads\/2021\/11\/20211122_084450-1-800x1067.jpg 800w, http:\/\/roczyny.edu.pl\/wp-content\/uploads\/2021\/11\/20211122_084450-1-135x180.jpg 135w, http:\/\/roczyny.edu.pl\/wp-content\/uploads\/2021\/11\/20211122_084450-1-375x500.jpg 375w, http:\/\/roczyny.edu.pl\/wp-content\/uploads\/2021\/11\/20211122_084450-1-scaled.jpg 1920w\" sizes=\"(max-width: 225px) 100vw, 225px\" \/> \u00a0<img loading=\"lazy\" class=\"alignnone size-medium wp-image-1329\" src=\"http:\/\/roczyny.edu.pl\/wp-content\/uploads\/2021\/11\/259051802_476616350411812_4478464047476565155_n-1-225x300.jpg\" alt=\"\" width=\"225\" height=\"300\" srcset=\"http:\/\/roczyny.edu.pl\/wp-content\/uploads\/2021\/11\/259051802_476616350411812_4478464047476565155_n-1-225x300.jpg 225w, http:\/\/roczyny.edu.pl\/wp-content\/uploads\/2021\/11\/259051802_476616350411812_4478464047476565155_n-1-250x333.jpg 250w, http:\/\/roczyny.edu.pl\/wp-content\/uploads\/2021\/11\/259051802_476616350411812_4478464047476565155_n-1-550x733.jpg 550w, http:\/\/roczyny.edu.pl\/wp-content\/uploads\/2021\/11\/259051802_476616350411812_4478464047476565155_n-1-135x180.jpg 135w, http:\/\/roczyny.edu.pl\/wp-content\/uploads\/2021\/11\/259051802_476616350411812_4478464047476565155_n-1-375x500.jpg 375w, http:\/\/roczyny.edu.pl\/wp-content\/uploads\/2021\/11\/259051802_476616350411812_4478464047476565155_n-1.jpg 585w\" sizes=\"(max-width: 225px) 100vw, 225px\" \/><\/p>\n<p><img loading=\"lazy\" class=\"alignnone size-medium wp-image-1328\" src=\"http:\/\/roczyny.edu.pl\/wp-content\/uploads\/2021\/11\/258884147_329344035218902_8856714285398114117_n-300x169.jpg\" alt=\"\" width=\"300\" height=\"169\" srcset=\"http:\/\/roczyny.edu.pl\/wp-content\/uploads\/2021\/11\/258884147_329344035218902_8856714285398114117_n-300x169.jpg 300w, http:\/\/roczyny.edu.pl\/wp-content\/uploads\/2021\/11\/258884147_329344035218902_8856714285398114117_n-660x372.jpg 660w, http:\/\/roczyny.edu.pl\/wp-content\/uploads\/2021\/11\/258884147_329344035218902_8856714285398114117_n-250x141.jpg 250w, http:\/\/roczyny.edu.pl\/wp-content\/uploads\/2021\/11\/258884147_329344035218902_8856714285398114117_n-550x310.jpg 550w, http:\/\/roczyny.edu.pl\/wp-content\/uploads\/2021\/11\/258884147_329344035218902_8856714285398114117_n-319x180.jpg 319w, http:\/\/roczyny.edu.pl\/wp-content\/uploads\/2021\/11\/258884147_329344035218902_8856714285398114117_n-532x300.jpg 532w, http:\/\/roczyny.edu.pl\/wp-content\/uploads\/2021\/11\/258884147_329344035218902_8856714285398114117_n.jpg 765w\" sizes=\"(max-width: 300px) 100vw, 300px\" \/><\/p>\n","protected":false},"excerpt":{"rendered":"<p>\u015awiatowy Dzie\u0144 \u017byczliwo\u015bci i Pozdrowie\u0144 22 listopada 2021r. obchodzili\u015bmy Szkolny Dzie\u0144 \u017byczliwo\u015bci i Pozdrowie\u0144. Tego dnia uczniowie klas I-III i nauczyciele ubrani byli na \u017c\u00f3\u0142to, b\u0105d\u017a posiadali \u017c\u00f3\u0142te akcenty ubioru. Na korytarzu powsta\u0142y gazetki z informacjami na temat \u017cyczliwo\u015bci, cytatami i przys\u0142owiami o dobroci, \u017cyczliwo\u015bci, u\u015bmiechu i przyja\u017ani, a w klasach przeprowadzono ciekawe akcje takie\u2026 <span class=\"read-more\"><a href=\"http:\/\/roczyny.edu.pl\/index.php\/2021\/11\/22\/swiatowy-dzien-zyczliwosci-i-pozdrowien\/\">Czytaj dalej &raquo;<\/a><\/span><\/p>\n","protected":false},"author":5,"featured_media":1329,"comment_status":"closed","ping_status":"closed","sticky":false,"template":"","format":"standard","meta":{"bgseo_title":"","bgseo_description":"","bgseo_robots_index":"index","bgseo_robots_follow":"follow"},"categories":[4,1,7,5,8],"tags":[],"_links":{"self":[{"href":"http:\/\/roczyny.edu.pl\/index.php\/wp-json\/wp\/v2\/posts\/1324"}],"collection":[{"href":"http:\/\/roczyny.edu.pl\/index.php\/wp-json\/wp\/v2\/posts"}],"about":[{"href":"http:\/\/roczyny.edu.pl\/index.php\/wp-json\/wp\/v2\/types\/post"}],"author":[{"embeddable":true,"href":"http:\/\/roczyny.edu.pl\/index.php\/wp-json\/wp\/v2\/users\/5"}],"replies":[{"embeddable":true,"href":"http:\/\/roczyny.edu.pl\/index.php\/wp-json\/wp\/v2\/comments?post=1324"}],"version-history":[{"count":1,"href":"http:\/\/roczyny.edu.pl\/index.php\/wp-json\/wp\/v2\/posts\/1324\/revisions"}],"predecessor-version":[{"id":1333,"href":"http:\/\/roczyny.edu.pl\/index.php\/wp-json\/wp\/v2\/posts\/1324\/revisions\/1333"}],"wp:featuredmedia":[{"embeddable":true,"href":"http:\/\/roczyny.edu.pl\/index.php\/wp-json\/wp\/v2\/media\/1329"}],"wp:attachment":[{"href":"http:\/\/roczyny.edu.pl\/index.php\/wp-json\/wp\/v2\/media?parent=1324"}],"wp:term":[{"taxonomy":"category","embeddable":true,"href":"http:\/\/roczyny.edu.pl\/index.php\/wp-json\/wp\/v2\/categories?post=1324"},{"taxonomy":"post_tag","embeddable":true,"href":"http:\/\/roczyny.edu.pl\/index.php\/wp-json\/wp\/v2\/tags?post=1324"}],"curies":[{"name":"wp","href":"https:\/\/api.w.org\/{rel}","templated":true}]}}