{"id":1334,"date":"2021-11-24T22:09:44","date_gmt":"2021-11-24T21:09:44","guid":{"rendered":"http:\/\/roczyny.edu.pl\/?p=1334"},"modified":"2021-11-24T22:09:44","modified_gmt":"2021-11-24T21:09:44","slug":"od-przedszkola-do-idola-jesienna-spizarnia","status":"publish","type":"post","link":"http:\/\/roczyny.edu.pl\/index.php\/2021\/11\/24\/od-przedszkola-do-idola-jesienna-spizarnia\/","title":{"rendered":"\u201eOd Przedszkola do Idola \u2013 Jesienna Spi\u017carnia\u201d"},"content":{"rendered":"<p>23 listopada 2021 r. w WDK w Su\u0142kowicach-\u0141\u0119gu odby\u0142 si\u0119\u00a0<strong>XVI Gminny Konkurs Piosenki dla Przedszkolaka \u201eOd Przedszkola do Idola \u2013 Jesienna Spi\u017carnia\u201d<\/strong>.\u00a0\u00a0Celem konkursu by\u0142o min. propagowanie\u00a0kultury muzycznej w\u015br\u00f3d dzieci, wspieranie uzdolnionych dzieci oraz\u00a0umo\u017cliwienie prezentacji ich umiej\u0119tno\u015bci wokalnych.<\/p>\n<p>Nasze przedszkole reprezentowa\u0142y dwie uczestniczki w kategorii wykonawc\u00f3w\u00a0\u00a05,6 letnich:<\/p>\n<p>Maja Wojewodzic ( gr.PF)\u00a0\u00a0i Dorota Bizo\u0144 ( gr.PE). Obie uczestniczki zdoby\u0142y wyr\u00f3\u017cnienie.<\/p>\n<p>Serdecznie gratulujemy i \u017cyczymy wielu wspania\u0142ych sukces\u00f3w muzycznych!<\/p>\n<p><img loading=\"lazy\" class=\"wp-image-1335 aligncenter\" src=\"http:\/\/roczyny.edu.pl\/wp-content\/uploads\/2021\/11\/konkurs-1-224x300.jpg\" alt=\"\" width=\"424\" height=\"568\" srcset=\"http:\/\/roczyny.edu.pl\/wp-content\/uploads\/2021\/11\/konkurs-1-224x300.jpg 224w, http:\/\/roczyny.edu.pl\/wp-content\/uploads\/2021\/11\/konkurs-1-250x335.jpg 250w, http:\/\/roczyny.edu.pl\/wp-content\/uploads\/2021\/11\/konkurs-1-550x737.jpg 550w, http:\/\/roczyny.edu.pl\/wp-content\/uploads\/2021\/11\/konkurs-1-134x180.jpg 134w, http:\/\/roczyny.edu.pl\/wp-content\/uploads\/2021\/11\/konkurs-1-373x500.jpg 373w, http:\/\/roczyny.edu.pl\/wp-content\/uploads\/2021\/11\/konkurs-1.jpg 560w\" sizes=\"(max-width: 424px) 100vw, 424px\" \/><\/p>\n<p><img loading=\"lazy\" class=\"wp-image-1337 aligncenter\" src=\"http:\/\/roczyny.edu.pl\/wp-content\/uploads\/2021\/11\/konkurs-3-225x300.jpg\" alt=\"\" width=\"427\" height=\"570\" srcset=\"http:\/\/roczyny.edu.pl\/wp-content\/uploads\/2021\/11\/konkurs-3-225x300.jpg 225w, http:\/\/roczyny.edu.pl\/wp-content\/uploads\/2021\/11\/konkurs-3-768x1024.jpg 768w, http:\/\/roczyny.edu.pl\/wp-content\/uploads\/2021\/11\/konkurs-3-1152x1536.jpg 1152w, http:\/\/roczyny.edu.pl\/wp-content\/uploads\/2021\/11\/konkurs-3-660x880.jpg 660w, http:\/\/roczyny.edu.pl\/wp-content\/uploads\/2021\/11\/konkurs-3-250x333.jpg 250w, http:\/\/roczyny.edu.pl\/wp-content\/uploads\/2021\/11\/konkurs-3-550x733.jpg 550w, http:\/\/roczyny.edu.pl\/wp-content\/uploads\/2021\/11\/konkurs-3-800x1067.jpg 800w, http:\/\/roczyny.edu.pl\/wp-content\/uploads\/2021\/11\/konkurs-3-135x180.jpg 135w, http:\/\/roczyny.edu.pl\/wp-content\/uploads\/2021\/11\/konkurs-3-375x500.jpg 375w, http:\/\/roczyny.edu.pl\/wp-content\/uploads\/2021\/11\/konkurs-3.jpg 1440w\" sizes=\"(max-width: 427px) 100vw, 427px\" \/><\/p>\n<p><img loading=\"lazy\" class=\"wp-image-1338 aligncenter\" src=\"http:\/\/roczyny.edu.pl\/wp-content\/uploads\/2021\/11\/konkurs-224x300.jpg\" alt=\"\" width=\"425\" height=\"569\" srcset=\"http:\/\/roczyny.edu.pl\/wp-content\/uploads\/2021\/11\/konkurs-224x300.jpg 224w, http:\/\/roczyny.edu.pl\/wp-content\/uploads\/2021\/11\/konkurs-250x335.jpg 250w, http:\/\/roczyny.edu.pl\/wp-content\/uploads\/2021\/11\/konkurs-550x737.jpg 550w, http:\/\/roczyny.edu.pl\/wp-content\/uploads\/2021\/11\/konkurs-134x180.jpg 134w, http:\/\/roczyny.edu.pl\/wp-content\/uploads\/2021\/11\/konkurs-373x500.jpg 373w, http:\/\/roczyny.edu.pl\/wp-content\/uploads\/2021\/11\/konkurs.jpg 560w\" sizes=\"(max-width: 425px) 100vw, 425px\" \/><\/p>\n<p><img loading=\"lazy\" class=\" wp-image-1336 aligncenter\" src=\"http:\/\/roczyny.edu.pl\/wp-content\/uploads\/2021\/11\/konkurs-2-300x225.jpg\" alt=\"\" width=\"431\" height=\"323\" srcset=\"http:\/\/roczyny.edu.pl\/wp-content\/uploads\/2021\/11\/konkurs-2-300x225.jpg 300w, http:\/\/roczyny.edu.pl\/wp-content\/uploads\/2021\/11\/konkurs-2-1024x768.jpg 1024w, http:\/\/roczyny.edu.pl\/wp-content\/uploads\/2021\/11\/konkurs-2-768x576.jpg 768w, http:\/\/roczyny.edu.pl\/wp-content\/uploads\/2021\/11\/konkurs-2-1536x1152.jpg 1536w, http:\/\/roczyny.edu.pl\/wp-content\/uploads\/2021\/11\/konkurs-2-660x495.jpg 660w, http:\/\/roczyny.edu.pl\/wp-content\/uploads\/2021\/11\/konkurs-2-250x188.jpg 250w, http:\/\/roczyny.edu.pl\/wp-content\/uploads\/2021\/11\/konkurs-2-550x413.jpg 550w, http:\/\/roczyny.edu.pl\/wp-content\/uploads\/2021\/11\/konkurs-2-800x600.jpg 800w, http:\/\/roczyny.edu.pl\/wp-content\/uploads\/2021\/11\/konkurs-2-240x180.jpg 240w, http:\/\/roczyny.edu.pl\/wp-content\/uploads\/2021\/11\/konkurs-2-400x300.jpg 400w, http:\/\/roczyny.edu.pl\/wp-content\/uploads\/2021\/11\/konkurs-2-667x500.jpg 667w, http:\/\/roczyny.edu.pl\/wp-content\/uploads\/2021\/11\/konkurs-2.jpg 1920w\" sizes=\"(max-width: 431px) 100vw, 431px\" \/><\/p>\n<p>&nbsp;<\/p>\n","protected":false},"excerpt":{"rendered":"<p>23 listopada 2021 r. w WDK w Su\u0142kowicach-\u0141\u0119gu odby\u0142 si\u0119\u00a0XVI Gminny Konkurs Piosenki dla Przedszkolaka \u201eOd Przedszkola do Idola \u2013 Jesienna Spi\u017carnia\u201d.\u00a0\u00a0Celem konkursu by\u0142o min. propagowanie\u00a0kultury muzycznej w\u015br\u00f3d dzieci, wspieranie uzdolnionych dzieci oraz\u00a0umo\u017cliwienie prezentacji ich umiej\u0119tno\u015bci wokalnych. Nasze przedszkole reprezentowa\u0142y dwie uczestniczki w kategorii wykonawc\u00f3w\u00a0\u00a05,6 letnich: Maja Wojewodzic ( gr.PF)\u00a0\u00a0i Dorota Bizo\u0144 ( gr.PE). Obie\u2026 <span class=\"read-more\"><a href=\"http:\/\/roczyny.edu.pl\/index.php\/2021\/11\/24\/od-przedszkola-do-idola-jesienna-spizarnia\/\">Czytaj dalej &raquo;<\/a><\/span><\/p>\n","protected":false},"author":5,"featured_media":1335,"comment_status":"closed","ping_status":"closed","sticky":false,"template":"","format":"standard","meta":{"bgseo_title":"","bgseo_description":"","bgseo_robots_index":"index","bgseo_robots_follow":"follow"},"categories":[4,1,6,7,5],"tags":[],"_links":{"self":[{"href":"http:\/\/roczyny.edu.pl\/index.php\/wp-json\/wp\/v2\/posts\/1334"}],"collection":[{"href":"http:\/\/roczyny.edu.pl\/index.php\/wp-json\/wp\/v2\/posts"}],"about":[{"href":"http:\/\/roczyny.edu.pl\/index.php\/wp-json\/wp\/v2\/types\/post"}],"author":[{"embeddable":true,"href":"http:\/\/roczyny.edu.pl\/index.php\/wp-json\/wp\/v2\/users\/5"}],"replies":[{"embeddable":true,"href":"http:\/\/roczyny.edu.pl\/index.php\/wp-json\/wp\/v2\/comments?post=1334"}],"version-history":[{"count":7,"href":"http:\/\/roczyny.edu.pl\/index.php\/wp-json\/wp\/v2\/posts\/1334\/revisions"}],"predecessor-version":[{"id":1345,"href":"http:\/\/roczyny.edu.pl\/index.php\/wp-json\/wp\/v2\/posts\/1334\/revisions\/1345"}],"wp:featuredmedia":[{"embeddable":true,"href":"http:\/\/roczyny.edu.pl\/index.php\/wp-json\/wp\/v2\/media\/1335"}],"wp:attachment":[{"href":"http:\/\/roczyny.edu.pl\/index.php\/wp-json\/wp\/v2\/media?parent=1334"}],"wp:term":[{"taxonomy":"category","embeddable":true,"href":"http:\/\/roczyny.edu.pl\/index.php\/wp-json\/wp\/v2\/categories?post=1334"},{"taxonomy":"post_tag","embeddable":true,"href":"http:\/\/roczyny.edu.pl\/index.php\/wp-json\/wp\/v2\/tags?post=1334"}],"curies":[{"name":"wp","href":"https:\/\/api.w.org\/{rel}","templated":true}]}}