{"id":1409,"date":"2021-11-29T14:07:35","date_gmt":"2021-11-29T13:07:35","guid":{"rendered":"http:\/\/roczyny.edu.pl\/?p=1409"},"modified":"2021-11-29T14:07:35","modified_gmt":"2021-11-29T13:07:35","slug":"swietlicowe-andrzejki","status":"publish","type":"post","link":"http:\/\/roczyny.edu.pl\/index.php\/2021\/11\/29\/swietlicowe-andrzejki\/","title":{"rendered":"\u015awietlicowe Andrzejki"},"content":{"rendered":"<p>W dniu 29.11.2021r. zgodnie z tradycj\u0105 odby\u0142y si\u0119 \u015awietlicowe Andrzejki. Testowali\u015bmy wr\u00f3\u017cby, kt\u00f3re przypominamy nale\u017cy traktowa\u0107<br \/>\nz ,,przymru\u017ceniem oka&#8221;:<br \/>\n-Serca<br \/>\n-Zawody<br \/>\n-Buty<br \/>\n-\u017byciowe k\u00f3\u0142ko<br \/>\n-Kubeczki<br \/>\n-Wiruj\u0105ca obr\u0105czka itp.<br \/>\nBy\u0142o\u00a0 du\u017co \u015bmiechu i \u017cart\u00f3w na temat wylosowanych przepowiedni.Andrzejki zako\u0144czyli\u015bmy weso\u0142\u0105 zabaw\u0105 przy muzyce i s\u0142odkim<br \/>\npocz\u0119stunkiem dla wszystkich uczestnik\u00f3w. Cieszymy si\u0119 na kolejn\u0105 zabaw\u0119 z okazji zbli\u017caj\u0105cych si\u0119 Miko\u0142ajk\u00f3w.<\/p>\n<p><img loading=\"lazy\" class=\"alignnone size-medium wp-image-1408\" src=\"http:\/\/roczyny.edu.pl\/wp-content\/uploads\/2021\/11\/20211129_101601-300x225.jpg\" alt=\"\" width=\"300\" height=\"225\" srcset=\"http:\/\/roczyny.edu.pl\/wp-content\/uploads\/2021\/11\/20211129_101601-300x225.jpg 300w, http:\/\/roczyny.edu.pl\/wp-content\/uploads\/2021\/11\/20211129_101601-1024x768.jpg 1024w, http:\/\/roczyny.edu.pl\/wp-content\/uploads\/2021\/11\/20211129_101601-768x576.jpg 768w, http:\/\/roczyny.edu.pl\/wp-content\/uploads\/2021\/11\/20211129_101601-1536x1152.jpg 1536w, http:\/\/roczyny.edu.pl\/wp-content\/uploads\/2021\/11\/20211129_101601-2048x1536.jpg 2048w, http:\/\/roczyny.edu.pl\/wp-content\/uploads\/2021\/11\/20211129_101601-660x495.jpg 660w, http:\/\/roczyny.edu.pl\/wp-content\/uploads\/2021\/11\/20211129_101601-250x188.jpg 250w, http:\/\/roczyny.edu.pl\/wp-content\/uploads\/2021\/11\/20211129_101601-550x413.jpg 550w, http:\/\/roczyny.edu.pl\/wp-content\/uploads\/2021\/11\/20211129_101601-800x600.jpg 800w, http:\/\/roczyny.edu.pl\/wp-content\/uploads\/2021\/11\/20211129_101601-240x180.jpg 240w, http:\/\/roczyny.edu.pl\/wp-content\/uploads\/2021\/11\/20211129_101601-400x300.jpg 400w, http:\/\/roczyny.edu.pl\/wp-content\/uploads\/2021\/11\/20211129_101601-667x500.jpg 667w\" sizes=\"(max-width: 300px) 100vw, 300px\" \/> <img loading=\"lazy\" class=\"alignnone size-medium wp-image-1407\" src=\"http:\/\/roczyny.edu.pl\/wp-content\/uploads\/2021\/11\/20211129_094945-225x300.jpg\" alt=\"\" width=\"225\" height=\"300\" srcset=\"http:\/\/roczyny.edu.pl\/wp-content\/uploads\/2021\/11\/20211129_094945-225x300.jpg 225w, http:\/\/roczyny.edu.pl\/wp-content\/uploads\/2021\/11\/20211129_094945-768x1024.jpg 768w, http:\/\/roczyny.edu.pl\/wp-content\/uploads\/2021\/11\/20211129_094945-1152x1536.jpg 1152w, http:\/\/roczyny.edu.pl\/wp-content\/uploads\/2021\/11\/20211129_094945-1536x2048.jpg 1536w, http:\/\/roczyny.edu.pl\/wp-content\/uploads\/2021\/11\/20211129_094945-660x880.jpg 660w, http:\/\/roczyny.edu.pl\/wp-content\/uploads\/2021\/11\/20211129_094945-250x333.jpg 250w, http:\/\/roczyny.edu.pl\/wp-content\/uploads\/2021\/11\/20211129_094945-550x733.jpg 550w, http:\/\/roczyny.edu.pl\/wp-content\/uploads\/2021\/11\/20211129_094945-800x1067.jpg 800w, http:\/\/roczyny.edu.pl\/wp-content\/uploads\/2021\/11\/20211129_094945-135x180.jpg 135w, http:\/\/roczyny.edu.pl\/wp-content\/uploads\/2021\/11\/20211129_094945-375x500.jpg 375w, http:\/\/roczyny.edu.pl\/wp-content\/uploads\/2021\/11\/20211129_094945-scaled.jpg 1920w\" sizes=\"(max-width: 225px) 100vw, 225px\" \/> <img loading=\"lazy\" class=\"alignnone size-medium wp-image-1406\" src=\"http:\/\/roczyny.edu.pl\/wp-content\/uploads\/2021\/11\/20211129_091132-225x300.jpg\" alt=\"\" width=\"225\" height=\"300\" srcset=\"http:\/\/roczyny.edu.pl\/wp-content\/uploads\/2021\/11\/20211129_091132-225x300.jpg 225w, http:\/\/roczyny.edu.pl\/wp-content\/uploads\/2021\/11\/20211129_091132-768x1024.jpg 768w, http:\/\/roczyny.edu.pl\/wp-content\/uploads\/2021\/11\/20211129_091132-1152x1536.jpg 1152w, http:\/\/roczyny.edu.pl\/wp-content\/uploads\/2021\/11\/20211129_091132-1536x2048.jpg 1536w, http:\/\/roczyny.edu.pl\/wp-content\/uploads\/2021\/11\/20211129_091132-660x880.jpg 660w, http:\/\/roczyny.edu.pl\/wp-content\/uploads\/2021\/11\/20211129_091132-250x333.jpg 250w, http:\/\/roczyny.edu.pl\/wp-content\/uploads\/2021\/11\/20211129_091132-550x733.jpg 550w, http:\/\/roczyny.edu.pl\/wp-content\/uploads\/2021\/11\/20211129_091132-800x1067.jpg 800w, http:\/\/roczyny.edu.pl\/wp-content\/uploads\/2021\/11\/20211129_091132-135x180.jpg 135w, http:\/\/roczyny.edu.pl\/wp-content\/uploads\/2021\/11\/20211129_091132-375x500.jpg 375w, http:\/\/roczyny.edu.pl\/wp-content\/uploads\/2021\/11\/20211129_091132-scaled.jpg 1920w\" sizes=\"(max-width: 225px) 100vw, 225px\" \/> <img loading=\"lazy\" class=\"alignnone size-medium wp-image-1405\" src=\"http:\/\/roczyny.edu.pl\/wp-content\/uploads\/2021\/11\/20211129_085329-225x300.jpg\" alt=\"\" width=\"225\" height=\"300\" srcset=\"http:\/\/roczyny.edu.pl\/wp-content\/uploads\/2021\/11\/20211129_085329-225x300.jpg 225w, http:\/\/roczyny.edu.pl\/wp-content\/uploads\/2021\/11\/20211129_085329-768x1024.jpg 768w, http:\/\/roczyny.edu.pl\/wp-content\/uploads\/2021\/11\/20211129_085329-1152x1536.jpg 1152w, http:\/\/roczyny.edu.pl\/wp-content\/uploads\/2021\/11\/20211129_085329-1536x2048.jpg 1536w, http:\/\/roczyny.edu.pl\/wp-content\/uploads\/2021\/11\/20211129_085329-660x880.jpg 660w, http:\/\/roczyny.edu.pl\/wp-content\/uploads\/2021\/11\/20211129_085329-250x333.jpg 250w, http:\/\/roczyny.edu.pl\/wp-content\/uploads\/2021\/11\/20211129_085329-550x733.jpg 550w, http:\/\/roczyny.edu.pl\/wp-content\/uploads\/2021\/11\/20211129_085329-800x1067.jpg 800w, http:\/\/roczyny.edu.pl\/wp-content\/uploads\/2021\/11\/20211129_085329-135x180.jpg 135w, http:\/\/roczyny.edu.pl\/wp-content\/uploads\/2021\/11\/20211129_085329-375x500.jpg 375w, http:\/\/roczyny.edu.pl\/wp-content\/uploads\/2021\/11\/20211129_085329-scaled.jpg 1920w\" sizes=\"(max-width: 225px) 100vw, 225px\" \/><\/p>\n","protected":false},"excerpt":{"rendered":"<p>W dniu 29.11.2021r. zgodnie z tradycj\u0105 odby\u0142y si\u0119 \u015awietlicowe Andrzejki. Testowali\u015bmy wr\u00f3\u017cby, kt\u00f3re przypominamy nale\u017cy traktowa\u0107 z ,,przymru\u017ceniem oka&#8221;: -Serca -Zawody -Buty -\u017byciowe k\u00f3\u0142ko -Kubeczki -Wiruj\u0105ca obr\u0105czka itp. By\u0142o\u00a0 du\u017co \u015bmiechu i \u017cart\u00f3w na temat wylosowanych przepowiedni.Andrzejki zako\u0144czyli\u015bmy weso\u0142\u0105 zabaw\u0105 przy muzyce i s\u0142odkim pocz\u0119stunkiem dla wszystkich uczestnik\u00f3w. Cieszymy si\u0119 na kolejn\u0105 zabaw\u0119 z okazji\u2026 <span class=\"read-more\"><a href=\"http:\/\/roczyny.edu.pl\/index.php\/2021\/11\/29\/swietlicowe-andrzejki\/\">Czytaj dalej &raquo;<\/a><\/span><\/p>\n","protected":false},"author":4,"featured_media":1408,"comment_status":"closed","ping_status":"closed","sticky":false,"template":"","format":"standard","meta":{"bgseo_title":"","bgseo_description":"","bgseo_robots_index":"index","bgseo_robots_follow":"follow"},"categories":[1,9,5],"tags":[],"_links":{"self":[{"href":"http:\/\/roczyny.edu.pl\/index.php\/wp-json\/wp\/v2\/posts\/1409"}],"collection":[{"href":"http:\/\/roczyny.edu.pl\/index.php\/wp-json\/wp\/v2\/posts"}],"about":[{"href":"http:\/\/roczyny.edu.pl\/index.php\/wp-json\/wp\/v2\/types\/post"}],"author":[{"embeddable":true,"href":"http:\/\/roczyny.edu.pl\/index.php\/wp-json\/wp\/v2\/users\/4"}],"replies":[{"embeddable":true,"href":"http:\/\/roczyny.edu.pl\/index.php\/wp-json\/wp\/v2\/comments?post=1409"}],"version-history":[{"count":1,"href":"http:\/\/roczyny.edu.pl\/index.php\/wp-json\/wp\/v2\/posts\/1409\/revisions"}],"predecessor-version":[{"id":1410,"href":"http:\/\/roczyny.edu.pl\/index.php\/wp-json\/wp\/v2\/posts\/1409\/revisions\/1410"}],"wp:featuredmedia":[{"embeddable":true,"href":"http:\/\/roczyny.edu.pl\/index.php\/wp-json\/wp\/v2\/media\/1408"}],"wp:attachment":[{"href":"http:\/\/roczyny.edu.pl\/index.php\/wp-json\/wp\/v2\/media?parent=1409"}],"wp:term":[{"taxonomy":"category","embeddable":true,"href":"http:\/\/roczyny.edu.pl\/index.php\/wp-json\/wp\/v2\/categories?post=1409"},{"taxonomy":"post_tag","embeddable":true,"href":"http:\/\/roczyny.edu.pl\/index.php\/wp-json\/wp\/v2\/tags?post=1409"}],"curies":[{"name":"wp","href":"https:\/\/api.w.org\/{rel}","templated":true}]}}