{"id":1489,"date":"2021-12-16T21:47:55","date_gmt":"2021-12-16T20:47:55","guid":{"rendered":"http:\/\/roczyny.edu.pl\/?p=1489"},"modified":"2021-12-16T21:48:50","modified_gmt":"2021-12-16T20:48:50","slug":"1489","status":"publish","type":"post","link":"http:\/\/roczyny.edu.pl\/index.php\/2021\/12\/16\/1489\/","title":{"rendered":"Szkolny konkurs ,,Kartka \u015awi\u0105teczna&#8221; rozstrzygni\u0119ty"},"content":{"rendered":"<p>W dniu 16.12.2021r. odby\u0142o si\u0119 uroczyste rozdanie dyplom\u00f3w i nagr\u00f3d za konkurs szkolny ,,Kartka \u015awi\u0105teczna&#8221;.<\/p>\n<p>I miejsce Emilia Talar III a<br \/>\nII miejsce Jan Babik I b<br \/>\nIII miejsce Emilia Moska\u0142a I a<\/p>\n<p>Wyr\u00f3\u017cnienia otrzymali:<br \/>\nMaja Sordyl III b<br \/>\nAdam Chrapkiewicz II a<br \/>\nAleksandra Kubala II c<\/p>\n<p>Wszystkim laureatom gratulujemy i dzi\u0119kujemy za udzia\u0142 w konkursie.<br \/>\nWychowawcy \u015bwietlicy<\/p>\n<p><img loading=\"lazy\" class=\"alignnone size-medium wp-image-1488\" src=\"http:\/\/roczyny.edu.pl\/wp-content\/uploads\/2021\/12\/20211216_101454-300x225.jpg\" alt=\"\" width=\"300\" height=\"225\" srcset=\"http:\/\/roczyny.edu.pl\/wp-content\/uploads\/2021\/12\/20211216_101454-300x225.jpg 300w, http:\/\/roczyny.edu.pl\/wp-content\/uploads\/2021\/12\/20211216_101454-1024x768.jpg 1024w, http:\/\/roczyny.edu.pl\/wp-content\/uploads\/2021\/12\/20211216_101454-768x576.jpg 768w, http:\/\/roczyny.edu.pl\/wp-content\/uploads\/2021\/12\/20211216_101454-1536x1152.jpg 1536w, http:\/\/roczyny.edu.pl\/wp-content\/uploads\/2021\/12\/20211216_101454-2048x1536.jpg 2048w, http:\/\/roczyny.edu.pl\/wp-content\/uploads\/2021\/12\/20211216_101454-660x495.jpg 660w, http:\/\/roczyny.edu.pl\/wp-content\/uploads\/2021\/12\/20211216_101454-250x188.jpg 250w, http:\/\/roczyny.edu.pl\/wp-content\/uploads\/2021\/12\/20211216_101454-550x413.jpg 550w, http:\/\/roczyny.edu.pl\/wp-content\/uploads\/2021\/12\/20211216_101454-800x600.jpg 800w, http:\/\/roczyny.edu.pl\/wp-content\/uploads\/2021\/12\/20211216_101454-240x180.jpg 240w, http:\/\/roczyny.edu.pl\/wp-content\/uploads\/2021\/12\/20211216_101454-400x300.jpg 400w, http:\/\/roczyny.edu.pl\/wp-content\/uploads\/2021\/12\/20211216_101454-667x500.jpg 667w\" sizes=\"(max-width: 300px) 100vw, 300px\" \/> <img loading=\"lazy\" class=\"alignnone size-medium wp-image-1487\" src=\"http:\/\/roczyny.edu.pl\/wp-content\/uploads\/2021\/12\/20211215_132553_1-300x225.jpg\" alt=\"\" width=\"300\" height=\"225\" srcset=\"http:\/\/roczyny.edu.pl\/wp-content\/uploads\/2021\/12\/20211215_132553_1-300x225.jpg 300w, http:\/\/roczyny.edu.pl\/wp-content\/uploads\/2021\/12\/20211215_132553_1-1024x768.jpg 1024w, http:\/\/roczyny.edu.pl\/wp-content\/uploads\/2021\/12\/20211215_132553_1-768x576.jpg 768w, http:\/\/roczyny.edu.pl\/wp-content\/uploads\/2021\/12\/20211215_132553_1-1536x1152.jpg 1536w, http:\/\/roczyny.edu.pl\/wp-content\/uploads\/2021\/12\/20211215_132553_1-2048x1536.jpg 2048w, http:\/\/roczyny.edu.pl\/wp-content\/uploads\/2021\/12\/20211215_132553_1-660x495.jpg 660w, http:\/\/roczyny.edu.pl\/wp-content\/uploads\/2021\/12\/20211215_132553_1-250x188.jpg 250w, http:\/\/roczyny.edu.pl\/wp-content\/uploads\/2021\/12\/20211215_132553_1-550x413.jpg 550w, http:\/\/roczyny.edu.pl\/wp-content\/uploads\/2021\/12\/20211215_132553_1-800x600.jpg 800w, http:\/\/roczyny.edu.pl\/wp-content\/uploads\/2021\/12\/20211215_132553_1-240x180.jpg 240w, http:\/\/roczyny.edu.pl\/wp-content\/uploads\/2021\/12\/20211215_132553_1-400x300.jpg 400w, http:\/\/roczyny.edu.pl\/wp-content\/uploads\/2021\/12\/20211215_132553_1-667x500.jpg 667w\" sizes=\"(max-width: 300px) 100vw, 300px\" \/><\/p>\n","protected":false},"excerpt":{"rendered":"<p>W dniu 16.12.2021r. odby\u0142o si\u0119 uroczyste rozdanie dyplom\u00f3w i nagr\u00f3d za konkurs szkolny ,,Kartka \u015awi\u0105teczna&#8221;. I miejsce Emilia Talar III a II miejsce Jan Babik I b III miejsce Emilia Moska\u0142a I a Wyr\u00f3\u017cnienia otrzymali: Maja Sordyl III b Adam Chrapkiewicz II a Aleksandra Kubala II c Wszystkim laureatom gratulujemy i dzi\u0119kujemy za udzia\u0142 w\u2026 <span class=\"read-more\"><a href=\"http:\/\/roczyny.edu.pl\/index.php\/2021\/12\/16\/1489\/\">Czytaj dalej &raquo;<\/a><\/span><\/p>\n","protected":false},"author":4,"featured_media":1488,"comment_status":"closed","ping_status":"closed","sticky":false,"template":"","format":"standard","meta":{"bgseo_title":"","bgseo_description":"","bgseo_robots_index":"index","bgseo_robots_follow":"follow"},"categories":[1,9,5,8],"tags":[],"_links":{"self":[{"href":"http:\/\/roczyny.edu.pl\/index.php\/wp-json\/wp\/v2\/posts\/1489"}],"collection":[{"href":"http:\/\/roczyny.edu.pl\/index.php\/wp-json\/wp\/v2\/posts"}],"about":[{"href":"http:\/\/roczyny.edu.pl\/index.php\/wp-json\/wp\/v2\/types\/post"}],"author":[{"embeddable":true,"href":"http:\/\/roczyny.edu.pl\/index.php\/wp-json\/wp\/v2\/users\/4"}],"replies":[{"embeddable":true,"href":"http:\/\/roczyny.edu.pl\/index.php\/wp-json\/wp\/v2\/comments?post=1489"}],"version-history":[{"count":2,"href":"http:\/\/roczyny.edu.pl\/index.php\/wp-json\/wp\/v2\/posts\/1489\/revisions"}],"predecessor-version":[{"id":1491,"href":"http:\/\/roczyny.edu.pl\/index.php\/wp-json\/wp\/v2\/posts\/1489\/revisions\/1491"}],"wp:featuredmedia":[{"embeddable":true,"href":"http:\/\/roczyny.edu.pl\/index.php\/wp-json\/wp\/v2\/media\/1488"}],"wp:attachment":[{"href":"http:\/\/roczyny.edu.pl\/index.php\/wp-json\/wp\/v2\/media?parent=1489"}],"wp:term":[{"taxonomy":"category","embeddable":true,"href":"http:\/\/roczyny.edu.pl\/index.php\/wp-json\/wp\/v2\/categories?post=1489"},{"taxonomy":"post_tag","embeddable":true,"href":"http:\/\/roczyny.edu.pl\/index.php\/wp-json\/wp\/v2\/tags?post=1489"}],"curies":[{"name":"wp","href":"https:\/\/api.w.org\/{rel}","templated":true}]}}