{"id":1497,"date":"2021-12-16T21:53:33","date_gmt":"2021-12-16T20:53:33","guid":{"rendered":"http:\/\/roczyny.edu.pl\/?p=1497"},"modified":"2021-12-16T21:53:33","modified_gmt":"2021-12-16T20:53:33","slug":"wigilijka-swietlicowa","status":"publish","type":"post","link":"http:\/\/roczyny.edu.pl\/index.php\/2021\/12\/16\/wigilijka-swietlicowa\/","title":{"rendered":"Wigilijka \u015bwietlicowa"},"content":{"rendered":"<p>W dniu 16.12.2021r. w \u015bwietlicy szkolnej odby\u0142a si\u0119 wigilijka .Wsp\u00f3lnie zasiedli\u015bmy do sto\u0142u, sk\u0142adali\u015bmy sobie \u017cyczenia oraz \u015bpiewali\u015bmy kol\u0119dy. Panowa\u0142a mi\u0142a, \u015bwi\u0105teczna atmosfera i wszyscy mogli skosztowa\u0107 s\u0142odko\u015bci przyniesionych przez dzieci. Dzi\u0119kujemy dzieciom za spotkanie oraz \u017cyczymy zdrowych i spokojnych \u015awi\u0105t sp\u0119dzonych w gronie najbli\u017cszych.<\/p>\n<p>Wychowawcy \u015bwietlicy: A.Wawro i D.Dro\u017adzik<\/p>\n<p><img loading=\"lazy\" class=\"alignnone size-medium wp-image-1496\" src=\"http:\/\/roczyny.edu.pl\/wp-content\/uploads\/2021\/12\/20211216_090531-300x225.jpg\" alt=\"\" width=\"300\" height=\"225\" srcset=\"http:\/\/roczyny.edu.pl\/wp-content\/uploads\/2021\/12\/20211216_090531-300x225.jpg 300w, http:\/\/roczyny.edu.pl\/wp-content\/uploads\/2021\/12\/20211216_090531-1024x768.jpg 1024w, http:\/\/roczyny.edu.pl\/wp-content\/uploads\/2021\/12\/20211216_090531-768x576.jpg 768w, http:\/\/roczyny.edu.pl\/wp-content\/uploads\/2021\/12\/20211216_090531-1536x1152.jpg 1536w, http:\/\/roczyny.edu.pl\/wp-content\/uploads\/2021\/12\/20211216_090531-2048x1536.jpg 2048w, http:\/\/roczyny.edu.pl\/wp-content\/uploads\/2021\/12\/20211216_090531-660x495.jpg 660w, http:\/\/roczyny.edu.pl\/wp-content\/uploads\/2021\/12\/20211216_090531-250x188.jpg 250w, http:\/\/roczyny.edu.pl\/wp-content\/uploads\/2021\/12\/20211216_090531-550x413.jpg 550w, http:\/\/roczyny.edu.pl\/wp-content\/uploads\/2021\/12\/20211216_090531-800x600.jpg 800w, http:\/\/roczyny.edu.pl\/wp-content\/uploads\/2021\/12\/20211216_090531-240x180.jpg 240w, http:\/\/roczyny.edu.pl\/wp-content\/uploads\/2021\/12\/20211216_090531-400x300.jpg 400w, http:\/\/roczyny.edu.pl\/wp-content\/uploads\/2021\/12\/20211216_090531-667x500.jpg 667w\" sizes=\"(max-width: 300px) 100vw, 300px\" \/> <img loading=\"lazy\" class=\"alignnone size-medium wp-image-1495\" src=\"http:\/\/roczyny.edu.pl\/wp-content\/uploads\/2021\/12\/20211216_090529-300x225.jpg\" alt=\"\" width=\"300\" height=\"225\" srcset=\"http:\/\/roczyny.edu.pl\/wp-content\/uploads\/2021\/12\/20211216_090529-300x225.jpg 300w, http:\/\/roczyny.edu.pl\/wp-content\/uploads\/2021\/12\/20211216_090529-1024x768.jpg 1024w, http:\/\/roczyny.edu.pl\/wp-content\/uploads\/2021\/12\/20211216_090529-768x576.jpg 768w, http:\/\/roczyny.edu.pl\/wp-content\/uploads\/2021\/12\/20211216_090529-1536x1152.jpg 1536w, http:\/\/roczyny.edu.pl\/wp-content\/uploads\/2021\/12\/20211216_090529-2048x1536.jpg 2048w, http:\/\/roczyny.edu.pl\/wp-content\/uploads\/2021\/12\/20211216_090529-660x495.jpg 660w, http:\/\/roczyny.edu.pl\/wp-content\/uploads\/2021\/12\/20211216_090529-250x188.jpg 250w, http:\/\/roczyny.edu.pl\/wp-content\/uploads\/2021\/12\/20211216_090529-550x413.jpg 550w, http:\/\/roczyny.edu.pl\/wp-content\/uploads\/2021\/12\/20211216_090529-800x600.jpg 800w, http:\/\/roczyny.edu.pl\/wp-content\/uploads\/2021\/12\/20211216_090529-240x180.jpg 240w, http:\/\/roczyny.edu.pl\/wp-content\/uploads\/2021\/12\/20211216_090529-400x300.jpg 400w, http:\/\/roczyny.edu.pl\/wp-content\/uploads\/2021\/12\/20211216_090529-667x500.jpg 667w\" sizes=\"(max-width: 300px) 100vw, 300px\" \/> <img loading=\"lazy\" class=\"alignnone size-medium wp-image-1494\" src=\"http:\/\/roczyny.edu.pl\/wp-content\/uploads\/2021\/12\/20211216_084123-225x300.jpg\" alt=\"\" width=\"225\" height=\"300\" srcset=\"http:\/\/roczyny.edu.pl\/wp-content\/uploads\/2021\/12\/20211216_084123-225x300.jpg 225w, http:\/\/roczyny.edu.pl\/wp-content\/uploads\/2021\/12\/20211216_084123-768x1024.jpg 768w, http:\/\/roczyny.edu.pl\/wp-content\/uploads\/2021\/12\/20211216_084123-1152x1536.jpg 1152w, http:\/\/roczyny.edu.pl\/wp-content\/uploads\/2021\/12\/20211216_084123-1536x2048.jpg 1536w, http:\/\/roczyny.edu.pl\/wp-content\/uploads\/2021\/12\/20211216_084123-660x880.jpg 660w, http:\/\/roczyny.edu.pl\/wp-content\/uploads\/2021\/12\/20211216_084123-250x333.jpg 250w, http:\/\/roczyny.edu.pl\/wp-content\/uploads\/2021\/12\/20211216_084123-550x733.jpg 550w, http:\/\/roczyny.edu.pl\/wp-content\/uploads\/2021\/12\/20211216_084123-800x1067.jpg 800w, http:\/\/roczyny.edu.pl\/wp-content\/uploads\/2021\/12\/20211216_084123-135x180.jpg 135w, http:\/\/roczyny.edu.pl\/wp-content\/uploads\/2021\/12\/20211216_084123-375x500.jpg 375w, http:\/\/roczyny.edu.pl\/wp-content\/uploads\/2021\/12\/20211216_084123-scaled.jpg 1920w\" sizes=\"(max-width: 225px) 100vw, 225px\" \/> <img loading=\"lazy\" class=\"alignnone size-medium wp-image-1493\" src=\"http:\/\/roczyny.edu.pl\/wp-content\/uploads\/2021\/12\/20211216_084116-225x300.jpg\" alt=\"\" width=\"225\" height=\"300\" srcset=\"http:\/\/roczyny.edu.pl\/wp-content\/uploads\/2021\/12\/20211216_084116-225x300.jpg 225w, http:\/\/roczyny.edu.pl\/wp-content\/uploads\/2021\/12\/20211216_084116-768x1024.jpg 768w, http:\/\/roczyny.edu.pl\/wp-content\/uploads\/2021\/12\/20211216_084116-1152x1536.jpg 1152w, http:\/\/roczyny.edu.pl\/wp-content\/uploads\/2021\/12\/20211216_084116-1536x2048.jpg 1536w, http:\/\/roczyny.edu.pl\/wp-content\/uploads\/2021\/12\/20211216_084116-660x880.jpg 660w, http:\/\/roczyny.edu.pl\/wp-content\/uploads\/2021\/12\/20211216_084116-250x333.jpg 250w, http:\/\/roczyny.edu.pl\/wp-content\/uploads\/2021\/12\/20211216_084116-550x733.jpg 550w, http:\/\/roczyny.edu.pl\/wp-content\/uploads\/2021\/12\/20211216_084116-800x1067.jpg 800w, http:\/\/roczyny.edu.pl\/wp-content\/uploads\/2021\/12\/20211216_084116-135x180.jpg 135w, http:\/\/roczyny.edu.pl\/wp-content\/uploads\/2021\/12\/20211216_084116-375x500.jpg 375w, http:\/\/roczyny.edu.pl\/wp-content\/uploads\/2021\/12\/20211216_084116-scaled.jpg 1920w\" sizes=\"(max-width: 225px) 100vw, 225px\" \/> <img loading=\"lazy\" class=\"alignnone size-medium wp-image-1492\" src=\"http:\/\/roczyny.edu.pl\/wp-content\/uploads\/2021\/12\/20211214_150509-225x300.jpg\" alt=\"\" width=\"225\" height=\"300\" srcset=\"http:\/\/roczyny.edu.pl\/wp-content\/uploads\/2021\/12\/20211214_150509-225x300.jpg 225w, http:\/\/roczyny.edu.pl\/wp-content\/uploads\/2021\/12\/20211214_150509-768x1024.jpg 768w, http:\/\/roczyny.edu.pl\/wp-content\/uploads\/2021\/12\/20211214_150509-1152x1536.jpg 1152w, http:\/\/roczyny.edu.pl\/wp-content\/uploads\/2021\/12\/20211214_150509-1536x2048.jpg 1536w, http:\/\/roczyny.edu.pl\/wp-content\/uploads\/2021\/12\/20211214_150509-660x880.jpg 660w, http:\/\/roczyny.edu.pl\/wp-content\/uploads\/2021\/12\/20211214_150509-250x333.jpg 250w, http:\/\/roczyny.edu.pl\/wp-content\/uploads\/2021\/12\/20211214_150509-550x733.jpg 550w, http:\/\/roczyny.edu.pl\/wp-content\/uploads\/2021\/12\/20211214_150509-800x1067.jpg 800w, http:\/\/roczyny.edu.pl\/wp-content\/uploads\/2021\/12\/20211214_150509-135x180.jpg 135w, http:\/\/roczyny.edu.pl\/wp-content\/uploads\/2021\/12\/20211214_150509-375x500.jpg 375w, http:\/\/roczyny.edu.pl\/wp-content\/uploads\/2021\/12\/20211214_150509-scaled.jpg 1920w\" sizes=\"(max-width: 225px) 100vw, 225px\" \/><\/p>\n","protected":false},"excerpt":{"rendered":"<p>W dniu 16.12.2021r. w \u015bwietlicy szkolnej odby\u0142a si\u0119 wigilijka .Wsp\u00f3lnie zasiedli\u015bmy do sto\u0142u, sk\u0142adali\u015bmy sobie \u017cyczenia oraz \u015bpiewali\u015bmy kol\u0119dy. Panowa\u0142a mi\u0142a, \u015bwi\u0105teczna atmosfera i wszyscy mogli skosztowa\u0107 s\u0142odko\u015bci przyniesionych przez dzieci. Dzi\u0119kujemy dzieciom za spotkanie oraz \u017cyczymy zdrowych i spokojnych \u015awi\u0105t sp\u0119dzonych w gronie najbli\u017cszych. Wychowawcy \u015bwietlicy: A.Wawro i D.Dro\u017adzik<\/p>\n","protected":false},"author":4,"featured_media":1496,"comment_status":"closed","ping_status":"closed","sticky":false,"template":"","format":"standard","meta":{"bgseo_title":"","bgseo_description":"","bgseo_robots_index":"index","bgseo_robots_follow":"follow"},"categories":[4,1,9,5,8],"tags":[],"_links":{"self":[{"href":"http:\/\/roczyny.edu.pl\/index.php\/wp-json\/wp\/v2\/posts\/1497"}],"collection":[{"href":"http:\/\/roczyny.edu.pl\/index.php\/wp-json\/wp\/v2\/posts"}],"about":[{"href":"http:\/\/roczyny.edu.pl\/index.php\/wp-json\/wp\/v2\/types\/post"}],"author":[{"embeddable":true,"href":"http:\/\/roczyny.edu.pl\/index.php\/wp-json\/wp\/v2\/users\/4"}],"replies":[{"embeddable":true,"href":"http:\/\/roczyny.edu.pl\/index.php\/wp-json\/wp\/v2\/comments?post=1497"}],"version-history":[{"count":1,"href":"http:\/\/roczyny.edu.pl\/index.php\/wp-json\/wp\/v2\/posts\/1497\/revisions"}],"predecessor-version":[{"id":1498,"href":"http:\/\/roczyny.edu.pl\/index.php\/wp-json\/wp\/v2\/posts\/1497\/revisions\/1498"}],"wp:featuredmedia":[{"embeddable":true,"href":"http:\/\/roczyny.edu.pl\/index.php\/wp-json\/wp\/v2\/media\/1496"}],"wp:attachment":[{"href":"http:\/\/roczyny.edu.pl\/index.php\/wp-json\/wp\/v2\/media?parent=1497"}],"wp:term":[{"taxonomy":"category","embeddable":true,"href":"http:\/\/roczyny.edu.pl\/index.php\/wp-json\/wp\/v2\/categories?post=1497"},{"taxonomy":"post_tag","embeddable":true,"href":"http:\/\/roczyny.edu.pl\/index.php\/wp-json\/wp\/v2\/tags?post=1497"}],"curies":[{"name":"wp","href":"https:\/\/api.w.org\/{rel}","templated":true}]}}