{"id":2601,"date":"2022-05-18T19:28:49","date_gmt":"2022-05-18T17:28:49","guid":{"rendered":"http:\/\/roczyny.edu.pl\/?p=2601"},"modified":"2022-05-18T19:28:49","modified_gmt":"2022-05-18T17:28:49","slug":"informacja-na-temat-segregacji-zuzytych-olejow","status":"publish","type":"post","link":"http:\/\/roczyny.edu.pl\/index.php\/2022\/05\/18\/informacja-na-temat-segregacji-zuzytych-olejow\/","title":{"rendered":"Informacja na temat segregacji zu\u017cytych olej\u00f3w"},"content":{"rendered":"<p>Urz\u0105d Miejski w Andrychowie ponownie przypomina mieszka\u0144com o mo\u017cliwo\u015bci pozbywania si\u0119 wszystkich zu\u017cytych olej\u00f3w i t\u0142uszczy jadalnych u\u017cywanych w gospodarstwach domowych w ramach ekologicznego projektu segregacji tych odpad\u00f3w realizowanego w Gminie Andrych\u00f3w. Jeden z pojemnik\u00f3w przeznaczonych do selektywnej zbi\u00f3rki tego odpadu zosta\u0142 umieszczony przy Zespole Szk\u00f3\u0142 Samorz\u0105dowych w Roczynach.<\/p>\n<p><strong>Jak poprawnie segregowa\u0107 olej?<\/strong><\/p>\n<ol>\n<li>Do pojemnika nale\u017cy wrzuca\u0107 wszystkie rodzaje olej\u00f3w i t\u0142uszcz\u00f3w, kt\u00f3re s\u0105 u\u017cywane do przygotowania jedzenia w domu.<br \/>\nMog\u0105 by\u0107 to oleje (s\u0142onecznikowy, z oliwek, rzepakowy, sojowy, palmowy, kokosowy i inne); t\u0142uszcze (mas\u0142o, margaryna lub smalec), a tak\u017ce oleje i t\u0142uszcze z sa\u0142atek, konserw, zalew olejowych oraz marynat do grilla i sma\u017cenia.<\/li>\n<li>Zu\u017cyte oleje i t\u0142uszcze wystarczy zla\u0107 przy u\u017cyciu lejka do jakiejkolwiek butelki typu PET.<\/li>\n<li>Dla bezpiecze\u0144stwa, zu\u017cyty olej powinien najpierw ostygn\u0105\u0107, a dopiero p\u00f3\u017aniej mo\u017ce zosta\u0107 przelany do butelki PET.<\/li>\n<li>Pe\u0142n\u0105, szczelnie zamkni\u0119t\u0105 butelk\u0119 nale\u017cy zanie\u015b\u0107 do najbli\u017cszego pojemnika przeznaczonego do segregacji olej\u00f3w.<\/li>\n<\/ol>\n<p>W \u017cadnym wypadku nie mo\u017cna wlewa\u0107 oleju bezpo\u015brednio do pojemnika, ani te\u017c wrzuca\u0107 do niego szklanych butelek, czy innych odpad\u00f3w.<\/p>\n<p>Zach\u0119camy wszystkich mieszka\u0144c\u00f3w do w\u0142\u0105czenia si\u0119 w realizacj\u0119 projektu, aby w ten spos\u00f3b dzia\u0142a\u0107 na rzecz ochrony \u015brodowiska w naszej gminie.<\/p>\n<p>Szczeg\u00f3\u0142owe informacje na temat projektu znajd\u0105 Pa\u0144stwo na stronie internetowej Urz\u0119du Miejskiego w Andrychowie pod adresem: <a href=\"https:\/\/andrychow.eu\/segreguj-z-nami-oleje-jadalne\/\">andrychow.eu\/segreguj-z-nami-oleje-jadalne\/<\/a><\/p>\n","protected":false},"excerpt":{"rendered":"<p>Urz\u0105d Miejski w Andrychowie ponownie przypomina mieszka\u0144com o mo\u017cliwo\u015bci pozbywania si\u0119 wszystkich zu\u017cytych olej\u00f3w i t\u0142uszczy jadalnych u\u017cywanych w gospodarstwach domowych w ramach ekologicznego projektu segregacji tych odpad\u00f3w realizowanego w Gminie Andrych\u00f3w. Jeden z pojemnik\u00f3w przeznaczonych do selektywnej zbi\u00f3rki tego odpadu zosta\u0142 umieszczony przy Zespole Szk\u00f3\u0142 Samorz\u0105dowych w Roczynach. Jak poprawnie segregowa\u0107 olej? Do pojemnika\u2026 <span class=\"read-more\"><a href=\"http:\/\/roczyny.edu.pl\/index.php\/2022\/05\/18\/informacja-na-temat-segregacji-zuzytych-olejow\/\">Czytaj dalej &raquo;<\/a><\/span><\/p>\n","protected":false},"author":4,"featured_media":805,"comment_status":"closed","ping_status":"closed","sticky":false,"template":"","format":"standard","meta":{"bgseo_title":"","bgseo_description":"","bgseo_robots_index":"index","bgseo_robots_follow":"follow"},"categories":[4,1,11,5],"tags":[],"_links":{"self":[{"href":"http:\/\/roczyny.edu.pl\/index.php\/wp-json\/wp\/v2\/posts\/2601"}],"collection":[{"href":"http:\/\/roczyny.edu.pl\/index.php\/wp-json\/wp\/v2\/posts"}],"about":[{"href":"http:\/\/roczyny.edu.pl\/index.php\/wp-json\/wp\/v2\/types\/post"}],"author":[{"embeddable":true,"href":"http:\/\/roczyny.edu.pl\/index.php\/wp-json\/wp\/v2\/users\/4"}],"replies":[{"embeddable":true,"href":"http:\/\/roczyny.edu.pl\/index.php\/wp-json\/wp\/v2\/comments?post=2601"}],"version-history":[{"count":1,"href":"http:\/\/roczyny.edu.pl\/index.php\/wp-json\/wp\/v2\/posts\/2601\/revisions"}],"predecessor-version":[{"id":2602,"href":"http:\/\/roczyny.edu.pl\/index.php\/wp-json\/wp\/v2\/posts\/2601\/revisions\/2602"}],"wp:featuredmedia":[{"embeddable":true,"href":"http:\/\/roczyny.edu.pl\/index.php\/wp-json\/wp\/v2\/media\/805"}],"wp:attachment":[{"href":"http:\/\/roczyny.edu.pl\/index.php\/wp-json\/wp\/v2\/media?parent=2601"}],"wp:term":[{"taxonomy":"category","embeddable":true,"href":"http:\/\/roczyny.edu.pl\/index.php\/wp-json\/wp\/v2\/categories?post=2601"},{"taxonomy":"post_tag","embeddable":true,"href":"http:\/\/roczyny.edu.pl\/index.php\/wp-json\/wp\/v2\/tags?post=2601"}],"curies":[{"name":"wp","href":"https:\/\/api.w.org\/{rel}","templated":true}]}}