{"id":2603,"date":"2022-05-18T19:44:15","date_gmt":"2022-05-18T17:44:15","guid":{"rendered":"http:\/\/roczyny.edu.pl\/?p=2603"},"modified":"2022-05-18T19:44:15","modified_gmt":"2022-05-18T17:44:15","slug":"pomozmy-przedszkolu-nr-3-w-andrychowie","status":"publish","type":"post","link":"http:\/\/roczyny.edu.pl\/index.php\/2022\/05\/18\/pomozmy-przedszkolu-nr-3-w-andrychowie\/","title":{"rendered":"Pom\u00f3\u017cmy Przedszkolu nr 3 w Andrychowie"},"content":{"rendered":"<p>Poni\u017cej zamieszczamy apel Pani Dyrektor Przedszkola nr 3 w Andrychowie z pro\u015bb\u0105 o wsparcie wspomnianej plac\u00f3wki w konkursie na fb.<\/p>\n<p>Dzie\u0144 dobry ,<\/p>\n<p>Szanowni Pa\u0144stwo<\/p>\n<p>Jako <strong>Przedszkole nr 3 w Andrychowie<\/strong> bierzemy udzia\u0142 w konkursie internetowym na stronie fb integracji sensorycznej. <u>Mamy mo\u017cliwo\u015b\u0107 wygrania specjalistycznego sprz\u0119tu do terapii integracji sensorycznej na kwot\u0119 17 tys. z\u0142. <\/u>\u00a0kt\u00f3ry usprawni rozw\u00f3j\u00a0 dzieci.<\/p>\n<p>Jak Pa\u0144stwo zapewne wiedz\u0105 nasze przedszkole jest przedszkolem integracyjnym, do kt\u00f3rego ucz\u0119szczaj\u0105\u00a0 m.in. dzieci niepe\u0142nosprawne oraz dzieci z r\u00f3\u017cnorakimi\u00a0 trudno\u015bciami <u>z ca\u0142ej Gminy Andrych\u00f3w.<\/u> Jeste\u015bmy <u>jedyn\u0105 tak\u0105\u00a0 plac\u00f3wk\u0105 publiczn\u0105<\/u> na terenie Gminy. Poza tym organizujemy zaj\u0119cie wczesnego wspomagania rozwoju dziecka od urodzenia do uko\u0144czenia edukacji przedszkolnej\u00a0 dla dzieci\u00a0 z naszej Gminy Andrych\u00f3w ( ok. 65 dzieci)<\/p>\n<p>Korzystaj\u0105c z uprzejmo\u015bci Dyrektora Szko\u0142y zwracamy si\u0119 do <strong>Pa\u0144stwa z pro\u015bb\u0105 o lajki\u00a0 b\u0105d\u017a\u00a0 serduszka pod ZDJ\u0118CIEM PRZEDSZKOLA NR 3 oraz o udost\u0119pnianie informacji o konkursie<\/strong> Pa\u0144stwa znajomym, m\u0142odzie\u017cy i zach\u0119cenie ich do udzia\u0142u w konkursie na rzecz naszych dzieci.\u00a0 Poni\u017cej przesy\u0142amy link do konkursu:<\/p>\n<p><a href=\"https:\/\/www.facebook.com\/integracjasensoryczna.info\/photos\/a.1571992956350783\/3083506201866110\/\">https:\/\/www.facebook.com\/integracjasensoryczna.info\/photos\/a.1571992956350783\/3083506201866110\/<\/a><\/p>\n<p>Ten ma\u0142y gest mo\u017ce zmieni\u0107 bardzo wiele. Ka\u017cdy g\u0142os si\u0119 liczy. <u>Prosimy o pomoc ca\u0142\u0105 spo\u0142eczno\u015b\u0107 szkoln\u0105<\/u>. G\u0142osowanie trwa do 15 czerwca 2022r<\/p>\n<p><strong>RAZEM MO\u017bEMY WI\u0118CEJ,<\/strong> <strong>RAZEM NAM SI\u0118 UDA<\/strong> a najwi\u0119cej zyskaj\u0105 dzieci.<\/p>\n<p>Ju\u017c teraz w naszym \u00a0i\u00a0 w ich imieniu dzi\u0119kujemy.<\/p>\n<p>Z powa\u017caniem Agnieszka Gwi\u017cd\u017c- Dyrektor Przedszkola Nr 3 w Andrychowie<\/p>\n<p>&nbsp;<\/p>\n<p>&nbsp;<\/p>\n","protected":false},"excerpt":{"rendered":"<p>Poni\u017cej zamieszczamy apel Pani Dyrektor Przedszkola nr 3 w Andrychowie z pro\u015bb\u0105 o wsparcie wspomnianej plac\u00f3wki w konkursie na fb. Dzie\u0144 dobry , Szanowni Pa\u0144stwo Jako Przedszkole nr 3 w Andrychowie bierzemy udzia\u0142 w konkursie internetowym na stronie fb integracji sensorycznej. Mamy mo\u017cliwo\u015b\u0107 wygrania specjalistycznego sprz\u0119tu do terapii integracji sensorycznej na kwot\u0119 17 tys. z\u0142.\u2026 <span class=\"read-more\"><a href=\"http:\/\/roczyny.edu.pl\/index.php\/2022\/05\/18\/pomozmy-przedszkolu-nr-3-w-andrychowie\/\">Czytaj dalej &raquo;<\/a><\/span><\/p>\n","protected":false},"author":4,"featured_media":805,"comment_status":"closed","ping_status":"closed","sticky":false,"template":"","format":"standard","meta":{"bgseo_title":"","bgseo_description":"","bgseo_robots_index":"index","bgseo_robots_follow":"follow"},"categories":[4,1,11,7,5],"tags":[],"_links":{"self":[{"href":"http:\/\/roczyny.edu.pl\/index.php\/wp-json\/wp\/v2\/posts\/2603"}],"collection":[{"href":"http:\/\/roczyny.edu.pl\/index.php\/wp-json\/wp\/v2\/posts"}],"about":[{"href":"http:\/\/roczyny.edu.pl\/index.php\/wp-json\/wp\/v2\/types\/post"}],"author":[{"embeddable":true,"href":"http:\/\/roczyny.edu.pl\/index.php\/wp-json\/wp\/v2\/users\/4"}],"replies":[{"embeddable":true,"href":"http:\/\/roczyny.edu.pl\/index.php\/wp-json\/wp\/v2\/comments?post=2603"}],"version-history":[{"count":1,"href":"http:\/\/roczyny.edu.pl\/index.php\/wp-json\/wp\/v2\/posts\/2603\/revisions"}],"predecessor-version":[{"id":2604,"href":"http:\/\/roczyny.edu.pl\/index.php\/wp-json\/wp\/v2\/posts\/2603\/revisions\/2604"}],"wp:featuredmedia":[{"embeddable":true,"href":"http:\/\/roczyny.edu.pl\/index.php\/wp-json\/wp\/v2\/media\/805"}],"wp:attachment":[{"href":"http:\/\/roczyny.edu.pl\/index.php\/wp-json\/wp\/v2\/media?parent=2603"}],"wp:term":[{"taxonomy":"category","embeddable":true,"href":"http:\/\/roczyny.edu.pl\/index.php\/wp-json\/wp\/v2\/categories?post=2603"},{"taxonomy":"post_tag","embeddable":true,"href":"http:\/\/roczyny.edu.pl\/index.php\/wp-json\/wp\/v2\/tags?post=2603"}],"curies":[{"name":"wp","href":"https:\/\/api.w.org\/{rel}","templated":true}]}}