{"id":3232,"date":"2022-06-21T08:06:35","date_gmt":"2022-06-21T06:06:35","guid":{"rendered":"http:\/\/roczyny.edu.pl\/?p=3232"},"modified":"2022-06-21T08:06:35","modified_gmt":"2022-06-21T06:06:35","slug":"konkurs-na-wakacyjna-pocztowke-rozstrzygniety","status":"publish","type":"post","link":"http:\/\/roczyny.edu.pl\/index.php\/2022\/06\/21\/konkurs-na-wakacyjna-pocztowke-rozstrzygniety\/","title":{"rendered":"Konkurs na ,,Wakacyjn\u0105 Poczt\u00f3wk\u0119&#8221; rozstrzygni\u0119ty"},"content":{"rendered":"<div>W \u015awietlicy Szkolnej odby\u0142o si\u0119 uroczyste rozdanie dyplom\u00f3w i nagr\u00f3d za szkolny konkurs na ,,Wakacyjn\u0105 Poczt\u00f3wk\u0119&#8221;.<\/div>\n<div><\/div>\n<div>I miejsce Zuzanna Chwierut kl.2b<\/div>\n<div>II miejsce Emilia Talar kl.2a<\/div>\n<div>III miejsce Dmytrii Shtopko kl.3b<\/div>\n<div><\/div>\n<div>Wyr\u00f3\u017cnienia:<\/div>\n<div>Laura Zator kl.3a<\/div>\n<div>Zuzanna Kosiec kl.1a<\/div>\n<div>Gabriela Smaza kl.2c<\/div>\n<div><\/div>\n<div><\/div>\n<div>Wszystkim uczestnikom dzi\u0119kujemy za pi\u0119kne prace, serdecznie gratulujemy laureatom i zapraszamy do udzia\u0142u w konkursie w przysz\u0142ym roku szkolnym.<\/div>\n<div>\u00a0\u00a0\u00a0\u00a0\u00a0\u00a0\u00a0\u00a0\u00a0\u00a0\u00a0\u00a0\u00a0\u00a0\u00a0\u00a0\u00a0\u00a0\u00a0\u00a0\u00a0\u00a0\u00a0\u00a0\u00a0\u00a0\u00a0\u00a0\u00a0\u00a0<wbr \/><\/div>\n<div>\u00a0\u00a0\u00a0\u00a0 Wychowawcy \u015awietlicy<\/div>\n<div><img loading=\"lazy\" class=\"alignnone size-medium wp-image-3231\" src=\"http:\/\/roczyny.edu.pl\/wp-content\/uploads\/2022\/06\/20220620_085419-225x300.jpg\" alt=\"\" width=\"225\" height=\"300\" srcset=\"http:\/\/roczyny.edu.pl\/wp-content\/uploads\/2022\/06\/20220620_085419-225x300.jpg 225w, http:\/\/roczyny.edu.pl\/wp-content\/uploads\/2022\/06\/20220620_085419-768x1024.jpg 768w, http:\/\/roczyny.edu.pl\/wp-content\/uploads\/2022\/06\/20220620_085419-1152x1536.jpg 1152w, http:\/\/roczyny.edu.pl\/wp-content\/uploads\/2022\/06\/20220620_085419-1536x2048.jpg 1536w, http:\/\/roczyny.edu.pl\/wp-content\/uploads\/2022\/06\/20220620_085419-660x880.jpg 660w, http:\/\/roczyny.edu.pl\/wp-content\/uploads\/2022\/06\/20220620_085419-250x333.jpg 250w, http:\/\/roczyny.edu.pl\/wp-content\/uploads\/2022\/06\/20220620_085419-550x733.jpg 550w, http:\/\/roczyny.edu.pl\/wp-content\/uploads\/2022\/06\/20220620_085419-800x1067.jpg 800w, http:\/\/roczyny.edu.pl\/wp-content\/uploads\/2022\/06\/20220620_085419-135x180.jpg 135w, http:\/\/roczyny.edu.pl\/wp-content\/uploads\/2022\/06\/20220620_085419-375x500.jpg 375w, http:\/\/roczyny.edu.pl\/wp-content\/uploads\/2022\/06\/20220620_085419-scaled.jpg 1920w\" sizes=\"(max-width: 225px) 100vw, 225px\" \/> <img loading=\"lazy\" class=\"alignnone size-medium wp-image-3230\" src=\"http:\/\/roczyny.edu.pl\/wp-content\/uploads\/2022\/06\/20220620_082606-225x300.jpg\" alt=\"\" width=\"225\" height=\"300\" srcset=\"http:\/\/roczyny.edu.pl\/wp-content\/uploads\/2022\/06\/20220620_082606-225x300.jpg 225w, http:\/\/roczyny.edu.pl\/wp-content\/uploads\/2022\/06\/20220620_082606-768x1024.jpg 768w, http:\/\/roczyny.edu.pl\/wp-content\/uploads\/2022\/06\/20220620_082606-1152x1536.jpg 1152w, http:\/\/roczyny.edu.pl\/wp-content\/uploads\/2022\/06\/20220620_082606-1536x2048.jpg 1536w, http:\/\/roczyny.edu.pl\/wp-content\/uploads\/2022\/06\/20220620_082606-660x880.jpg 660w, http:\/\/roczyny.edu.pl\/wp-content\/uploads\/2022\/06\/20220620_082606-250x333.jpg 250w, http:\/\/roczyny.edu.pl\/wp-content\/uploads\/2022\/06\/20220620_082606-550x733.jpg 550w, http:\/\/roczyny.edu.pl\/wp-content\/uploads\/2022\/06\/20220620_082606-800x1067.jpg 800w, http:\/\/roczyny.edu.pl\/wp-content\/uploads\/2022\/06\/20220620_082606-135x180.jpg 135w, http:\/\/roczyny.edu.pl\/wp-content\/uploads\/2022\/06\/20220620_082606-375x500.jpg 375w, http:\/\/roczyny.edu.pl\/wp-content\/uploads\/2022\/06\/20220620_082606-scaled.jpg 1920w\" sizes=\"(max-width: 225px) 100vw, 225px\" \/> <img loading=\"lazy\" class=\"alignnone size-medium wp-image-3229\" src=\"http:\/\/roczyny.edu.pl\/wp-content\/uploads\/2022\/06\/20220620_075722-225x300.jpg\" alt=\"\" width=\"225\" height=\"300\" srcset=\"http:\/\/roczyny.edu.pl\/wp-content\/uploads\/2022\/06\/20220620_075722-225x300.jpg 225w, http:\/\/roczyny.edu.pl\/wp-content\/uploads\/2022\/06\/20220620_075722-768x1024.jpg 768w, http:\/\/roczyny.edu.pl\/wp-content\/uploads\/2022\/06\/20220620_075722-1152x1536.jpg 1152w, http:\/\/roczyny.edu.pl\/wp-content\/uploads\/2022\/06\/20220620_075722-1536x2048.jpg 1536w, http:\/\/roczyny.edu.pl\/wp-content\/uploads\/2022\/06\/20220620_075722-660x880.jpg 660w, http:\/\/roczyny.edu.pl\/wp-content\/uploads\/2022\/06\/20220620_075722-250x333.jpg 250w, http:\/\/roczyny.edu.pl\/wp-content\/uploads\/2022\/06\/20220620_075722-550x733.jpg 550w, http:\/\/roczyny.edu.pl\/wp-content\/uploads\/2022\/06\/20220620_075722-800x1067.jpg 800w, http:\/\/roczyny.edu.pl\/wp-content\/uploads\/2022\/06\/20220620_075722-135x180.jpg 135w, http:\/\/roczyny.edu.pl\/wp-content\/uploads\/2022\/06\/20220620_075722-375x500.jpg 375w, http:\/\/roczyny.edu.pl\/wp-content\/uploads\/2022\/06\/20220620_075722-scaled.jpg 1920w\" sizes=\"(max-width: 225px) 100vw, 225px\" \/> <img loading=\"lazy\" class=\"alignnone size-medium wp-image-3228\" src=\"http:\/\/roczyny.edu.pl\/wp-content\/uploads\/2022\/06\/20220617_094951-138x300.jpg\" alt=\"\" width=\"138\" height=\"300\" srcset=\"http:\/\/roczyny.edu.pl\/wp-content\/uploads\/2022\/06\/20220617_094951-138x300.jpg 138w, http:\/\/roczyny.edu.pl\/wp-content\/uploads\/2022\/06\/20220617_094951-472x1024.jpg 472w, http:\/\/roczyny.edu.pl\/wp-content\/uploads\/2022\/06\/20220617_094951-768x1665.jpg 768w, http:\/\/roczyny.edu.pl\/wp-content\/uploads\/2022\/06\/20220617_094951-709x1536.jpg 709w, http:\/\/roczyny.edu.pl\/wp-content\/uploads\/2022\/06\/20220617_094951-945x2048.jpg 945w, http:\/\/roczyny.edu.pl\/wp-content\/uploads\/2022\/06\/20220617_094951-660x1431.jpg 660w, http:\/\/roczyny.edu.pl\/wp-content\/uploads\/2022\/06\/20220617_094951-250x542.jpg 250w, http:\/\/roczyny.edu.pl\/wp-content\/uploads\/2022\/06\/20220617_094951-550x1192.jpg 550w, http:\/\/roczyny.edu.pl\/wp-content\/uploads\/2022\/06\/20220617_094951-800x1734.jpg 800w, http:\/\/roczyny.edu.pl\/wp-content\/uploads\/2022\/06\/20220617_094951-83x180.jpg 83w, http:\/\/roczyny.edu.pl\/wp-content\/uploads\/2022\/06\/20220617_094951-231x500.jpg 231w, http:\/\/roczyny.edu.pl\/wp-content\/uploads\/2022\/06\/20220617_094951-scaled.jpg 1181w\" sizes=\"(max-width: 138px) 100vw, 138px\" \/> <img loading=\"lazy\" class=\"alignnone size-medium wp-image-3227\" src=\"http:\/\/roczyny.edu.pl\/wp-content\/uploads\/2022\/06\/20220617_094948-138x300.jpg\" alt=\"\" width=\"138\" height=\"300\" srcset=\"http:\/\/roczyny.edu.pl\/wp-content\/uploads\/2022\/06\/20220617_094948-138x300.jpg 138w, http:\/\/roczyny.edu.pl\/wp-content\/uploads\/2022\/06\/20220617_094948-472x1024.jpg 472w, http:\/\/roczyny.edu.pl\/wp-content\/uploads\/2022\/06\/20220617_094948-768x1665.jpg 768w, http:\/\/roczyny.edu.pl\/wp-content\/uploads\/2022\/06\/20220617_094948-709x1536.jpg 709w, http:\/\/roczyny.edu.pl\/wp-content\/uploads\/2022\/06\/20220617_094948-945x2048.jpg 945w, http:\/\/roczyny.edu.pl\/wp-content\/uploads\/2022\/06\/20220617_094948-660x1431.jpg 660w, http:\/\/roczyny.edu.pl\/wp-content\/uploads\/2022\/06\/20220617_094948-250x542.jpg 250w, http:\/\/roczyny.edu.pl\/wp-content\/uploads\/2022\/06\/20220617_094948-550x1192.jpg 550w, http:\/\/roczyny.edu.pl\/wp-content\/uploads\/2022\/06\/20220617_094948-800x1734.jpg 800w, http:\/\/roczyny.edu.pl\/wp-content\/uploads\/2022\/06\/20220617_094948-83x180.jpg 83w, http:\/\/roczyny.edu.pl\/wp-content\/uploads\/2022\/06\/20220617_094948-231x500.jpg 231w, http:\/\/roczyny.edu.pl\/wp-content\/uploads\/2022\/06\/20220617_094948-scaled.jpg 1181w\" sizes=\"(max-width: 138px) 100vw, 138px\" \/><\/div>\n","protected":false},"excerpt":{"rendered":"<p>W \u015awietlicy Szkolnej odby\u0142o si\u0119 uroczyste rozdanie dyplom\u00f3w i nagr\u00f3d za szkolny konkurs na ,,Wakacyjn\u0105 Poczt\u00f3wk\u0119&#8221;. I miejsce Zuzanna Chwierut kl.2b II miejsce Emilia Talar kl.2a III miejsce Dmytrii Shtopko kl.3b Wyr\u00f3\u017cnienia: Laura Zator kl.3a Zuzanna Kosiec kl.1a Gabriela Smaza kl.2c Wszystkim uczestnikom dzi\u0119kujemy za pi\u0119kne prace, serdecznie gratulujemy laureatom i zapraszamy do udzia\u0142u w\u2026 <span class=\"read-more\"><a href=\"http:\/\/roczyny.edu.pl\/index.php\/2022\/06\/21\/konkurs-na-wakacyjna-pocztowke-rozstrzygniety\/\">Czytaj dalej &raquo;<\/a><\/span><\/p>\n","protected":false},"author":4,"featured_media":3227,"comment_status":"closed","ping_status":"closed","sticky":false,"template":"","format":"standard","meta":{"bgseo_title":"","bgseo_description":"","bgseo_robots_index":"index","bgseo_robots_follow":"follow"},"categories":[4,1,7,9,5,8],"tags":[],"_links":{"self":[{"href":"http:\/\/roczyny.edu.pl\/index.php\/wp-json\/wp\/v2\/posts\/3232"}],"collection":[{"href":"http:\/\/roczyny.edu.pl\/index.php\/wp-json\/wp\/v2\/posts"}],"about":[{"href":"http:\/\/roczyny.edu.pl\/index.php\/wp-json\/wp\/v2\/types\/post"}],"author":[{"embeddable":true,"href":"http:\/\/roczyny.edu.pl\/index.php\/wp-json\/wp\/v2\/users\/4"}],"replies":[{"embeddable":true,"href":"http:\/\/roczyny.edu.pl\/index.php\/wp-json\/wp\/v2\/comments?post=3232"}],"version-history":[{"count":1,"href":"http:\/\/roczyny.edu.pl\/index.php\/wp-json\/wp\/v2\/posts\/3232\/revisions"}],"predecessor-version":[{"id":3233,"href":"http:\/\/roczyny.edu.pl\/index.php\/wp-json\/wp\/v2\/posts\/3232\/revisions\/3233"}],"wp:featuredmedia":[{"embeddable":true,"href":"http:\/\/roczyny.edu.pl\/index.php\/wp-json\/wp\/v2\/media\/3227"}],"wp:attachment":[{"href":"http:\/\/roczyny.edu.pl\/index.php\/wp-json\/wp\/v2\/media?parent=3232"}],"wp:term":[{"taxonomy":"category","embeddable":true,"href":"http:\/\/roczyny.edu.pl\/index.php\/wp-json\/wp\/v2\/categories?post=3232"},{"taxonomy":"post_tag","embeddable":true,"href":"http:\/\/roczyny.edu.pl\/index.php\/wp-json\/wp\/v2\/tags?post=3232"}],"curies":[{"name":"wp","href":"https:\/\/api.w.org\/{rel}","templated":true}]}}