{"id":3248,"date":"2022-06-21T19:46:13","date_gmt":"2022-06-21T17:46:13","guid":{"rendered":"http:\/\/roczyny.edu.pl\/?p=3248"},"modified":"2022-06-21T19:48:32","modified_gmt":"2022-06-21T17:48:32","slug":"zakonczenie-roku-szkolnego-2021-2022-w-swietlicy-szkolnej","status":"publish","type":"post","link":"http:\/\/roczyny.edu.pl\/index.php\/2022\/06\/21\/zakonczenie-roku-szkolnego-2021-2022-w-swietlicy-szkolnej\/","title":{"rendered":"Zako\u0144czenie roku szkolnego 2021\/2022 w \u015bwietlicy szkolnej"},"content":{"rendered":"<p>W dniu 21.06.2022r. odby\u0142o si\u0119 uroczyste zako\u0144czenie zaj\u0119\u0107 w \u015bwietlicy. Po weso\u0142ej zabawie, s\u0142odkim pocz\u0119stunku nasta\u0142 czas \u017cycze\u0144: ,,Spokojnych, weso\u0142ych, udanych wakacji i niezapomnianych wra\u017ce\u0144&#8221; \u017cycz\u0105 wychowawcy \u015bwietlicy.<\/p>\n<p>Do zobaczenia we wrze\u015bniu!<\/p>\n<p><img loading=\"lazy\" class=\"size-medium wp-image-3247 aligncenter\" src=\"http:\/\/roczyny.edu.pl\/wp-content\/uploads\/2022\/06\/20220621_152949-300x225.jpg\" alt=\"\" width=\"300\" height=\"225\" srcset=\"http:\/\/roczyny.edu.pl\/wp-content\/uploads\/2022\/06\/20220621_152949-300x225.jpg 300w, http:\/\/roczyny.edu.pl\/wp-content\/uploads\/2022\/06\/20220621_152949-1024x768.jpg 1024w, http:\/\/roczyny.edu.pl\/wp-content\/uploads\/2022\/06\/20220621_152949-768x576.jpg 768w, http:\/\/roczyny.edu.pl\/wp-content\/uploads\/2022\/06\/20220621_152949-1536x1152.jpg 1536w, http:\/\/roczyny.edu.pl\/wp-content\/uploads\/2022\/06\/20220621_152949-2048x1536.jpg 2048w, http:\/\/roczyny.edu.pl\/wp-content\/uploads\/2022\/06\/20220621_152949-660x495.jpg 660w, http:\/\/roczyny.edu.pl\/wp-content\/uploads\/2022\/06\/20220621_152949-250x188.jpg 250w, http:\/\/roczyny.edu.pl\/wp-content\/uploads\/2022\/06\/20220621_152949-550x413.jpg 550w, http:\/\/roczyny.edu.pl\/wp-content\/uploads\/2022\/06\/20220621_152949-800x600.jpg 800w, http:\/\/roczyny.edu.pl\/wp-content\/uploads\/2022\/06\/20220621_152949-240x180.jpg 240w, http:\/\/roczyny.edu.pl\/wp-content\/uploads\/2022\/06\/20220621_152949-400x300.jpg 400w, http:\/\/roczyny.edu.pl\/wp-content\/uploads\/2022\/06\/20220621_152949-667x500.jpg 667w\" sizes=\"(max-width: 300px) 100vw, 300px\" \/><\/p>\n<p><img loading=\"lazy\" class=\"size-medium wp-image-3246 aligncenter\" src=\"http:\/\/roczyny.edu.pl\/wp-content\/uploads\/2022\/06\/20220621_130049-300x225.jpg\" alt=\"\" width=\"300\" height=\"225\" srcset=\"http:\/\/roczyny.edu.pl\/wp-content\/uploads\/2022\/06\/20220621_130049-300x225.jpg 300w, http:\/\/roczyny.edu.pl\/wp-content\/uploads\/2022\/06\/20220621_130049-1024x768.jpg 1024w, http:\/\/roczyny.edu.pl\/wp-content\/uploads\/2022\/06\/20220621_130049-768x576.jpg 768w, http:\/\/roczyny.edu.pl\/wp-content\/uploads\/2022\/06\/20220621_130049-1536x1152.jpg 1536w, http:\/\/roczyny.edu.pl\/wp-content\/uploads\/2022\/06\/20220621_130049-2048x1536.jpg 2048w, http:\/\/roczyny.edu.pl\/wp-content\/uploads\/2022\/06\/20220621_130049-660x495.jpg 660w, http:\/\/roczyny.edu.pl\/wp-content\/uploads\/2022\/06\/20220621_130049-250x188.jpg 250w, http:\/\/roczyny.edu.pl\/wp-content\/uploads\/2022\/06\/20220621_130049-550x413.jpg 550w, http:\/\/roczyny.edu.pl\/wp-content\/uploads\/2022\/06\/20220621_130049-800x600.jpg 800w, http:\/\/roczyny.edu.pl\/wp-content\/uploads\/2022\/06\/20220621_130049-240x180.jpg 240w, http:\/\/roczyny.edu.pl\/wp-content\/uploads\/2022\/06\/20220621_130049-400x300.jpg 400w, http:\/\/roczyny.edu.pl\/wp-content\/uploads\/2022\/06\/20220621_130049-667x500.jpg 667w\" sizes=\"(max-width: 300px) 100vw, 300px\" \/><\/p>\n","protected":false},"excerpt":{"rendered":"<p>W dniu 21.06.2022r. odby\u0142o si\u0119 uroczyste zako\u0144czenie zaj\u0119\u0107 w \u015bwietlicy. Po weso\u0142ej zabawie, s\u0142odkim pocz\u0119stunku nasta\u0142 czas \u017cycze\u0144: ,,Spokojnych, weso\u0142ych, udanych wakacji i niezapomnianych wra\u017ce\u0144&#8221; \u017cycz\u0105 wychowawcy \u015bwietlicy. Do zobaczenia we wrze\u015bniu!<\/p>\n","protected":false},"author":4,"featured_media":3246,"comment_status":"closed","ping_status":"closed","sticky":false,"template":"","format":"standard","meta":{"bgseo_title":"","bgseo_description":"","bgseo_robots_index":"index","bgseo_robots_follow":"follow"},"categories":[4,1,7,9,5,8],"tags":[],"_links":{"self":[{"href":"http:\/\/roczyny.edu.pl\/index.php\/wp-json\/wp\/v2\/posts\/3248"}],"collection":[{"href":"http:\/\/roczyny.edu.pl\/index.php\/wp-json\/wp\/v2\/posts"}],"about":[{"href":"http:\/\/roczyny.edu.pl\/index.php\/wp-json\/wp\/v2\/types\/post"}],"author":[{"embeddable":true,"href":"http:\/\/roczyny.edu.pl\/index.php\/wp-json\/wp\/v2\/users\/4"}],"replies":[{"embeddable":true,"href":"http:\/\/roczyny.edu.pl\/index.php\/wp-json\/wp\/v2\/comments?post=3248"}],"version-history":[{"count":2,"href":"http:\/\/roczyny.edu.pl\/index.php\/wp-json\/wp\/v2\/posts\/3248\/revisions"}],"predecessor-version":[{"id":3251,"href":"http:\/\/roczyny.edu.pl\/index.php\/wp-json\/wp\/v2\/posts\/3248\/revisions\/3251"}],"wp:featuredmedia":[{"embeddable":true,"href":"http:\/\/roczyny.edu.pl\/index.php\/wp-json\/wp\/v2\/media\/3246"}],"wp:attachment":[{"href":"http:\/\/roczyny.edu.pl\/index.php\/wp-json\/wp\/v2\/media?parent=3248"}],"wp:term":[{"taxonomy":"category","embeddable":true,"href":"http:\/\/roczyny.edu.pl\/index.php\/wp-json\/wp\/v2\/categories?post=3248"},{"taxonomy":"post_tag","embeddable":true,"href":"http:\/\/roczyny.edu.pl\/index.php\/wp-json\/wp\/v2\/tags?post=3248"}],"curies":[{"name":"wp","href":"https:\/\/api.w.org\/{rel}","templated":true}]}}