{"id":3253,"date":"2022-06-21T21:48:47","date_gmt":"2022-06-21T19:48:47","guid":{"rendered":"http:\/\/roczyny.edu.pl\/?p=3253"},"modified":"2022-06-21T21:48:47","modified_gmt":"2022-06-21T19:48:47","slug":"organizacja-zakonczenia-roku-szkolnego-2021-2022","status":"publish","type":"post","link":"http:\/\/roczyny.edu.pl\/index.php\/2022\/06\/21\/organizacja-zakonczenia-roku-szkolnego-2021-2022\/","title":{"rendered":"Organizacja zako\u0144czenia roku szkolnego 2021\/2022"},"content":{"rendered":"<p><u><img loading=\"lazy\" class=\" wp-image-3254 alignright\" src=\"http:\/\/roczyny.edu.pl\/wp-content\/uploads\/2022\/06\/zakonczenie-roku-szkolnego-300x200.jpg\" alt=\"\" width=\"326\" height=\"217\" srcset=\"http:\/\/roczyny.edu.pl\/wp-content\/uploads\/2022\/06\/zakonczenie-roku-szkolnego-300x200.jpg 300w, http:\/\/roczyny.edu.pl\/wp-content\/uploads\/2022\/06\/zakonczenie-roku-szkolnego-768x512.jpg 768w, http:\/\/roczyny.edu.pl\/wp-content\/uploads\/2022\/06\/zakonczenie-roku-szkolnego-660x440.jpg 660w, http:\/\/roczyny.edu.pl\/wp-content\/uploads\/2022\/06\/zakonczenie-roku-szkolnego-250x167.jpg 250w, http:\/\/roczyny.edu.pl\/wp-content\/uploads\/2022\/06\/zakonczenie-roku-szkolnego-550x367.jpg 550w, http:\/\/roczyny.edu.pl\/wp-content\/uploads\/2022\/06\/zakonczenie-roku-szkolnego-800x534.jpg 800w, http:\/\/roczyny.edu.pl\/wp-content\/uploads\/2022\/06\/zakonczenie-roku-szkolnego-270x180.jpg 270w, http:\/\/roczyny.edu.pl\/wp-content\/uploads\/2022\/06\/zakonczenie-roku-szkolnego-450x300.jpg 450w, http:\/\/roczyny.edu.pl\/wp-content\/uploads\/2022\/06\/zakonczenie-roku-szkolnego-750x500.jpg 750w, http:\/\/roczyny.edu.pl\/wp-content\/uploads\/2022\/06\/zakonczenie-roku-szkolnego-272x182.jpg 272w, http:\/\/roczyny.edu.pl\/wp-content\/uploads\/2022\/06\/zakonczenie-roku-szkolnego.jpg 1024w\" sizes=\"(max-width: 326px) 100vw, 326px\" \/><\/u><\/p>\n<p>Dnia\u00a0<strong>23.06.2022 r<\/strong>.\u00a0<strong>(czwartek) o godz. 17.00<\/strong>\u00a0\u00a0odb\u0119dzie si\u0119 Uroczysto\u015b\u0107 Po\u017cegnania Szko\u0142y przez uczni\u00f3w klas VIII. \u015awiadectwa Uko\u0144czenia Szko\u0142y zostan\u0105 rozdane w pi\u0105tek\u00a0\u00a024.06.2022 r. \/spotkanie z wychowawc\u0105 w klasie\/.<\/p>\n<p>Dnia<strong>\u00a024.06.2022 r. (pi\u0105tek)\u00a0<\/strong>odb\u0119dzie si\u0119 uroczyste zako\u0144czenie roku szkolnego 2021\/2022 dla uczni\u00f3w klas I- VII w nast\u0119puj\u0105cym porz\u0105dku:<\/p>\n<p>8.00-\u00a0\u00a0Uroczyste zako\u0144czenie roku szkolnego 2021\/2022 w sali gimnastycznej dla uczni\u00f3w klas I- III<\/p>\n<p>9.00- Msza \u015awi\u0119ta w ko\u015bciele parafialnym \u015aw. Urbana w Roczynach<\/p>\n<p>10.00- Uroczyste zako\u0144czenie roku szkolnego 2021\/2022 w sali gimnastycznej dla uczni\u00f3w klas IV-VII<\/p>\n","protected":false},"excerpt":{"rendered":"<p>Dnia\u00a023.06.2022 r.\u00a0(czwartek) o godz. 17.00\u00a0\u00a0odb\u0119dzie si\u0119 Uroczysto\u015b\u0107 Po\u017cegnania Szko\u0142y przez uczni\u00f3w klas VIII. \u015awiadectwa Uko\u0144czenia Szko\u0142y zostan\u0105 rozdane w pi\u0105tek\u00a0\u00a024.06.2022 r. \/spotkanie z wychowawc\u0105 w klasie\/. Dnia\u00a024.06.2022 r. (pi\u0105tek)\u00a0odb\u0119dzie si\u0119 uroczyste zako\u0144czenie roku szkolnego 2021\/2022 dla uczni\u00f3w klas I- VII w nast\u0119puj\u0105cym porz\u0105dku: 8.00-\u00a0\u00a0Uroczyste zako\u0144czenie roku szkolnego 2021\/2022 w sali gimnastycznej dla uczni\u00f3w klas I-\u2026 <span class=\"read-more\"><a href=\"http:\/\/roczyny.edu.pl\/index.php\/2022\/06\/21\/organizacja-zakonczenia-roku-szkolnego-2021-2022\/\">Czytaj dalej &raquo;<\/a><\/span><\/p>\n","protected":false},"author":5,"featured_media":3254,"comment_status":"closed","ping_status":"closed","sticky":false,"template":"","format":"standard","meta":{"bgseo_title":"","bgseo_description":"","bgseo_robots_index":"index","bgseo_robots_follow":"follow"},"categories":[4,1,12,11,7,9,5,8],"tags":[],"_links":{"self":[{"href":"http:\/\/roczyny.edu.pl\/index.php\/wp-json\/wp\/v2\/posts\/3253"}],"collection":[{"href":"http:\/\/roczyny.edu.pl\/index.php\/wp-json\/wp\/v2\/posts"}],"about":[{"href":"http:\/\/roczyny.edu.pl\/index.php\/wp-json\/wp\/v2\/types\/post"}],"author":[{"embeddable":true,"href":"http:\/\/roczyny.edu.pl\/index.php\/wp-json\/wp\/v2\/users\/5"}],"replies":[{"embeddable":true,"href":"http:\/\/roczyny.edu.pl\/index.php\/wp-json\/wp\/v2\/comments?post=3253"}],"version-history":[{"count":1,"href":"http:\/\/roczyny.edu.pl\/index.php\/wp-json\/wp\/v2\/posts\/3253\/revisions"}],"predecessor-version":[{"id":3255,"href":"http:\/\/roczyny.edu.pl\/index.php\/wp-json\/wp\/v2\/posts\/3253\/revisions\/3255"}],"wp:featuredmedia":[{"embeddable":true,"href":"http:\/\/roczyny.edu.pl\/index.php\/wp-json\/wp\/v2\/media\/3254"}],"wp:attachment":[{"href":"http:\/\/roczyny.edu.pl\/index.php\/wp-json\/wp\/v2\/media?parent=3253"}],"wp:term":[{"taxonomy":"category","embeddable":true,"href":"http:\/\/roczyny.edu.pl\/index.php\/wp-json\/wp\/v2\/categories?post=3253"},{"taxonomy":"post_tag","embeddable":true,"href":"http:\/\/roczyny.edu.pl\/index.php\/wp-json\/wp\/v2\/tags?post=3253"}],"curies":[{"name":"wp","href":"https:\/\/api.w.org\/{rel}","templated":true}]}}