{"id":3262,"date":"2022-06-22T16:56:08","date_gmt":"2022-06-22T14:56:08","guid":{"rendered":"http:\/\/roczyny.edu.pl\/?p=3262"},"modified":"2022-06-22T16:56:08","modified_gmt":"2022-06-22T14:56:08","slug":"nagrodzeni-w-gminnym-konkursie-literackim-ekologiczne-rozwiazania-w-mojej-gminie-list-oficjalny-pod-patronatem-burmistrza-andrychowa","status":"publish","type":"post","link":"http:\/\/roczyny.edu.pl\/index.php\/2022\/06\/22\/nagrodzeni-w-gminnym-konkursie-literackim-ekologiczne-rozwiazania-w-mojej-gminie-list-oficjalny-pod-patronatem-burmistrza-andrychowa\/","title":{"rendered":"Nagrodzeni w Gminnym Konkursie Literackim \u201e EKOLOGICZNE ROZWI\u0104ZANIA W MOJEJ GMINIE \u2013 LIST OFICJALNY\u201d POD PATRONATEM BURMISTRZA ANDRYCHOWA"},"content":{"rendered":"<p>Nasi uczniowie zaznaczyli sw\u00f3j udzia\u0142 w gminnym konkursie literackim, pisz\u0105c list otwarty do burmistrza Andrychowa o tematyce dotycz\u0105cej rozwi\u0105za\u0144 ekologicznych w naszej gminie. Franciszek Babi\u0144ski z klasy 7a zaj\u0105\u0142 I miejsce, a Bartosz Sordyl z klasy 5b zdoby\u0142 II miejsce.<\/p>\n<p>Gratulujemy sprawno\u015bci j\u0119zykowej, argumentowania i pomys\u0142owych ekorozwi\u0105za\u0144.<br \/>\nW Radiu Andrych\u00f3w mo\u017cna pos\u0142ucha\u0107 wywiadu z naszymi uczniami.<\/p>\n<p><img loading=\"lazy\" class=\"alignnone size-medium wp-image-3260\" src=\"http:\/\/roczyny.edu.pl\/wp-content\/uploads\/2022\/06\/20220622_101807-300x300.jpg\" alt=\"\" width=\"300\" height=\"300\" srcset=\"http:\/\/roczyny.edu.pl\/wp-content\/uploads\/2022\/06\/20220622_101807-300x300.jpg 300w, http:\/\/roczyny.edu.pl\/wp-content\/uploads\/2022\/06\/20220622_101807-1024x1024.jpg 1024w, http:\/\/roczyny.edu.pl\/wp-content\/uploads\/2022\/06\/20220622_101807-150x150.jpg 150w, http:\/\/roczyny.edu.pl\/wp-content\/uploads\/2022\/06\/20220622_101807-768x768.jpg 768w, http:\/\/roczyny.edu.pl\/wp-content\/uploads\/2022\/06\/20220622_101807-1536x1536.jpg 1536w, http:\/\/roczyny.edu.pl\/wp-content\/uploads\/2022\/06\/20220622_101807-2048x2048.jpg 2048w, http:\/\/roczyny.edu.pl\/wp-content\/uploads\/2022\/06\/20220622_101807-660x660.jpg 660w, http:\/\/roczyny.edu.pl\/wp-content\/uploads\/2022\/06\/20220622_101807-48x48.jpg 48w, http:\/\/roczyny.edu.pl\/wp-content\/uploads\/2022\/06\/20220622_101807-250x250.jpg 250w, http:\/\/roczyny.edu.pl\/wp-content\/uploads\/2022\/06\/20220622_101807-550x550.jpg 550w, http:\/\/roczyny.edu.pl\/wp-content\/uploads\/2022\/06\/20220622_101807-800x800.jpg 800w, http:\/\/roczyny.edu.pl\/wp-content\/uploads\/2022\/06\/20220622_101807-180x180.jpg 180w, http:\/\/roczyny.edu.pl\/wp-content\/uploads\/2022\/06\/20220622_101807-500x500.jpg 500w\" sizes=\"(max-width: 300px) 100vw, 300px\" \/> <img loading=\"lazy\" class=\"alignnone size-medium wp-image-3259\" src=\"http:\/\/roczyny.edu.pl\/wp-content\/uploads\/2022\/06\/20220622_101759-300x300.jpg\" alt=\"\" width=\"300\" height=\"300\" srcset=\"http:\/\/roczyny.edu.pl\/wp-content\/uploads\/2022\/06\/20220622_101759-300x300.jpg 300w, http:\/\/roczyny.edu.pl\/wp-content\/uploads\/2022\/06\/20220622_101759-1024x1024.jpg 1024w, http:\/\/roczyny.edu.pl\/wp-content\/uploads\/2022\/06\/20220622_101759-150x150.jpg 150w, http:\/\/roczyny.edu.pl\/wp-content\/uploads\/2022\/06\/20220622_101759-768x768.jpg 768w, http:\/\/roczyny.edu.pl\/wp-content\/uploads\/2022\/06\/20220622_101759-1536x1536.jpg 1536w, http:\/\/roczyny.edu.pl\/wp-content\/uploads\/2022\/06\/20220622_101759-2048x2048.jpg 2048w, http:\/\/roczyny.edu.pl\/wp-content\/uploads\/2022\/06\/20220622_101759-660x660.jpg 660w, http:\/\/roczyny.edu.pl\/wp-content\/uploads\/2022\/06\/20220622_101759-48x48.jpg 48w, http:\/\/roczyny.edu.pl\/wp-content\/uploads\/2022\/06\/20220622_101759-250x250.jpg 250w, http:\/\/roczyny.edu.pl\/wp-content\/uploads\/2022\/06\/20220622_101759-550x550.jpg 550w, http:\/\/roczyny.edu.pl\/wp-content\/uploads\/2022\/06\/20220622_101759-800x800.jpg 800w, http:\/\/roczyny.edu.pl\/wp-content\/uploads\/2022\/06\/20220622_101759-180x180.jpg 180w, http:\/\/roczyny.edu.pl\/wp-content\/uploads\/2022\/06\/20220622_101759-500x500.jpg 500w\" sizes=\"(max-width: 300px) 100vw, 300px\" \/> <img loading=\"lazy\" class=\"alignnone size-medium wp-image-3258\" src=\"http:\/\/roczyny.edu.pl\/wp-content\/uploads\/2022\/06\/20220622_101659-300x300.jpg\" alt=\"\" width=\"300\" height=\"300\" srcset=\"http:\/\/roczyny.edu.pl\/wp-content\/uploads\/2022\/06\/20220622_101659-300x300.jpg 300w, http:\/\/roczyny.edu.pl\/wp-content\/uploads\/2022\/06\/20220622_101659-1024x1024.jpg 1024w, http:\/\/roczyny.edu.pl\/wp-content\/uploads\/2022\/06\/20220622_101659-150x150.jpg 150w, http:\/\/roczyny.edu.pl\/wp-content\/uploads\/2022\/06\/20220622_101659-768x768.jpg 768w, http:\/\/roczyny.edu.pl\/wp-content\/uploads\/2022\/06\/20220622_101659-1536x1536.jpg 1536w, http:\/\/roczyny.edu.pl\/wp-content\/uploads\/2022\/06\/20220622_101659-2048x2048.jpg 2048w, http:\/\/roczyny.edu.pl\/wp-content\/uploads\/2022\/06\/20220622_101659-660x660.jpg 660w, http:\/\/roczyny.edu.pl\/wp-content\/uploads\/2022\/06\/20220622_101659-48x48.jpg 48w, http:\/\/roczyny.edu.pl\/wp-content\/uploads\/2022\/06\/20220622_101659-250x250.jpg 250w, http:\/\/roczyny.edu.pl\/wp-content\/uploads\/2022\/06\/20220622_101659-550x550.jpg 550w, http:\/\/roczyny.edu.pl\/wp-content\/uploads\/2022\/06\/20220622_101659-800x800.jpg 800w, http:\/\/roczyny.edu.pl\/wp-content\/uploads\/2022\/06\/20220622_101659-180x180.jpg 180w, http:\/\/roczyny.edu.pl\/wp-content\/uploads\/2022\/06\/20220622_101659-500x500.jpg 500w\" sizes=\"(max-width: 300px) 100vw, 300px\" \/> <img loading=\"lazy\" class=\"alignnone size-medium wp-image-3257\" src=\"http:\/\/roczyny.edu.pl\/wp-content\/uploads\/2022\/06\/20220622_101655-300x300.jpg\" alt=\"\" width=\"300\" height=\"300\" srcset=\"http:\/\/roczyny.edu.pl\/wp-content\/uploads\/2022\/06\/20220622_101655-300x300.jpg 300w, http:\/\/roczyny.edu.pl\/wp-content\/uploads\/2022\/06\/20220622_101655-1024x1024.jpg 1024w, http:\/\/roczyny.edu.pl\/wp-content\/uploads\/2022\/06\/20220622_101655-150x150.jpg 150w, http:\/\/roczyny.edu.pl\/wp-content\/uploads\/2022\/06\/20220622_101655-768x768.jpg 768w, http:\/\/roczyny.edu.pl\/wp-content\/uploads\/2022\/06\/20220622_101655-1536x1536.jpg 1536w, http:\/\/roczyny.edu.pl\/wp-content\/uploads\/2022\/06\/20220622_101655-2048x2048.jpg 2048w, http:\/\/roczyny.edu.pl\/wp-content\/uploads\/2022\/06\/20220622_101655-660x660.jpg 660w, http:\/\/roczyny.edu.pl\/wp-content\/uploads\/2022\/06\/20220622_101655-48x48.jpg 48w, http:\/\/roczyny.edu.pl\/wp-content\/uploads\/2022\/06\/20220622_101655-250x250.jpg 250w, http:\/\/roczyny.edu.pl\/wp-content\/uploads\/2022\/06\/20220622_101655-550x550.jpg 550w, http:\/\/roczyny.edu.pl\/wp-content\/uploads\/2022\/06\/20220622_101655-800x800.jpg 800w, http:\/\/roczyny.edu.pl\/wp-content\/uploads\/2022\/06\/20220622_101655-180x180.jpg 180w, http:\/\/roczyny.edu.pl\/wp-content\/uploads\/2022\/06\/20220622_101655-500x500.jpg 500w\" sizes=\"(max-width: 300px) 100vw, 300px\" \/> <img loading=\"lazy\" class=\"alignnone size-medium wp-image-3256\" src=\"http:\/\/roczyny.edu.pl\/wp-content\/uploads\/2022\/06\/20220622_100949-300x300.jpg\" alt=\"\" width=\"300\" height=\"300\" srcset=\"http:\/\/roczyny.edu.pl\/wp-content\/uploads\/2022\/06\/20220622_100949-300x300.jpg 300w, http:\/\/roczyny.edu.pl\/wp-content\/uploads\/2022\/06\/20220622_100949-1024x1024.jpg 1024w, http:\/\/roczyny.edu.pl\/wp-content\/uploads\/2022\/06\/20220622_100949-150x150.jpg 150w, http:\/\/roczyny.edu.pl\/wp-content\/uploads\/2022\/06\/20220622_100949-768x768.jpg 768w, http:\/\/roczyny.edu.pl\/wp-content\/uploads\/2022\/06\/20220622_100949-1536x1536.jpg 1536w, http:\/\/roczyny.edu.pl\/wp-content\/uploads\/2022\/06\/20220622_100949-2048x2048.jpg 2048w, http:\/\/roczyny.edu.pl\/wp-content\/uploads\/2022\/06\/20220622_100949-660x660.jpg 660w, http:\/\/roczyny.edu.pl\/wp-content\/uploads\/2022\/06\/20220622_100949-48x48.jpg 48w, http:\/\/roczyny.edu.pl\/wp-content\/uploads\/2022\/06\/20220622_100949-250x250.jpg 250w, http:\/\/roczyny.edu.pl\/wp-content\/uploads\/2022\/06\/20220622_100949-550x550.jpg 550w, http:\/\/roczyny.edu.pl\/wp-content\/uploads\/2022\/06\/20220622_100949-800x800.jpg 800w, http:\/\/roczyny.edu.pl\/wp-content\/uploads\/2022\/06\/20220622_100949-180x180.jpg 180w, http:\/\/roczyny.edu.pl\/wp-content\/uploads\/2022\/06\/20220622_100949-500x500.jpg 500w\" sizes=\"(max-width: 300px) 100vw, 300px\" \/><\/p>\n","protected":false},"excerpt":{"rendered":"<p>Nasi uczniowie zaznaczyli sw\u00f3j udzia\u0142 w gminnym konkursie literackim, pisz\u0105c list otwarty do burmistrza Andrychowa o tematyce dotycz\u0105cej rozwi\u0105za\u0144 ekologicznych w naszej gminie. Franciszek Babi\u0144ski z klasy 7a zaj\u0105\u0142 I miejsce, a Bartosz Sordyl z klasy 5b zdoby\u0142 II miejsce. Gratulujemy sprawno\u015bci j\u0119zykowej, argumentowania i pomys\u0142owych ekorozwi\u0105za\u0144. W Radiu Andrych\u00f3w mo\u017cna pos\u0142ucha\u0107 wywiadu z naszymi\u2026 <span class=\"read-more\"><a href=\"http:\/\/roczyny.edu.pl\/index.php\/2022\/06\/22\/nagrodzeni-w-gminnym-konkursie-literackim-ekologiczne-rozwiazania-w-mojej-gminie-list-oficjalny-pod-patronatem-burmistrza-andrychowa\/\">Czytaj dalej &raquo;<\/a><\/span><\/p>\n","protected":false},"author":4,"featured_media":3259,"comment_status":"closed","ping_status":"closed","sticky":false,"template":"","format":"standard","meta":{"bgseo_title":"","bgseo_description":"","bgseo_robots_index":"index","bgseo_robots_follow":"follow"},"categories":[4,1,7,5,8],"tags":[],"_links":{"self":[{"href":"http:\/\/roczyny.edu.pl\/index.php\/wp-json\/wp\/v2\/posts\/3262"}],"collection":[{"href":"http:\/\/roczyny.edu.pl\/index.php\/wp-json\/wp\/v2\/posts"}],"about":[{"href":"http:\/\/roczyny.edu.pl\/index.php\/wp-json\/wp\/v2\/types\/post"}],"author":[{"embeddable":true,"href":"http:\/\/roczyny.edu.pl\/index.php\/wp-json\/wp\/v2\/users\/4"}],"replies":[{"embeddable":true,"href":"http:\/\/roczyny.edu.pl\/index.php\/wp-json\/wp\/v2\/comments?post=3262"}],"version-history":[{"count":1,"href":"http:\/\/roczyny.edu.pl\/index.php\/wp-json\/wp\/v2\/posts\/3262\/revisions"}],"predecessor-version":[{"id":3263,"href":"http:\/\/roczyny.edu.pl\/index.php\/wp-json\/wp\/v2\/posts\/3262\/revisions\/3263"}],"wp:featuredmedia":[{"embeddable":true,"href":"http:\/\/roczyny.edu.pl\/index.php\/wp-json\/wp\/v2\/media\/3259"}],"wp:attachment":[{"href":"http:\/\/roczyny.edu.pl\/index.php\/wp-json\/wp\/v2\/media?parent=3262"}],"wp:term":[{"taxonomy":"category","embeddable":true,"href":"http:\/\/roczyny.edu.pl\/index.php\/wp-json\/wp\/v2\/categories?post=3262"},{"taxonomy":"post_tag","embeddable":true,"href":"http:\/\/roczyny.edu.pl\/index.php\/wp-json\/wp\/v2\/tags?post=3262"}],"curies":[{"name":"wp","href":"https:\/\/api.w.org\/{rel}","templated":true}]}}