{"id":3575,"date":"2022-09-13T21:09:43","date_gmt":"2022-09-13T19:09:43","guid":{"rendered":"http:\/\/roczyny.edu.pl\/?p=3575"},"modified":"2022-09-13T22:19:51","modified_gmt":"2022-09-13T20:19:51","slug":"zebrania-z-rodzicami-w-przedszkolu-2","status":"publish","type":"post","link":"http:\/\/roczyny.edu.pl\/index.php\/2022\/09\/13\/zebrania-z-rodzicami-w-przedszkolu-2\/","title":{"rendered":"Zebrania z rodzicami w przedszkolu"},"content":{"rendered":"<p>Drodzy Rodzice!<br \/>\nW najbli\u017cszy czwartek, tj. 15.09.2022 odb\u0119dzie si\u0119 zebranie z rodzicami.<br \/>\nZebrania odb\u0119d\u0105 si\u0119 wed\u0142ug poni\u017cszego harmonogramu:<\/p>\n<p>PA MISIE- mgr Sylwia Rajda, mgr Iwona Downar-Nowak- godzina \u00a017:00<br \/>\nPB GROSZKI\u2013 mgr Monika Ga\u0142uszka, mgr Katarzyna Wo\u017aniak- godzina \u00a016:30<br \/>\nPC BIEDRONKI\u2013 mgr Renata Karbowiak, mgr Marcelina K\u0105kol- godzina 17:15<br \/>\nPD S\u0141ONECZKA\u2013 mgr Magdalena Bogdan, mgr Katarzyna Wo\u017aniak- godzina 16.30<br \/>\nPE M\u0104DRE S\u00d3WKI \u2013 mgr Iwona Stawowy, mgr Iwona Downar-Nowak- godzina 17.00<br \/>\nPF KUBISIE\u2013 mgr Blanka Soj, mgr Marcelina K\u0105kol- godzina 18.00<br \/>\nPG LISKI- mgr Stanis\u0142awa Talar, lic. Magdalena Dziedzic- godzina 16:30<\/p>\n<p>Serdecznie zapraszamy!<\/p>\n<p>&nbsp;<\/p>\n<div id=\"attachment_3576\" style=\"width: 659px\" class=\"wp-caption aligncenter\"><img aria-describedby=\"caption-attachment-3576\" loading=\"lazy\" class=\" wp-image-3576\" src=\"http:\/\/roczyny.edu.pl\/wp-content\/uploads\/2022\/09\/unnamed-1-300x209.jpg\" alt=\"\" width=\"649\" height=\"452\" srcset=\"http:\/\/roczyny.edu.pl\/wp-content\/uploads\/2022\/09\/unnamed-1-300x209.jpg 300w, http:\/\/roczyny.edu.pl\/wp-content\/uploads\/2022\/09\/unnamed-1-200x140.jpg 200w, http:\/\/roczyny.edu.pl\/wp-content\/uploads\/2022\/09\/unnamed-1-250x174.jpg 250w, http:\/\/roczyny.edu.pl\/wp-content\/uploads\/2022\/09\/unnamed-1-259x180.jpg 259w, http:\/\/roczyny.edu.pl\/wp-content\/uploads\/2022\/09\/unnamed-1-431x300.jpg 431w, http:\/\/roczyny.edu.pl\/wp-content\/uploads\/2022\/09\/unnamed-1.jpg 512w\" sizes=\"(max-width: 649px) 100vw, 649px\" \/><p id=\"caption-attachment-3576\" class=\"wp-caption-text\">przdszkole<\/p><\/div>\n","protected":false},"excerpt":{"rendered":"<p>Drodzy Rodzice! W najbli\u017cszy czwartek, tj. 15.09.2022 odb\u0119dzie si\u0119 zebranie z rodzicami. Zebrania odb\u0119d\u0105 si\u0119 wed\u0142ug poni\u017cszego harmonogramu: PA MISIE- mgr Sylwia Rajda, mgr Iwona Downar-Nowak- godzina \u00a017:00 PB GROSZKI\u2013 mgr Monika Ga\u0142uszka, mgr Katarzyna Wo\u017aniak- godzina \u00a016:30 PC BIEDRONKI\u2013 mgr Renata Karbowiak, mgr Marcelina K\u0105kol- godzina 17:15 PD S\u0141ONECZKA\u2013 mgr Magdalena Bogdan, mgr Katarzyna\u2026 <span class=\"read-more\"><a href=\"http:\/\/roczyny.edu.pl\/index.php\/2022\/09\/13\/zebrania-z-rodzicami-w-przedszkolu-2\/\">Czytaj dalej &raquo;<\/a><\/span><\/p>\n","protected":false},"author":5,"featured_media":3578,"comment_status":"closed","ping_status":"closed","sticky":false,"template":"","format":"standard","meta":{"bgseo_title":"","bgseo_description":"","bgseo_robots_index":"index","bgseo_robots_follow":"follow"},"categories":[4,1,12,6],"tags":[],"_links":{"self":[{"href":"http:\/\/roczyny.edu.pl\/index.php\/wp-json\/wp\/v2\/posts\/3575"}],"collection":[{"href":"http:\/\/roczyny.edu.pl\/index.php\/wp-json\/wp\/v2\/posts"}],"about":[{"href":"http:\/\/roczyny.edu.pl\/index.php\/wp-json\/wp\/v2\/types\/post"}],"author":[{"embeddable":true,"href":"http:\/\/roczyny.edu.pl\/index.php\/wp-json\/wp\/v2\/users\/5"}],"replies":[{"embeddable":true,"href":"http:\/\/roczyny.edu.pl\/index.php\/wp-json\/wp\/v2\/comments?post=3575"}],"version-history":[{"count":1,"href":"http:\/\/roczyny.edu.pl\/index.php\/wp-json\/wp\/v2\/posts\/3575\/revisions"}],"predecessor-version":[{"id":3577,"href":"http:\/\/roczyny.edu.pl\/index.php\/wp-json\/wp\/v2\/posts\/3575\/revisions\/3577"}],"wp:featuredmedia":[{"embeddable":true,"href":"http:\/\/roczyny.edu.pl\/index.php\/wp-json\/wp\/v2\/media\/3578"}],"wp:attachment":[{"href":"http:\/\/roczyny.edu.pl\/index.php\/wp-json\/wp\/v2\/media?parent=3575"}],"wp:term":[{"taxonomy":"category","embeddable":true,"href":"http:\/\/roczyny.edu.pl\/index.php\/wp-json\/wp\/v2\/categories?post=3575"},{"taxonomy":"post_tag","embeddable":true,"href":"http:\/\/roczyny.edu.pl\/index.php\/wp-json\/wp\/v2\/tags?post=3575"}],"curies":[{"name":"wp","href":"https:\/\/api.w.org\/{rel}","templated":true}]}}