{"id":3579,"date":"2022-09-16T09:34:30","date_gmt":"2022-09-16T07:34:30","guid":{"rendered":"http:\/\/roczyny.edu.pl\/?p=3579"},"modified":"2022-09-16T09:34:30","modified_gmt":"2022-09-16T07:34:30","slug":"szkola-w-roczynach-pelna-talentow-talenciaki-z-lidla","status":"publish","type":"post","link":"http:\/\/roczyny.edu.pl\/index.php\/2022\/09\/16\/szkola-w-roczynach-pelna-talentow-talenciaki-z-lidla\/","title":{"rendered":"SZKO\u0141A W ROCZYNACH PE\u0141NA TALENT\u00d3W !  \u2013 TALENCIAKI Z LIDLA"},"content":{"rendered":"<p><img loading=\"lazy\" class=\"wp-image-3582 aligncenter\" src=\"http:\/\/roczyny.edu.pl\/wp-content\/uploads\/2022\/09\/szkolypelnetalentow-655-300x123.jpg\" alt=\"\" width=\"483\" height=\"198\" srcset=\"http:\/\/roczyny.edu.pl\/wp-content\/uploads\/2022\/09\/szkolypelnetalentow-655-300x123.jpg 300w, http:\/\/roczyny.edu.pl\/wp-content\/uploads\/2022\/09\/szkolypelnetalentow-655-250x103.jpg 250w, http:\/\/roczyny.edu.pl\/wp-content\/uploads\/2022\/09\/szkolypelnetalentow-655-550x226.jpg 550w, http:\/\/roczyny.edu.pl\/wp-content\/uploads\/2022\/09\/szkolypelnetalentow-655-438x180.jpg 438w, http:\/\/roczyny.edu.pl\/wp-content\/uploads\/2022\/09\/szkolypelnetalentow-655.jpg 655w\" sizes=\"(max-width: 483px) 100vw, 483px\" \/><\/p>\n<p><strong>Robi\u0105c codzienne zakupy w Lidlu, mo\u017cesz wspiera\u0107 NASZ\u0104 SZKO\u0141\u0118!<\/strong><\/p>\n<ul>\n<li>Zr\u00f3b zakupy za min. 50 z\u0142 (w tym przynajmniej 1 warzywo lub 1 owoc)<\/li>\n<li>Przy kasie odbierz kupon &#8211; TALENCIAKA<\/li>\n<li>Przeka\u017c kupon Naszej Szkole \u2013 Szkole w Roczynach<\/li>\n<\/ul>\n<p><strong>Jak przekaza\u0107 Talenciaka ?<\/strong><\/p>\n<ul>\n<li>Wrzu\u0107 TALENCIAKA do specjalnego pude\u0142ka w\u00a0szkole<\/li>\n<li>Zeskanuj kod QR z\u00a0TALENCIAKA<\/li>\n<li>Wejd\u017a na stron\u0119:\u00a0<a href=\"https:\/\/szkoly.lidl.pl\/VoucherDonation\/index\">https:\/\/szkoly.lidl.pl\/VoucherDonation\/index<\/a>\u00a0i\u00a0r\u0119cznie wyszukaj szko\u0142\u0119 kt\u00f3r\u0105 chcesz wesprze\u0107 <strong><u>(gimina\/miasto \u2013 Roczyny)<\/u><\/strong><\/li>\n<li>Po wyborze szko\u0142y, nale\u017cy wpisa\u0107 kod TALENCIAKA<\/li>\n<\/ul>\n<p><strong>Aby zdoby\u0107 wi\u0119cej TALENCIAK\u00d3W, szukaj produkt\u00f3w z\u00a0oznaczeniem TALENCIAKA<\/strong><\/p>\n<p><img loading=\"lazy\" class=\"alignnone  wp-image-3581\" src=\"http:\/\/roczyny.edu.pl\/wp-content\/uploads\/2022\/09\/Bez-tytulu-300x185.png\" alt=\"\" width=\"798\" height=\"492\" srcset=\"http:\/\/roczyny.edu.pl\/wp-content\/uploads\/2022\/09\/Bez-tytulu-300x185.png 300w, http:\/\/roczyny.edu.pl\/wp-content\/uploads\/2022\/09\/Bez-tytulu-660x406.png 660w, http:\/\/roczyny.edu.pl\/wp-content\/uploads\/2022\/09\/Bez-tytulu-250x154.png 250w, http:\/\/roczyny.edu.pl\/wp-content\/uploads\/2022\/09\/Bez-tytulu-550x338.png 550w, http:\/\/roczyny.edu.pl\/wp-content\/uploads\/2022\/09\/Bez-tytulu-800x492.png 800w, http:\/\/roczyny.edu.pl\/wp-content\/uploads\/2022\/09\/Bez-tytulu-293x180.png 293w, http:\/\/roczyny.edu.pl\/wp-content\/uploads\/2022\/09\/Bez-tytulu-488x300.png 488w, http:\/\/roczyny.edu.pl\/wp-content\/uploads\/2022\/09\/Bez-tytulu-813x500.png 813w, http:\/\/roczyny.edu.pl\/wp-content\/uploads\/2022\/09\/Bez-tytulu.png 977w\" sizes=\"(max-width: 798px) 100vw, 798px\" \/>\u00a0<img loading=\"lazy\" class=\"alignnone  wp-image-3580\" src=\"http:\/\/roczyny.edu.pl\/wp-content\/uploads\/2022\/09\/72959_robert1-300x156.jpg\" alt=\"\" width=\"798\" height=\"415\" srcset=\"http:\/\/roczyny.edu.pl\/wp-content\/uploads\/2022\/09\/72959_robert1-300x156.jpg 300w, http:\/\/roczyny.edu.pl\/wp-content\/uploads\/2022\/09\/72959_robert1-250x130.jpg 250w, http:\/\/roczyny.edu.pl\/wp-content\/uploads\/2022\/09\/72959_robert1-550x286.jpg 550w, http:\/\/roczyny.edu.pl\/wp-content\/uploads\/2022\/09\/72959_robert1-346x180.jpg 346w, http:\/\/roczyny.edu.pl\/wp-content\/uploads\/2022\/09\/72959_robert1-576x300.jpg 576w, http:\/\/roczyny.edu.pl\/wp-content\/uploads\/2022\/09\/72959_robert1.jpg 634w\" sizes=\"(max-width: 798px) 100vw, 798px\" \/><\/p>\n<p>&nbsp;<\/p>\n<p>&nbsp;<\/p>\n","protected":false},"excerpt":{"rendered":"<p>Robi\u0105c codzienne zakupy w Lidlu, mo\u017cesz wspiera\u0107 NASZ\u0104 SZKO\u0141\u0118! Zr\u00f3b zakupy za min. 50 z\u0142 (w tym przynajmniej 1 warzywo lub 1 owoc) Przy kasie odbierz kupon &#8211; TALENCIAKA Przeka\u017c kupon Naszej Szkole \u2013 Szkole w Roczynach Jak przekaza\u0107 Talenciaka ? Wrzu\u0107 TALENCIAKA do specjalnego pude\u0142ka w\u00a0szkole Zeskanuj kod QR z\u00a0TALENCIAKA Wejd\u017a na stron\u0119:\u00a0https:\/\/szkoly.lidl.pl\/VoucherDonation\/index\u00a0i\u00a0r\u0119cznie wyszukaj\u2026 <span class=\"read-more\"><a href=\"http:\/\/roczyny.edu.pl\/index.php\/2022\/09\/16\/szkola-w-roczynach-pelna-talentow-talenciaki-z-lidla\/\">Czytaj dalej &raquo;<\/a><\/span><\/p>\n","protected":false},"author":5,"featured_media":3582,"comment_status":"closed","ping_status":"closed","sticky":false,"template":"","format":"standard","meta":{"bgseo_title":"","bgseo_description":"","bgseo_robots_index":"index","bgseo_robots_follow":"follow"},"categories":[4,1,11,6,7,9,5,8],"tags":[],"_links":{"self":[{"href":"http:\/\/roczyny.edu.pl\/index.php\/wp-json\/wp\/v2\/posts\/3579"}],"collection":[{"href":"http:\/\/roczyny.edu.pl\/index.php\/wp-json\/wp\/v2\/posts"}],"about":[{"href":"http:\/\/roczyny.edu.pl\/index.php\/wp-json\/wp\/v2\/types\/post"}],"author":[{"embeddable":true,"href":"http:\/\/roczyny.edu.pl\/index.php\/wp-json\/wp\/v2\/users\/5"}],"replies":[{"embeddable":true,"href":"http:\/\/roczyny.edu.pl\/index.php\/wp-json\/wp\/v2\/comments?post=3579"}],"version-history":[{"count":1,"href":"http:\/\/roczyny.edu.pl\/index.php\/wp-json\/wp\/v2\/posts\/3579\/revisions"}],"predecessor-version":[{"id":3583,"href":"http:\/\/roczyny.edu.pl\/index.php\/wp-json\/wp\/v2\/posts\/3579\/revisions\/3583"}],"wp:featuredmedia":[{"embeddable":true,"href":"http:\/\/roczyny.edu.pl\/index.php\/wp-json\/wp\/v2\/media\/3582"}],"wp:attachment":[{"href":"http:\/\/roczyny.edu.pl\/index.php\/wp-json\/wp\/v2\/media?parent=3579"}],"wp:term":[{"taxonomy":"category","embeddable":true,"href":"http:\/\/roczyny.edu.pl\/index.php\/wp-json\/wp\/v2\/categories?post=3579"},{"taxonomy":"post_tag","embeddable":true,"href":"http:\/\/roczyny.edu.pl\/index.php\/wp-json\/wp\/v2\/tags?post=3579"}],"curies":[{"name":"wp","href":"https:\/\/api.w.org\/{rel}","templated":true}]}}