{"id":3588,"date":"2022-09-19T09:16:47","date_gmt":"2022-09-19T07:16:47","guid":{"rendered":"http:\/\/roczyny.edu.pl\/?p=3588"},"modified":"2022-09-19T09:16:47","modified_gmt":"2022-09-19T07:16:47","slug":"kwesta-na-rzecz-domowego-hospicjum-w-andrychowie","status":"publish","type":"post","link":"http:\/\/roczyny.edu.pl\/index.php\/2022\/09\/19\/kwesta-na-rzecz-domowego-hospicjum-w-andrychowie\/","title":{"rendered":"Kwesta na rzecz Domowego Hospicjum w Andrychowie"},"content":{"rendered":"<div dir=\"auto\">W niedziel\u0119 18 wrze\u015bnia uczniowie naszej szko\u0142y wraz z nauczycielami dzi\u0119ki uprzejmo\u015bci ksi\u0119dza proboszcza parafii \u015bw. Urbana kwestowali na rzecz pacjent\u00f3w Domowego Hospicjum w Andrychowie. W przygotowanie zbi\u00f3rki zaanga\u017cowa\u0142a si\u0119 spo\u0142eczno\u015b\u0107 uczniowska z wychowawcami wykonuj\u0105c \u017conkile jako upominek za z\u0142o\u017cone datki. Kwest\u0119 upi\u0119kszy\u0142a praca plastyczna uczennicy Natalii Sordyl z kl. 8a.\u00a0 Ogromnego wsparcia akcji udzieli\u0142y tak\u017ce panie z Ko\u0142a Gospody\u0144 Wiejskich naszej miejscowo\u015bci ofiarowuj\u0105c kwiatowe r\u0119kodzie\u0142a. Warto doda\u0107, \u017ce w szkole akcj\u0119 patronatem obj\u0119\u0142o nasze ko\u0142o Caritas. Na rzecz pacjent\u00f3w zebrali\u015bmy rekordow\u0105 kwot\u0119 7213,50 z\u0142. Serdeczne podzi\u0119kowania dla wszystkich, kt\u00f3rzy przy\u0142\u0105czyli si\u0119 do akcji.<\/div>\n<div dir=\"auto\">\n<div class=\"wc-gallery\"><div id='gallery-1' data-gutter-width='5' data-columns='3' class='gallery wc-gallery-captions-onhover gallery-link-post gallery-masonry galleryid-3588 gallery-columns-3 gallery-size-large wc-gallery-bottomspace-default wc-gallery-clear'><div class='gallery-item gallery-item-position-1 gallery-item-attachment-3587'>\n\t\t\t\t<div class='gallery-icon landscape'>\n\t\t\t\t\t<a href='http:\/\/roczyny.edu.pl\/1663514819112\/' title='1663514819112' target='_self'><img width=\"665\" height=\"499\" src=\"http:\/\/roczyny.edu.pl\/wp-content\/uploads\/2022\/09\/1663514819112-1024x768.jpg\" class=\"attachment-large size-large\" alt=\"\" loading=\"lazy\" data-attachment-id=\"3587\" srcset=\"http:\/\/roczyny.edu.pl\/wp-content\/uploads\/2022\/09\/1663514819112-1024x768.jpg 1024w, http:\/\/roczyny.edu.pl\/wp-content\/uploads\/2022\/09\/1663514819112-300x225.jpg 300w, http:\/\/roczyny.edu.pl\/wp-content\/uploads\/2022\/09\/1663514819112-768x576.jpg 768w, http:\/\/roczyny.edu.pl\/wp-content\/uploads\/2022\/09\/1663514819112-1536x1152.jpg 1536w, http:\/\/roczyny.edu.pl\/wp-content\/uploads\/2022\/09\/1663514819112-2048x1536.jpg 2048w, http:\/\/roczyny.edu.pl\/wp-content\/uploads\/2022\/09\/1663514819112-660x495.jpg 660w, http:\/\/roczyny.edu.pl\/wp-content\/uploads\/2022\/09\/1663514819112-250x188.jpg 250w, http:\/\/roczyny.edu.pl\/wp-content\/uploads\/2022\/09\/1663514819112-550x413.jpg 550w, http:\/\/roczyny.edu.pl\/wp-content\/uploads\/2022\/09\/1663514819112-800x600.jpg 800w, http:\/\/roczyny.edu.pl\/wp-content\/uploads\/2022\/09\/1663514819112-240x180.jpg 240w, http:\/\/roczyny.edu.pl\/wp-content\/uploads\/2022\/09\/1663514819112-400x300.jpg 400w, http:\/\/roczyny.edu.pl\/wp-content\/uploads\/2022\/09\/1663514819112-667x500.jpg 667w\" sizes=\"(max-width: 665px) 100vw, 665px\" \/><\/a>\n\t\t\t\t<\/div><\/div><div class='gallery-item gallery-item-position-2 gallery-item-attachment-3586'>\n\t\t\t\t<div class='gallery-icon portrait'>\n\t\t\t\t\t<a href='http:\/\/roczyny.edu.pl\/1663514819096\/' title='1663514819096' target='_self'><img width=\"665\" height=\"887\" src=\"http:\/\/roczyny.edu.pl\/wp-content\/uploads\/2022\/09\/1663514819096-768x1024.jpg\" class=\"attachment-large size-large\" alt=\"\" loading=\"lazy\" data-attachment-id=\"3586\" srcset=\"http:\/\/roczyny.edu.pl\/wp-content\/uploads\/2022\/09\/1663514819096-768x1024.jpg 768w, http:\/\/roczyny.edu.pl\/wp-content\/uploads\/2022\/09\/1663514819096-225x300.jpg 225w, http:\/\/roczyny.edu.pl\/wp-content\/uploads\/2022\/09\/1663514819096-1152x1536.jpg 1152w, http:\/\/roczyny.edu.pl\/wp-content\/uploads\/2022\/09\/1663514819096-1536x2048.jpg 1536w, http:\/\/roczyny.edu.pl\/wp-content\/uploads\/2022\/09\/1663514819096-660x880.jpg 660w, http:\/\/roczyny.edu.pl\/wp-content\/uploads\/2022\/09\/1663514819096-250x333.jpg 250w, http:\/\/roczyny.edu.pl\/wp-content\/uploads\/2022\/09\/1663514819096-550x733.jpg 550w, http:\/\/roczyny.edu.pl\/wp-content\/uploads\/2022\/09\/1663514819096-800x1067.jpg 800w, http:\/\/roczyny.edu.pl\/wp-content\/uploads\/2022\/09\/1663514819096-135x180.jpg 135w, http:\/\/roczyny.edu.pl\/wp-content\/uploads\/2022\/09\/1663514819096-375x500.jpg 375w, http:\/\/roczyny.edu.pl\/wp-content\/uploads\/2022\/09\/1663514819096-scaled.jpg 1920w\" sizes=\"(max-width: 665px) 100vw, 665px\" \/><\/a>\n\t\t\t\t<\/div><\/div><div class='gallery-item gallery-item-position-3 gallery-item-attachment-3585'>\n\t\t\t\t<div class='gallery-icon landscape'>\n\t\t\t\t\t<a href='http:\/\/roczyny.edu.pl\/1663514819075\/' title='1663514819075' target='_self'><img width=\"665\" height=\"497\" src=\"http:\/\/roczyny.edu.pl\/wp-content\/uploads\/2022\/09\/1663514819075-1024x765.jpg\" class=\"attachment-large size-large\" alt=\"\" loading=\"lazy\" data-attachment-id=\"3585\" srcset=\"http:\/\/roczyny.edu.pl\/wp-content\/uploads\/2022\/09\/1663514819075-1024x765.jpg 1024w, http:\/\/roczyny.edu.pl\/wp-content\/uploads\/2022\/09\/1663514819075-300x224.jpg 300w, http:\/\/roczyny.edu.pl\/wp-content\/uploads\/2022\/09\/1663514819075-768x574.jpg 768w, http:\/\/roczyny.edu.pl\/wp-content\/uploads\/2022\/09\/1663514819075-1536x1148.jpg 1536w, http:\/\/roczyny.edu.pl\/wp-content\/uploads\/2022\/09\/1663514819075-660x493.jpg 660w, http:\/\/roczyny.edu.pl\/wp-content\/uploads\/2022\/09\/1663514819075-250x187.jpg 250w, http:\/\/roczyny.edu.pl\/wp-content\/uploads\/2022\/09\/1663514819075-550x411.jpg 550w, http:\/\/roczyny.edu.pl\/wp-content\/uploads\/2022\/09\/1663514819075-800x598.jpg 800w, http:\/\/roczyny.edu.pl\/wp-content\/uploads\/2022\/09\/1663514819075-241x180.jpg 241w, http:\/\/roczyny.edu.pl\/wp-content\/uploads\/2022\/09\/1663514819075-401x300.jpg 401w, http:\/\/roczyny.edu.pl\/wp-content\/uploads\/2022\/09\/1663514819075-669x500.jpg 669w, http:\/\/roczyny.edu.pl\/wp-content\/uploads\/2022\/09\/1663514819075.jpg 1600w\" sizes=\"(max-width: 665px) 100vw, 665px\" \/><\/a>\n\t\t\t\t<\/div><\/div><\/div>\n<\/div>\n<\/div>\n<div class=\"yj6qo\"><\/div>\n<div class=\"adL\" dir=\"auto\"><\/div>\n","protected":false},"excerpt":{"rendered":"<p>W niedziel\u0119 18 wrze\u015bnia uczniowie naszej szko\u0142y wraz z nauczycielami dzi\u0119ki uprzejmo\u015bci ksi\u0119dza proboszcza parafii \u015bw. Urbana kwestowali na rzecz pacjent\u00f3w Domowego Hospicjum w Andrychowie. W przygotowanie zbi\u00f3rki zaanga\u017cowa\u0142a si\u0119 spo\u0142eczno\u015b\u0107 uczniowska z wychowawcami wykonuj\u0105c \u017conkile jako upominek za z\u0142o\u017cone datki. Kwest\u0119 upi\u0119kszy\u0142a praca plastyczna uczennicy Natalii Sordyl z kl. 8a.\u00a0 Ogromnego wsparcia akcji udzieli\u0142y\u2026 <span class=\"read-more\"><a href=\"http:\/\/roczyny.edu.pl\/index.php\/2022\/09\/19\/kwesta-na-rzecz-domowego-hospicjum-w-andrychowie\/\">Czytaj dalej &raquo;<\/a><\/span><\/p>\n","protected":false},"author":4,"featured_media":3585,"comment_status":"closed","ping_status":"closed","sticky":false,"template":"","format":"standard","meta":{"bgseo_title":"","bgseo_description":"","bgseo_robots_index":"index","bgseo_robots_follow":"follow"},"categories":[4,1,7,5,8],"tags":[],"_links":{"self":[{"href":"http:\/\/roczyny.edu.pl\/index.php\/wp-json\/wp\/v2\/posts\/3588"}],"collection":[{"href":"http:\/\/roczyny.edu.pl\/index.php\/wp-json\/wp\/v2\/posts"}],"about":[{"href":"http:\/\/roczyny.edu.pl\/index.php\/wp-json\/wp\/v2\/types\/post"}],"author":[{"embeddable":true,"href":"http:\/\/roczyny.edu.pl\/index.php\/wp-json\/wp\/v2\/users\/4"}],"replies":[{"embeddable":true,"href":"http:\/\/roczyny.edu.pl\/index.php\/wp-json\/wp\/v2\/comments?post=3588"}],"version-history":[{"count":1,"href":"http:\/\/roczyny.edu.pl\/index.php\/wp-json\/wp\/v2\/posts\/3588\/revisions"}],"predecessor-version":[{"id":3589,"href":"http:\/\/roczyny.edu.pl\/index.php\/wp-json\/wp\/v2\/posts\/3588\/revisions\/3589"}],"wp:featuredmedia":[{"embeddable":true,"href":"http:\/\/roczyny.edu.pl\/index.php\/wp-json\/wp\/v2\/media\/3585"}],"wp:attachment":[{"href":"http:\/\/roczyny.edu.pl\/index.php\/wp-json\/wp\/v2\/media?parent=3588"}],"wp:term":[{"taxonomy":"category","embeddable":true,"href":"http:\/\/roczyny.edu.pl\/index.php\/wp-json\/wp\/v2\/categories?post=3588"},{"taxonomy":"post_tag","embeddable":true,"href":"http:\/\/roczyny.edu.pl\/index.php\/wp-json\/wp\/v2\/tags?post=3588"}],"curies":[{"name":"wp","href":"https:\/\/api.w.org\/{rel}","templated":true}]}}