{"id":3596,"date":"2022-09-19T09:22:09","date_gmt":"2022-09-19T07:22:09","guid":{"rendered":"http:\/\/roczyny.edu.pl\/?p=3596"},"modified":"2022-09-19T09:22:09","modified_gmt":"2022-09-19T07:22:09","slug":"narodowe-czytanie-w-naszej-szkole","status":"publish","type":"post","link":"http:\/\/roczyny.edu.pl\/index.php\/2022\/09\/19\/narodowe-czytanie-w-naszej-szkole\/","title":{"rendered":"Narodowe Czytanie w naszej szkole"},"content":{"rendered":"<p>Nasza szko\u0142a po raz kolejny podj\u0119\u0142a wyzwanie i wzi\u0119\u0142a udzia\u0142 w og\u00f3lnopolskiej akcji Narodowe Czytanie. Tym razem w pierwszym tygodniu wrze\u015bnia uczniowie klasy 8b zainscenizowali ballad\u0119 Adama Mickiewicza ,,<\/p>\n<div class=\"wc-gallery\"><div id='gallery-1' data-gutter-width='5' data-columns='3' class='gallery wc-gallery-captions-onhover gallery-link-post gallery-masonry galleryid-3596 gallery-columns-3 gallery-size-large wc-gallery-bottomspace-default wc-gallery-clear'><div class='gallery-item gallery-item-position-1 gallery-item-attachment-3595'>\n\t\t\t\t<div class='gallery-icon landscape'>\n\t\t\t\t\t<a href='http:\/\/roczyny.edu.pl\/1663569397398\/' title='1663569397398' target='_self'><img width=\"665\" height=\"307\" src=\"http:\/\/roczyny.edu.pl\/wp-content\/uploads\/2022\/09\/1663569397398-1024x472.jpg\" class=\"attachment-large size-large\" alt=\"\" loading=\"lazy\" data-attachment-id=\"3595\" srcset=\"http:\/\/roczyny.edu.pl\/wp-content\/uploads\/2022\/09\/1663569397398-1024x472.jpg 1024w, http:\/\/roczyny.edu.pl\/wp-content\/uploads\/2022\/09\/1663569397398-300x138.jpg 300w, http:\/\/roczyny.edu.pl\/wp-content\/uploads\/2022\/09\/1663569397398-768x354.jpg 768w, http:\/\/roczyny.edu.pl\/wp-content\/uploads\/2022\/09\/1663569397398-1536x708.jpg 1536w, http:\/\/roczyny.edu.pl\/wp-content\/uploads\/2022\/09\/1663569397398-2048x944.jpg 2048w, http:\/\/roczyny.edu.pl\/wp-content\/uploads\/2022\/09\/1663569397398-660x304.jpg 660w, http:\/\/roczyny.edu.pl\/wp-content\/uploads\/2022\/09\/1663569397398-250x115.jpg 250w, http:\/\/roczyny.edu.pl\/wp-content\/uploads\/2022\/09\/1663569397398-550x254.jpg 550w, http:\/\/roczyny.edu.pl\/wp-content\/uploads\/2022\/09\/1663569397398-800x369.jpg 800w, http:\/\/roczyny.edu.pl\/wp-content\/uploads\/2022\/09\/1663569397398-390x180.jpg 390w, http:\/\/roczyny.edu.pl\/wp-content\/uploads\/2022\/09\/1663569397398-651x300.jpg 651w, http:\/\/roczyny.edu.pl\/wp-content\/uploads\/2022\/09\/1663569397398-1085x500.jpg 1085w\" sizes=\"(max-width: 665px) 100vw, 665px\" \/><\/a>\n\t\t\t\t<\/div><\/div><div class='gallery-item gallery-item-position-2 gallery-item-attachment-3590'>\n\t\t\t\t<div class='gallery-icon landscape'>\n\t\t\t\t\t<a href='http:\/\/roczyny.edu.pl\/1663569397235\/' title='1663569397235' target='_self'><img width=\"665\" height=\"307\" src=\"http:\/\/roczyny.edu.pl\/wp-content\/uploads\/2022\/09\/1663569397235-1024x472.jpg\" class=\"attachment-large size-large\" alt=\"\" loading=\"lazy\" data-attachment-id=\"3590\" srcset=\"http:\/\/roczyny.edu.pl\/wp-content\/uploads\/2022\/09\/1663569397235-1024x472.jpg 1024w, http:\/\/roczyny.edu.pl\/wp-content\/uploads\/2022\/09\/1663569397235-300x138.jpg 300w, http:\/\/roczyny.edu.pl\/wp-content\/uploads\/2022\/09\/1663569397235-768x354.jpg 768w, http:\/\/roczyny.edu.pl\/wp-content\/uploads\/2022\/09\/1663569397235-1536x708.jpg 1536w, http:\/\/roczyny.edu.pl\/wp-content\/uploads\/2022\/09\/1663569397235-2048x944.jpg 2048w, http:\/\/roczyny.edu.pl\/wp-content\/uploads\/2022\/09\/1663569397235-660x304.jpg 660w, http:\/\/roczyny.edu.pl\/wp-content\/uploads\/2022\/09\/1663569397235-250x115.jpg 250w, http:\/\/roczyny.edu.pl\/wp-content\/uploads\/2022\/09\/1663569397235-550x254.jpg 550w, http:\/\/roczyny.edu.pl\/wp-content\/uploads\/2022\/09\/1663569397235-800x369.jpg 800w, http:\/\/roczyny.edu.pl\/wp-content\/uploads\/2022\/09\/1663569397235-390x180.jpg 390w, http:\/\/roczyny.edu.pl\/wp-content\/uploads\/2022\/09\/1663569397235-651x300.jpg 651w, http:\/\/roczyny.edu.pl\/wp-content\/uploads\/2022\/09\/1663569397235-1085x500.jpg 1085w\" sizes=\"(max-width: 665px) 100vw, 665px\" \/><\/a>\n\t\t\t\t<\/div><\/div><div class='gallery-item gallery-item-position-3 gallery-item-attachment-3594'>\n\t\t\t\t<div class='gallery-icon portrait'>\n\t\t\t\t\t<a href='http:\/\/roczyny.edu.pl\/1663569397387\/' title='1663569397387' target='_self'><img width=\"472\" height=\"1024\" src=\"http:\/\/roczyny.edu.pl\/wp-content\/uploads\/2022\/09\/1663569397387-472x1024.jpg\" class=\"attachment-large size-large\" alt=\"\" loading=\"lazy\" data-attachment-id=\"3594\" srcset=\"http:\/\/roczyny.edu.pl\/wp-content\/uploads\/2022\/09\/1663569397387-472x1024.jpg 472w, http:\/\/roczyny.edu.pl\/wp-content\/uploads\/2022\/09\/1663569397387-138x300.jpg 138w, http:\/\/roczyny.edu.pl\/wp-content\/uploads\/2022\/09\/1663569397387-768x1666.jpg 768w, http:\/\/roczyny.edu.pl\/wp-content\/uploads\/2022\/09\/1663569397387-708x1536.jpg 708w, http:\/\/roczyny.edu.pl\/wp-content\/uploads\/2022\/09\/1663569397387-944x2048.jpg 944w, http:\/\/roczyny.edu.pl\/wp-content\/uploads\/2022\/09\/1663569397387-660x1432.jpg 660w, http:\/\/roczyny.edu.pl\/wp-content\/uploads\/2022\/09\/1663569397387-250x542.jpg 250w, http:\/\/roczyny.edu.pl\/wp-content\/uploads\/2022\/09\/1663569397387-550x1193.jpg 550w, http:\/\/roczyny.edu.pl\/wp-content\/uploads\/2022\/09\/1663569397387-800x1735.jpg 800w, http:\/\/roczyny.edu.pl\/wp-content\/uploads\/2022\/09\/1663569397387-83x180.jpg 83w, http:\/\/roczyny.edu.pl\/wp-content\/uploads\/2022\/09\/1663569397387-231x500.jpg 231w, http:\/\/roczyny.edu.pl\/wp-content\/uploads\/2022\/09\/1663569397387-scaled.jpg 1180w\" sizes=\"(max-width: 472px) 100vw, 472px\" \/><\/a>\n\t\t\t\t<\/div><\/div><div class='gallery-item gallery-item-position-4 gallery-item-attachment-3593'>\n\t\t\t\t<div class='gallery-icon landscape'>\n\t\t\t\t\t<a href='http:\/\/roczyny.edu.pl\/1663569397374\/' title='1663569397374' target='_self'><img width=\"665\" height=\"307\" src=\"http:\/\/roczyny.edu.pl\/wp-content\/uploads\/2022\/09\/1663569397374-1024x472.jpg\" class=\"attachment-large size-large\" alt=\"\" loading=\"lazy\" data-attachment-id=\"3593\" srcset=\"http:\/\/roczyny.edu.pl\/wp-content\/uploads\/2022\/09\/1663569397374-1024x472.jpg 1024w, http:\/\/roczyny.edu.pl\/wp-content\/uploads\/2022\/09\/1663569397374-300x138.jpg 300w, http:\/\/roczyny.edu.pl\/wp-content\/uploads\/2022\/09\/1663569397374-768x354.jpg 768w, http:\/\/roczyny.edu.pl\/wp-content\/uploads\/2022\/09\/1663569397374-1536x708.jpg 1536w, http:\/\/roczyny.edu.pl\/wp-content\/uploads\/2022\/09\/1663569397374-2048x944.jpg 2048w, http:\/\/roczyny.edu.pl\/wp-content\/uploads\/2022\/09\/1663569397374-660x304.jpg 660w, http:\/\/roczyny.edu.pl\/wp-content\/uploads\/2022\/09\/1663569397374-250x115.jpg 250w, http:\/\/roczyny.edu.pl\/wp-content\/uploads\/2022\/09\/1663569397374-550x254.jpg 550w, http:\/\/roczyny.edu.pl\/wp-content\/uploads\/2022\/09\/1663569397374-800x369.jpg 800w, http:\/\/roczyny.edu.pl\/wp-content\/uploads\/2022\/09\/1663569397374-390x180.jpg 390w, http:\/\/roczyny.edu.pl\/wp-content\/uploads\/2022\/09\/1663569397374-651x300.jpg 651w, http:\/\/roczyny.edu.pl\/wp-content\/uploads\/2022\/09\/1663569397374-1085x500.jpg 1085w\" sizes=\"(max-width: 665px) 100vw, 665px\" \/><\/a>\n\t\t\t\t<\/div><\/div><div class='gallery-item gallery-item-position-5 gallery-item-attachment-3592'>\n\t\t\t\t<div class='gallery-icon landscape'>\n\t\t\t\t\t<a href='http:\/\/roczyny.edu.pl\/1663569397361\/' title='1663569397361' target='_self'><img width=\"665\" height=\"307\" src=\"http:\/\/roczyny.edu.pl\/wp-content\/uploads\/2022\/09\/1663569397361-1024x472.jpg\" class=\"attachment-large size-large\" alt=\"\" loading=\"lazy\" data-attachment-id=\"3592\" srcset=\"http:\/\/roczyny.edu.pl\/wp-content\/uploads\/2022\/09\/1663569397361-1024x472.jpg 1024w, http:\/\/roczyny.edu.pl\/wp-content\/uploads\/2022\/09\/1663569397361-300x138.jpg 300w, http:\/\/roczyny.edu.pl\/wp-content\/uploads\/2022\/09\/1663569397361-768x354.jpg 768w, http:\/\/roczyny.edu.pl\/wp-content\/uploads\/2022\/09\/1663569397361-1536x708.jpg 1536w, http:\/\/roczyny.edu.pl\/wp-content\/uploads\/2022\/09\/1663569397361-2048x944.jpg 2048w, http:\/\/roczyny.edu.pl\/wp-content\/uploads\/2022\/09\/1663569397361-660x304.jpg 660w, http:\/\/roczyny.edu.pl\/wp-content\/uploads\/2022\/09\/1663569397361-250x115.jpg 250w, http:\/\/roczyny.edu.pl\/wp-content\/uploads\/2022\/09\/1663569397361-550x254.jpg 550w, http:\/\/roczyny.edu.pl\/wp-content\/uploads\/2022\/09\/1663569397361-800x369.jpg 800w, http:\/\/roczyny.edu.pl\/wp-content\/uploads\/2022\/09\/1663569397361-390x180.jpg 390w, http:\/\/roczyny.edu.pl\/wp-content\/uploads\/2022\/09\/1663569397361-651x300.jpg 651w, http:\/\/roczyny.edu.pl\/wp-content\/uploads\/2022\/09\/1663569397361-1085x500.jpg 1085w\" sizes=\"(max-width: 665px) 100vw, 665px\" \/><\/a>\n\t\t\t\t<\/div><\/div><div class='gallery-item gallery-item-position-6 gallery-item-attachment-3591'>\n\t\t\t\t<div class='gallery-icon landscape'>\n\t\t\t\t\t<a href='http:\/\/roczyny.edu.pl\/1663569397244\/' title='1663569397244' target='_self'><img width=\"665\" height=\"307\" src=\"http:\/\/roczyny.edu.pl\/wp-content\/uploads\/2022\/09\/1663569397244-1024x472.jpg\" class=\"attachment-large size-large\" alt=\"\" loading=\"lazy\" data-attachment-id=\"3591\" srcset=\"http:\/\/roczyny.edu.pl\/wp-content\/uploads\/2022\/09\/1663569397244-1024x472.jpg 1024w, http:\/\/roczyny.edu.pl\/wp-content\/uploads\/2022\/09\/1663569397244-300x138.jpg 300w, http:\/\/roczyny.edu.pl\/wp-content\/uploads\/2022\/09\/1663569397244-768x354.jpg 768w, http:\/\/roczyny.edu.pl\/wp-content\/uploads\/2022\/09\/1663569397244-1536x708.jpg 1536w, http:\/\/roczyny.edu.pl\/wp-content\/uploads\/2022\/09\/1663569397244-2048x944.jpg 2048w, http:\/\/roczyny.edu.pl\/wp-content\/uploads\/2022\/09\/1663569397244-660x304.jpg 660w, http:\/\/roczyny.edu.pl\/wp-content\/uploads\/2022\/09\/1663569397244-250x115.jpg 250w, http:\/\/roczyny.edu.pl\/wp-content\/uploads\/2022\/09\/1663569397244-550x254.jpg 550w, http:\/\/roczyny.edu.pl\/wp-content\/uploads\/2022\/09\/1663569397244-800x369.jpg 800w, http:\/\/roczyny.edu.pl\/wp-content\/uploads\/2022\/09\/1663569397244-390x180.jpg 390w, http:\/\/roczyny.edu.pl\/wp-content\/uploads\/2022\/09\/1663569397244-651x300.jpg 651w, http:\/\/roczyny.edu.pl\/wp-content\/uploads\/2022\/09\/1663569397244-1085x500.jpg 1085w\" sizes=\"(max-width: 665px) 100vw, 665px\" \/><\/a>\n\t\t\t\t<\/div><\/div><\/div>\n<\/div>\n<p>\u015awitezianka&#8221;. Inicjatorkami projektu by\u0142y panie Barbara Kolber i Agata \u0106wiertnia.<\/p>\n","protected":false},"excerpt":{"rendered":"<p>Nasza szko\u0142a po raz kolejny podj\u0119\u0142a wyzwanie i wzi\u0119\u0142a udzia\u0142 w og\u00f3lnopolskiej akcji Narodowe Czytanie. Tym razem w pierwszym tygodniu wrze\u015bnia uczniowie klasy 8b zainscenizowali ballad\u0119 Adama Mickiewicza ,, \u015awitezianka&#8221;. Inicjatorkami projektu by\u0142y panie Barbara Kolber i Agata \u0106wiertnia.<\/p>\n","protected":false},"author":4,"featured_media":3595,"comment_status":"closed","ping_status":"closed","sticky":false,"template":"","format":"standard","meta":{"bgseo_title":"","bgseo_description":"","bgseo_robots_index":"index","bgseo_robots_follow":"follow"},"categories":[4,1,7,5,8],"tags":[],"_links":{"self":[{"href":"http:\/\/roczyny.edu.pl\/index.php\/wp-json\/wp\/v2\/posts\/3596"}],"collection":[{"href":"http:\/\/roczyny.edu.pl\/index.php\/wp-json\/wp\/v2\/posts"}],"about":[{"href":"http:\/\/roczyny.edu.pl\/index.php\/wp-json\/wp\/v2\/types\/post"}],"author":[{"embeddable":true,"href":"http:\/\/roczyny.edu.pl\/index.php\/wp-json\/wp\/v2\/users\/4"}],"replies":[{"embeddable":true,"href":"http:\/\/roczyny.edu.pl\/index.php\/wp-json\/wp\/v2\/comments?post=3596"}],"version-history":[{"count":1,"href":"http:\/\/roczyny.edu.pl\/index.php\/wp-json\/wp\/v2\/posts\/3596\/revisions"}],"predecessor-version":[{"id":3597,"href":"http:\/\/roczyny.edu.pl\/index.php\/wp-json\/wp\/v2\/posts\/3596\/revisions\/3597"}],"wp:featuredmedia":[{"embeddable":true,"href":"http:\/\/roczyny.edu.pl\/index.php\/wp-json\/wp\/v2\/media\/3595"}],"wp:attachment":[{"href":"http:\/\/roczyny.edu.pl\/index.php\/wp-json\/wp\/v2\/media?parent=3596"}],"wp:term":[{"taxonomy":"category","embeddable":true,"href":"http:\/\/roczyny.edu.pl\/index.php\/wp-json\/wp\/v2\/categories?post=3596"},{"taxonomy":"post_tag","embeddable":true,"href":"http:\/\/roczyny.edu.pl\/index.php\/wp-json\/wp\/v2\/tags?post=3596"}],"curies":[{"name":"wp","href":"https:\/\/api.w.org\/{rel}","templated":true}]}}