{"id":3817,"date":"2022-10-06T05:19:32","date_gmt":"2022-10-06T03:19:32","guid":{"rendered":"http:\/\/roczyny.edu.pl\/?p=3817"},"modified":"2022-10-08T06:07:57","modified_gmt":"2022-10-08T04:07:57","slug":"dzien-glosnego-czytania","status":"publish","type":"post","link":"http:\/\/roczyny.edu.pl\/index.php\/2022\/10\/06\/dzien-glosnego-czytania\/","title":{"rendered":"DZIE\u0143 G\u0141O\u015aNEGO CZYTANIA"},"content":{"rendered":"<blockquote>\n<p style=\"text-align: center;\"><i><span style=\"font-weight: 400;\">\u00a0<\/span><\/i><b><i>29 wrze\u015bnia DZIE\u0143 G\u0141O\u015aNEGO CZYTANIA<\/i><\/b><\/p>\n<p style=\"text-align: center;\"><b><i>\u201cCzytanie to najlepszy spos\u00f3b uczenia si\u0119. <\/i><\/b><b><i><br \/>\n<\/i><\/b><b><i>Czytanie najlepsz\u0105 nauk\u0105\u201d<\/i><\/b><\/p>\n<p style=\"text-align: center;\"><span style=\"font-weight: 400;\">\u00a0\u00a0\u00a0\u00a0\u00a0\u00a0\u00a0\u00a0\u00a0\u00a0\u00a0\u00a0\u00a0\u00a0\u00a0\u00a0\u00a0\u00a0\u00a0\u00a0\u00a0\u00a0\u00a0\u00a0\u00a0\u00a0\u00a0\u00a0\u00a0\u00a0\u00a0\u00a0\u00a0\u00a0\u00a0\u00a0\u00a0\u00a0\u00a0\u00a0\u00a0\u00a0\u00a0\u00a0\u00a0\u00a0\u00a0\u00a0\u00a0\u00a0\u00a0\u00a0\u00a0\u00a0\u00a0\u00a0\u00a0\u00a0\u00a0\u00a0\u00a0\u00a0\u00a0\u00a0\u00a0\u00a0\u00a0\u00a0\u00a0\u00a0<\/span><\/p>\n<p style=\"text-align: center;\"><b>29 wrze\u015bnia 2022 roku uczniowie kl. m\u0142odszych <\/b><b><br \/>\n<\/b><b> rozpocz\u0119li\u00a0 kolejny ju\u017c rok realizacji og\u00f3lnopolskiej kampanii spo\u0142ecznej <\/b><b><br \/>\n<\/b><b>\u201eCa\u0142a Polska Czyta Dzieciom\u201d<\/b><\/p>\n<p style=\"text-align: center;\"><b>Inauguracj\u0119 tego roku czytania nie m\u00f3g\u0142 zacz\u0105\u0107 nikt inny jak pani bibliotekarka Barbara Kolber,\u00a0 oraz\u00a0 nasi rodzice za co bardzo dzi\u0119kujemy.<\/b><\/p>\n<p style=\"text-align: center;\"><b>Zaproszeni rodzice dzielili si\u0119 r\u00f3wnie\u017c swoimi pasjami<\/b><b><br \/>\n<\/b><b> i zainteresowaniami.<\/b><\/p>\n<p style=\"text-align: center;\"><b>Uczestnicz\u0105c w kampanii\u00a0 chcemy propagowa\u0107 <\/b><b><br \/>\n<\/b><b>codzienne, g\u0142o\u015bne czytanie.\u00a0<\/b><\/p>\n<p style=\"text-align: center;\"><b>Czytaj\u0105 dla nas: zaproszeni go\u015bcie, pracownicy szko\u0142y, rodzice, starsi koledzy.<\/b><\/p>\n<p style=\"text-align: center;\"><b>Czytajmy wi\u0119c dla siebie i innych, bo czytanie zbli\u017ca.<\/b><b><\/b><\/p>\n<p>&nbsp;<\/p>\n<p style=\"text-align: center;\"><b>Badania naukowe potwierdzaj\u0105, \u017ce g\u0142o\u015bne czytanie dziecku:<\/b><\/p>\n<p style=\"text-align: center;\"><span style=\"font-weight: 400;\">\uf026<\/span> <span style=\"font-weight: 400;\">buduje mocn\u0105 wi\u0119\u017a mi\u0119dzy doros\u0142ym i dzieckiem;\u00a0<\/span><\/p>\n<p style=\"text-align: center;\"><span style=\"font-weight: 400;\">\uf026<\/span> <span style=\"font-weight: 400;\">zapewnia emocjonalny rozw\u00f3j dziecka;\u00a0<\/span><\/p>\n<p style=\"text-align: center;\"><span style=\"font-weight: 400;\">\uf026<\/span> <span style=\"font-weight: 400;\">rozwija j\u0119zyk, pami\u0119\u0107 i wyobra\u017ani\u0119;\u00a0<\/span><\/p>\n<p style=\"text-align: center;\"><span style=\"font-weight: 400;\">\uf026<\/span> <span style=\"font-weight: 400;\">uczy my\u015blenia, poprawia koncentracj\u0119;\u00a0<\/span><\/p>\n<p style=\"text-align: center;\"><span style=\"font-weight: 400;\">\uf026<\/span> <span style=\"font-weight: 400;\">wzmacnia poczucie w\u0142asnej warto\u015bci dziecka;\u00a0<\/span><\/p>\n<p style=\"text-align: center;\"><span style=\"font-weight: 400;\">\uf026<\/span> <span style=\"font-weight: 400;\">poszerza wiedz\u0119 og\u00f3ln\u0105;\u00a0<\/span><\/p>\n<p style=\"text-align: center;\"><span style=\"font-weight: 400;\">\uf026<\/span> <span style=\"font-weight: 400;\">u\u0142atwia nauk\u0119, pomaga odnie\u015b\u0107 sukces w szkole;\u00a0<\/span><\/p>\n<p style=\"text-align: center;\"><span style=\"font-weight: 400;\">\uf026<\/span> <span style=\"font-weight: 400;\">uczy warto\u015bci moralnych, pomaga w wychowaniu;\u00a0<\/span><\/p>\n<p style=\"text-align: center;\"><span style=\"font-weight: 400;\">\uf026<\/span> <span style=\"font-weight: 400;\">zapobiega uzale\u017cnieniu od telewizji i komputer\u00f3w;\u00a0<\/span><\/p>\n<p style=\"text-align: center;\"><span style=\"font-weight: 400;\">\uf026<\/span> <span style=\"font-weight: 400;\">chroni przed zagro\u017ceniami ze strony masowej kultury;\u00a0<\/span><\/p>\n<p style=\"text-align: center;\"><span style=\"font-weight: 400;\">\uf026<\/span> <span style=\"font-weight: 400;\">kszta\u0142tuje nawyk czytania i zdobywania wiedzy na ca\u0142e \u017cycie.<\/span><\/p>\n<p style=\"text-align: center;\"><b>\u201eNie m\u00f3w dziecku, jak bardzo je kochasz, <\/b><b><br \/>\n<\/b><b>poka\u017c to, po\u015bwi\u0119caj\u0105c mu czas.\u201d<\/b><\/p>\n<p style=\"text-align: center;\"><b>\u00a0\u00a0\u00a0\u00a0\u00a0\u00a0\u00a0\u00a0\u00a0\u00a0\u00a0\u00a0\u00a0\u00a0\u00a0\u00a0\u00a0\u00a0\u00a0\u00a0\u00a0\u00a0\u00a0\u00a0\u00a0\u00a0\u00a0\u00a0\u00a0\u00a0\u00a0\u00a0\u00a0\u00a0\u00a0\u00a0\u00a0\u00a0\u00a0\u00a0\u00a0\u00a0\u00a0\u00a0\u00a0\u00a0\u00a0\u00a0\u00a0\u00a0\u00a0\/ Ulrich Schaffer\/<\/b><\/p>\n<p style=\"text-align: center;\"><b>Drodzy Rodzice!<\/b> <span style=\"font-weight: 400;\"><br \/>\n<\/span><span style=\"font-weight: 400;\">Pragniemy zach\u0119ci\u0107 Pa\u0144stwa do g\u0142o\u015bnego czytania dzieciom.<\/span><span style=\"font-weight: 400;\"><br \/>\n<\/span><span style=\"font-weight: 400;\"> Od Was w najwi\u0119kszym stopniu zale\u017cy pomy\u015blna przysz\u0142o\u015b\u0107 Waszego dziecka.<\/span><span style=\"font-weight: 400;\"><br \/>\n<\/span><b>Czytanie dzieciom to skuteczny spos\u00f3b na wychowanie czytelnika<\/b><\/p>\n<\/blockquote>\n<p>&nbsp;<\/p>\n<p><img loading=\"lazy\" class=\"wp-image-3831 aligncenter\" src=\"http:\/\/roczyny.edu.pl\/wp-content\/uploads\/2022\/10\/309410546_653960116058053_2185857017369303277_n-300x225.jpg\" alt=\"\" width=\"760\" height=\"570\" srcset=\"http:\/\/roczyny.edu.pl\/wp-content\/uploads\/2022\/10\/309410546_653960116058053_2185857017369303277_n-300x225.jpg 300w, http:\/\/roczyny.edu.pl\/wp-content\/uploads\/2022\/10\/309410546_653960116058053_2185857017369303277_n-1024x768.jpg 1024w, http:\/\/roczyny.edu.pl\/wp-content\/uploads\/2022\/10\/309410546_653960116058053_2185857017369303277_n-768x576.jpg 768w, http:\/\/roczyny.edu.pl\/wp-content\/uploads\/2022\/10\/309410546_653960116058053_2185857017369303277_n-1536x1152.jpg 1536w, http:\/\/roczyny.edu.pl\/wp-content\/uploads\/2022\/10\/309410546_653960116058053_2185857017369303277_n-660x495.jpg 660w, http:\/\/roczyny.edu.pl\/wp-content\/uploads\/2022\/10\/309410546_653960116058053_2185857017369303277_n-250x188.jpg 250w, http:\/\/roczyny.edu.pl\/wp-content\/uploads\/2022\/10\/309410546_653960116058053_2185857017369303277_n-550x413.jpg 550w, http:\/\/roczyny.edu.pl\/wp-content\/uploads\/2022\/10\/309410546_653960116058053_2185857017369303277_n-800x600.jpg 800w, http:\/\/roczyny.edu.pl\/wp-content\/uploads\/2022\/10\/309410546_653960116058053_2185857017369303277_n-240x180.jpg 240w, http:\/\/roczyny.edu.pl\/wp-content\/uploads\/2022\/10\/309410546_653960116058053_2185857017369303277_n-400x300.jpg 400w, http:\/\/roczyny.edu.pl\/wp-content\/uploads\/2022\/10\/309410546_653960116058053_2185857017369303277_n-667x500.jpg 667w, http:\/\/roczyny.edu.pl\/wp-content\/uploads\/2022\/10\/309410546_653960116058053_2185857017369303277_n.jpg 2016w\" sizes=\"(max-width: 760px) 100vw, 760px\" \/><\/p>\n<p><img loading=\"lazy\" class=\"alignnone wp-image-3832\" src=\"http:\/\/roczyny.edu.pl\/wp-content\/uploads\/2022\/10\/309695153_598250318659866_8716282886643672412_n-300x225.jpg\" alt=\"\" width=\"827\" height=\"620\" srcset=\"http:\/\/roczyny.edu.pl\/wp-content\/uploads\/2022\/10\/309695153_598250318659866_8716282886643672412_n-300x225.jpg 300w, http:\/\/roczyny.edu.pl\/wp-content\/uploads\/2022\/10\/309695153_598250318659866_8716282886643672412_n-1024x768.jpg 1024w, http:\/\/roczyny.edu.pl\/wp-content\/uploads\/2022\/10\/309695153_598250318659866_8716282886643672412_n-768x576.jpg 768w, http:\/\/roczyny.edu.pl\/wp-content\/uploads\/2022\/10\/309695153_598250318659866_8716282886643672412_n-1536x1152.jpg 1536w, http:\/\/roczyny.edu.pl\/wp-content\/uploads\/2022\/10\/309695153_598250318659866_8716282886643672412_n-660x495.jpg 660w, http:\/\/roczyny.edu.pl\/wp-content\/uploads\/2022\/10\/309695153_598250318659866_8716282886643672412_n-250x188.jpg 250w, http:\/\/roczyny.edu.pl\/wp-content\/uploads\/2022\/10\/309695153_598250318659866_8716282886643672412_n-550x413.jpg 550w, http:\/\/roczyny.edu.pl\/wp-content\/uploads\/2022\/10\/309695153_598250318659866_8716282886643672412_n-800x600.jpg 800w, http:\/\/roczyny.edu.pl\/wp-content\/uploads\/2022\/10\/309695153_598250318659866_8716282886643672412_n-240x180.jpg 240w, http:\/\/roczyny.edu.pl\/wp-content\/uploads\/2022\/10\/309695153_598250318659866_8716282886643672412_n-400x300.jpg 400w, http:\/\/roczyny.edu.pl\/wp-content\/uploads\/2022\/10\/309695153_598250318659866_8716282886643672412_n-667x500.jpg 667w, http:\/\/roczyny.edu.pl\/wp-content\/uploads\/2022\/10\/309695153_598250318659866_8716282886643672412_n.jpg 2016w\" sizes=\"(max-width: 827px) 100vw, 827px\" \/><\/p>\n","protected":false},"excerpt":{"rendered":"<p>\u00a029 wrze\u015bnia DZIE\u0143 G\u0141O\u015aNEGO CZYTANIA \u201cCzytanie to najlepszy spos\u00f3b uczenia si\u0119. Czytanie najlepsz\u0105 nauk\u0105\u201d \u00a0\u00a0\u00a0\u00a0\u00a0\u00a0\u00a0\u00a0\u00a0\u00a0\u00a0\u00a0\u00a0\u00a0\u00a0\u00a0\u00a0\u00a0\u00a0\u00a0\u00a0\u00a0\u00a0\u00a0\u00a0\u00a0\u00a0\u00a0\u00a0\u00a0\u00a0\u00a0\u00a0\u00a0\u00a0\u00a0\u00a0\u00a0\u00a0\u00a0\u00a0\u00a0\u00a0\u00a0\u00a0\u00a0\u00a0\u00a0\u00a0\u00a0\u00a0\u00a0\u00a0\u00a0\u00a0\u00a0\u00a0\u00a0\u00a0\u00a0\u00a0\u00a0\u00a0\u00a0\u00a0\u00a0\u00a0\u00a0\u00a0\u00a0 29 wrze\u015bnia 2022 roku uczniowie kl. m\u0142odszych rozpocz\u0119li\u00a0 kolejny ju\u017c rok realizacji og\u00f3lnopolskiej kampanii spo\u0142ecznej \u201eCa\u0142a Polska Czyta Dzieciom\u201d Inauguracj\u0119 tego roku czytania nie m\u00f3g\u0142 zacz\u0105\u0107 nikt inny jak pani bibliotekarka Barbara Kolber,\u00a0 oraz\u00a0 nasi rodzice za co bardzo dzi\u0119kujemy.\u2026 <span class=\"read-more\"><a href=\"http:\/\/roczyny.edu.pl\/index.php\/2022\/10\/06\/dzien-glosnego-czytania\/\">Czytaj dalej &raquo;<\/a><\/span><\/p>\n","protected":false},"author":5,"featured_media":3832,"comment_status":"closed","ping_status":"closed","sticky":false,"template":"","format":"standard","meta":{"bgseo_title":"","bgseo_description":"","bgseo_robots_index":"index","bgseo_robots_follow":"follow"},"categories":[4,12,5,8],"tags":[],"_links":{"self":[{"href":"http:\/\/roczyny.edu.pl\/index.php\/wp-json\/wp\/v2\/posts\/3817"}],"collection":[{"href":"http:\/\/roczyny.edu.pl\/index.php\/wp-json\/wp\/v2\/posts"}],"about":[{"href":"http:\/\/roczyny.edu.pl\/index.php\/wp-json\/wp\/v2\/types\/post"}],"author":[{"embeddable":true,"href":"http:\/\/roczyny.edu.pl\/index.php\/wp-json\/wp\/v2\/users\/5"}],"replies":[{"embeddable":true,"href":"http:\/\/roczyny.edu.pl\/index.php\/wp-json\/wp\/v2\/comments?post=3817"}],"version-history":[{"count":4,"href":"http:\/\/roczyny.edu.pl\/index.php\/wp-json\/wp\/v2\/posts\/3817\/revisions"}],"predecessor-version":[{"id":3849,"href":"http:\/\/roczyny.edu.pl\/index.php\/wp-json\/wp\/v2\/posts\/3817\/revisions\/3849"}],"wp:featuredmedia":[{"embeddable":true,"href":"http:\/\/roczyny.edu.pl\/index.php\/wp-json\/wp\/v2\/media\/3832"}],"wp:attachment":[{"href":"http:\/\/roczyny.edu.pl\/index.php\/wp-json\/wp\/v2\/media?parent=3817"}],"wp:term":[{"taxonomy":"category","embeddable":true,"href":"http:\/\/roczyny.edu.pl\/index.php\/wp-json\/wp\/v2\/categories?post=3817"},{"taxonomy":"post_tag","embeddable":true,"href":"http:\/\/roczyny.edu.pl\/index.php\/wp-json\/wp\/v2\/tags?post=3817"}],"curies":[{"name":"wp","href":"https:\/\/api.w.org\/{rel}","templated":true}]}}