{"id":4742,"date":"2022-12-04T18:57:51","date_gmt":"2022-12-04T17:57:51","guid":{"rendered":"http:\/\/roczyny.edu.pl\/?p=4742"},"modified":"2022-12-04T18:57:51","modified_gmt":"2022-12-04T17:57:51","slug":"akcja-ekologiczna-klej-amos","status":"publish","type":"post","link":"http:\/\/roczyny.edu.pl\/index.php\/2022\/12\/04\/akcja-ekologiczna-klej-amos\/","title":{"rendered":"Akcja ekologiczna \u201cKlej Amos\u201d"},"content":{"rendered":"<blockquote><p>Nasze przedszkole przy\u0142\u0105czy\u0142o si\u0119 do akcji zbierania pustych tubek po kleju<br \/>\nAMOS. Po uzbieraniu 120 opakowa\u0144 przedszkole otrzyma 30 nowych tubek<br \/>\nkleju potrzebnego podczas codziennych zaj\u0119\u0107. Dzi\u0119ki powt\u00f3rnemu<br \/>\nwykorzystaniu opakowa\u0144 wspieramy ochron\u0119 \u015brodowiska.<br \/>\nB\u0105d\u017amy EKO &#8211; zbierajmy opakowania po kleju!<br \/>\nPuste opakowania prosz\u0119 przynosi\u0107 do wychowawc\u00f3w grupy PA \u201cMisie \u201c.<\/p>\n<p>Dzi\u0119kujemy!<\/p>\n<p><img loading=\"lazy\" class=\"wp-image-4743 aligncenter\" src=\"http:\/\/roczyny.edu.pl\/wp-content\/uploads\/2022\/12\/grafika-AMOS-300x225.jpg\" alt=\"\" width=\"759\" height=\"569\" srcset=\"http:\/\/roczyny.edu.pl\/wp-content\/uploads\/2022\/12\/grafika-AMOS-300x225.jpg 300w, http:\/\/roczyny.edu.pl\/wp-content\/uploads\/2022\/12\/grafika-AMOS-768x576.jpg 768w, http:\/\/roczyny.edu.pl\/wp-content\/uploads\/2022\/12\/grafika-AMOS-660x495.jpg 660w, http:\/\/roczyny.edu.pl\/wp-content\/uploads\/2022\/12\/grafika-AMOS-250x188.jpg 250w, http:\/\/roczyny.edu.pl\/wp-content\/uploads\/2022\/12\/grafika-AMOS-550x413.jpg 550w, http:\/\/roczyny.edu.pl\/wp-content\/uploads\/2022\/12\/grafika-AMOS-240x180.jpg 240w, http:\/\/roczyny.edu.pl\/wp-content\/uploads\/2022\/12\/grafika-AMOS-400x300.jpg 400w, http:\/\/roczyny.edu.pl\/wp-content\/uploads\/2022\/12\/grafika-AMOS-667x500.jpg 667w, http:\/\/roczyny.edu.pl\/wp-content\/uploads\/2022\/12\/grafika-AMOS.jpg 800w\" sizes=\"(max-width: 759px) 100vw, 759px\" \/><\/p><\/blockquote>\n","protected":false},"excerpt":{"rendered":"<p>Nasze przedszkole przy\u0142\u0105czy\u0142o si\u0119 do akcji zbierania pustych tubek po kleju AMOS. Po uzbieraniu 120 opakowa\u0144 przedszkole otrzyma 30 nowych tubek kleju potrzebnego podczas codziennych zaj\u0119\u0107. Dzi\u0119ki powt\u00f3rnemu wykorzystaniu opakowa\u0144 wspieramy ochron\u0119 \u015brodowiska. B\u0105d\u017amy EKO &#8211; zbierajmy opakowania po kleju! Puste opakowania prosz\u0119 przynosi\u0107 do wychowawc\u00f3w grupy PA \u201cMisie \u201c. Dzi\u0119kujemy!<\/p>\n","protected":false},"author":5,"featured_media":4743,"comment_status":"closed","ping_status":"closed","sticky":false,"template":"","format":"standard","meta":{"bgseo_title":"","bgseo_description":"","bgseo_robots_index":"index","bgseo_robots_follow":"follow"},"categories":[4,1,12,6,7],"tags":[],"_links":{"self":[{"href":"http:\/\/roczyny.edu.pl\/index.php\/wp-json\/wp\/v2\/posts\/4742"}],"collection":[{"href":"http:\/\/roczyny.edu.pl\/index.php\/wp-json\/wp\/v2\/posts"}],"about":[{"href":"http:\/\/roczyny.edu.pl\/index.php\/wp-json\/wp\/v2\/types\/post"}],"author":[{"embeddable":true,"href":"http:\/\/roczyny.edu.pl\/index.php\/wp-json\/wp\/v2\/users\/5"}],"replies":[{"embeddable":true,"href":"http:\/\/roczyny.edu.pl\/index.php\/wp-json\/wp\/v2\/comments?post=4742"}],"version-history":[{"count":1,"href":"http:\/\/roczyny.edu.pl\/index.php\/wp-json\/wp\/v2\/posts\/4742\/revisions"}],"predecessor-version":[{"id":4744,"href":"http:\/\/roczyny.edu.pl\/index.php\/wp-json\/wp\/v2\/posts\/4742\/revisions\/4744"}],"wp:featuredmedia":[{"embeddable":true,"href":"http:\/\/roczyny.edu.pl\/index.php\/wp-json\/wp\/v2\/media\/4743"}],"wp:attachment":[{"href":"http:\/\/roczyny.edu.pl\/index.php\/wp-json\/wp\/v2\/media?parent=4742"}],"wp:term":[{"taxonomy":"category","embeddable":true,"href":"http:\/\/roczyny.edu.pl\/index.php\/wp-json\/wp\/v2\/categories?post=4742"},{"taxonomy":"post_tag","embeddable":true,"href":"http:\/\/roczyny.edu.pl\/index.php\/wp-json\/wp\/v2\/tags?post=4742"}],"curies":[{"name":"wp","href":"https:\/\/api.w.org\/{rel}","templated":true}]}}