{"id":4745,"date":"2022-12-04T19:01:04","date_gmt":"2022-12-04T18:01:04","guid":{"rendered":"http:\/\/roczyny.edu.pl\/?p=4745"},"modified":"2022-12-04T19:01:04","modified_gmt":"2022-12-04T18:01:04","slug":"rozstrzygniecie-konkursu-kolorowa-jesien","status":"publish","type":"post","link":"http:\/\/roczyny.edu.pl\/index.php\/2022\/12\/04\/rozstrzygniecie-konkursu-kolorowa-jesien\/","title":{"rendered":"Rozstrzygni\u0119cie konkursu \u201eKolorowa Jesie\u0144\u201d"},"content":{"rendered":"<blockquote><p>W naszym przedszkolu zago\u015bci\u0142a Kolorowa Jesie\u0144 \u00a0i rozstrzygni\u0119ty zosta\u0142 konkurs<\/p>\n<p>plastyczny o tym samym tytule.<br \/>\nDo konkursu zg\u0142oszone zosta\u0142o 27 prac, kt\u00f3re dzieci wykona\u0142y we wsp\u00f3\u0142pracy z rodzicami.<br \/>\nKa\u017cda z prac by\u0142a wyj\u0105tkowa i bardzo pi\u0119kna, przez co nasze jury mia\u0142o nie lada wyzwanie,<br \/>\nby wy\u0142oni\u0107 zwyci\u0119zc\u00f3w! Komisja konkursowa by\u0142a zachwycona kreatywno\u015bci\u0105 i<br \/>\npomys\u0142owo\u015bci\u0105.<br \/>\nGratulujemy laureatom i zach\u0119camy wszystkich do udzia\u0142u w kolejnych konkursach, kt\u00f3re<br \/>\nb\u0119d\u0105 organizowane w naszym przedszkolu. Dzi\u0119kujemy r\u00f3wnie\u017c Rodzicom za tak du\u017ce<br \/>\nzaanga\u017cowanie!<img loading=\"lazy\" class=\" wp-image-4746 alignright\" src=\"http:\/\/roczyny.edu.pl\/wp-content\/uploads\/2022\/12\/63189f35efe6c_o_large-300x209.jpg\" alt=\"\" width=\"356\" height=\"248\" srcset=\"http:\/\/roczyny.edu.pl\/wp-content\/uploads\/2022\/12\/63189f35efe6c_o_large-300x209.jpg 300w, http:\/\/roczyny.edu.pl\/wp-content\/uploads\/2022\/12\/63189f35efe6c_o_large-768x535.jpg 768w, http:\/\/roczyny.edu.pl\/wp-content\/uploads\/2022\/12\/63189f35efe6c_o_large-660x460.jpg 660w, http:\/\/roczyny.edu.pl\/wp-content\/uploads\/2022\/12\/63189f35efe6c_o_large-200x140.jpg 200w, http:\/\/roczyny.edu.pl\/wp-content\/uploads\/2022\/12\/63189f35efe6c_o_large-250x174.jpg 250w, http:\/\/roczyny.edu.pl\/wp-content\/uploads\/2022\/12\/63189f35efe6c_o_large-550x383.jpg 550w, http:\/\/roczyny.edu.pl\/wp-content\/uploads\/2022\/12\/63189f35efe6c_o_large-800x558.jpg 800w, http:\/\/roczyny.edu.pl\/wp-content\/uploads\/2022\/12\/63189f35efe6c_o_large-258x180.jpg 258w, http:\/\/roczyny.edu.pl\/wp-content\/uploads\/2022\/12\/63189f35efe6c_o_large-430x300.jpg 430w, http:\/\/roczyny.edu.pl\/wp-content\/uploads\/2022\/12\/63189f35efe6c_o_large-717x500.jpg 717w, http:\/\/roczyny.edu.pl\/wp-content\/uploads\/2022\/12\/63189f35efe6c_o_large.jpg 852w\" sizes=\"(max-width: 356px) 100vw, 356px\" \/><br \/>\nGrupa 3,4 \u2013 latki<br \/>\nI miejsce Jowita G.<br \/>\nII miejsce Szymon S.<br \/>\nIII miejsce Julia W.<br \/>\nWyr\u00f3\u017cnienie:<br \/>\nAleksandra P.<br \/>\nMaksymilian M.<br \/>\nMarcin F.<br \/>\nTymon H.<br \/>\nKajetan W.<br \/>\nMatylda K.<br \/>\nGrupa 5 \u2013 latki<br \/>\nI miejsce Laura A.<br \/>\nII miejsce Tymon \u0141.<br \/>\nIII miejsce Patrycja P.<br \/>\nWyr\u00f3\u017cnienie:<br \/>\nArleta K.<br \/>\nAlan M.<br \/>\nTomasz N.<br \/>\nJulia W.<br \/>\nGrupa 6 \u2013 latki<br \/>\nI miejsce Nikola K.<br \/>\nII miejsce Nikodem W.<\/p>\n<p>III miejsce Miko\u0142aj W.<br \/>\nWyr\u00f3\u017cnienie:<br \/>\nAmelia R.<br \/>\nKarol F.<br \/>\nWojciech P.<br \/>\nOlga S.<br \/>\nIga B.<br \/>\nAntonina K.<br \/>\n\u0141ukasz K.<br \/>\nKornelia K.<\/p><\/blockquote>\n","protected":false},"excerpt":{"rendered":"<p>W naszym przedszkolu zago\u015bci\u0142a Kolorowa Jesie\u0144 \u00a0i rozstrzygni\u0119ty zosta\u0142 konkurs plastyczny o tym samym tytule. Do konkursu zg\u0142oszone zosta\u0142o 27 prac, kt\u00f3re dzieci wykona\u0142y we wsp\u00f3\u0142pracy z rodzicami. Ka\u017cda z prac by\u0142a wyj\u0105tkowa i bardzo pi\u0119kna, przez co nasze jury mia\u0142o nie lada wyzwanie, by wy\u0142oni\u0107 zwyci\u0119zc\u00f3w! Komisja konkursowa by\u0142a zachwycona kreatywno\u015bci\u0105 i pomys\u0142owo\u015bci\u0105. Gratulujemy\u2026 <span class=\"read-more\"><a href=\"http:\/\/roczyny.edu.pl\/index.php\/2022\/12\/04\/rozstrzygniecie-konkursu-kolorowa-jesien\/\">Czytaj dalej &raquo;<\/a><\/span><\/p>\n","protected":false},"author":5,"featured_media":4746,"comment_status":"closed","ping_status":"closed","sticky":false,"template":"","format":"standard","meta":{"bgseo_title":"","bgseo_description":"","bgseo_robots_index":"index","bgseo_robots_follow":"follow"},"categories":[4,12,6,7],"tags":[],"_links":{"self":[{"href":"http:\/\/roczyny.edu.pl\/index.php\/wp-json\/wp\/v2\/posts\/4745"}],"collection":[{"href":"http:\/\/roczyny.edu.pl\/index.php\/wp-json\/wp\/v2\/posts"}],"about":[{"href":"http:\/\/roczyny.edu.pl\/index.php\/wp-json\/wp\/v2\/types\/post"}],"author":[{"embeddable":true,"href":"http:\/\/roczyny.edu.pl\/index.php\/wp-json\/wp\/v2\/users\/5"}],"replies":[{"embeddable":true,"href":"http:\/\/roczyny.edu.pl\/index.php\/wp-json\/wp\/v2\/comments?post=4745"}],"version-history":[{"count":2,"href":"http:\/\/roczyny.edu.pl\/index.php\/wp-json\/wp\/v2\/posts\/4745\/revisions"}],"predecessor-version":[{"id":4748,"href":"http:\/\/roczyny.edu.pl\/index.php\/wp-json\/wp\/v2\/posts\/4745\/revisions\/4748"}],"wp:featuredmedia":[{"embeddable":true,"href":"http:\/\/roczyny.edu.pl\/index.php\/wp-json\/wp\/v2\/media\/4746"}],"wp:attachment":[{"href":"http:\/\/roczyny.edu.pl\/index.php\/wp-json\/wp\/v2\/media?parent=4745"}],"wp:term":[{"taxonomy":"category","embeddable":true,"href":"http:\/\/roczyny.edu.pl\/index.php\/wp-json\/wp\/v2\/categories?post=4745"},{"taxonomy":"post_tag","embeddable":true,"href":"http:\/\/roczyny.edu.pl\/index.php\/wp-json\/wp\/v2\/tags?post=4745"}],"curies":[{"name":"wp","href":"https:\/\/api.w.org\/{rel}","templated":true}]}}