{"id":5161,"date":"2023-01-08T18:12:31","date_gmt":"2023-01-08T17:12:31","guid":{"rendered":"http:\/\/roczyny.edu.pl\/?p=5161"},"modified":"2023-01-08T18:12:31","modified_gmt":"2023-01-08T17:12:31","slug":"podziekowania-2","status":"publish","type":"post","link":"http:\/\/roczyny.edu.pl\/index.php\/2023\/01\/08\/podziekowania-2\/","title":{"rendered":"PODZI\u0118KOWANIA"},"content":{"rendered":"<blockquote>\n<div dir=\"auto\"><img loading=\"lazy\" class=\" wp-image-5162 alignleft\" src=\"http:\/\/roczyny.edu.pl\/wp-content\/uploads\/2023\/01\/Obraz-3-218x300.jpg\" alt=\"\" width=\"343\" height=\"472\" srcset=\"http:\/\/roczyny.edu.pl\/wp-content\/uploads\/2023\/01\/Obraz-3-218x300.jpg 218w, http:\/\/roczyny.edu.pl\/wp-content\/uploads\/2023\/01\/Obraz-3-745x1024.jpg 745w, http:\/\/roczyny.edu.pl\/wp-content\/uploads\/2023\/01\/Obraz-3-768x1056.jpg 768w, http:\/\/roczyny.edu.pl\/wp-content\/uploads\/2023\/01\/Obraz-3-1117x1536.jpg 1117w, http:\/\/roczyny.edu.pl\/wp-content\/uploads\/2023\/01\/Obraz-3-1489x2048.jpg 1489w, http:\/\/roczyny.edu.pl\/wp-content\/uploads\/2023\/01\/Obraz-3-660x908.jpg 660w, http:\/\/roczyny.edu.pl\/wp-content\/uploads\/2023\/01\/Obraz-3-250x344.jpg 250w, http:\/\/roczyny.edu.pl\/wp-content\/uploads\/2023\/01\/Obraz-3-550x756.jpg 550w, http:\/\/roczyny.edu.pl\/wp-content\/uploads\/2023\/01\/Obraz-3-800x1100.jpg 800w, http:\/\/roczyny.edu.pl\/wp-content\/uploads\/2023\/01\/Obraz-3-131x180.jpg 131w, http:\/\/roczyny.edu.pl\/wp-content\/uploads\/2023\/01\/Obraz-3-364x500.jpg 364w, http:\/\/roczyny.edu.pl\/wp-content\/uploads\/2023\/01\/Obraz-3.jpg 1700w\" sizes=\"(max-width: 343px) 100vw, 343px\" \/><\/div>\n<div dir=\"auto\">W grudniu w naszej szkole brali\u015bmy udzia\u0142 w Og\u00f3lnopolskiej akcji &#8222;Paczuszka dla maluszka&#8221;.W tym roku uda\u0142o si\u0119 zebra\u0107 4 pud\u0142a potrzebnych artyku\u0142\u00f3w pierwszej potrzeby dla dzieci, kt\u00f3re 5 stycznia zosta\u0142y przekazane Hospicjum Domowemu im. Kr\u00f3lowej Aposto\u0142\u00f3w filia w Andrychowie. Pod opiek\u0105 tego hospicjum jest obecnie ponad 20 dzieci i ka\u017cda pomoc dla nich jest wielka.\u00a0Tego typu akcj\u0119 zawsze pobudzaj\u0105 serca dzieci i ch\u0119tnie w miar\u0119 mo\u017cliwo\u015bci rodziny pomagaj\u0105, a choinka pod kt\u00f3r\u0105 zgromadzili\u015bmy artyku\u0142y do samych \u015bwi\u0105t rozrasta\u0142a si\u0119 coraz bardziej.<\/div>\n<div>Wszystkim darczy\u0144com serdecznie dzi\u0119kujemy &#8211; bo dobro zawsze powraca.<\/div>\n<\/blockquote>\n<div><\/div>\n<div><\/div>\n<div><\/div>\n<div><\/div>\n<div><\/div>\n<div><\/div>\n<div><\/div>\n<div>\n<div class=\"wc-gallery\"><div id='gallery-1' data-gutter-width='5' data-columns='3' class='gallery wc-gallery-captions-onhover gallery-link-post gallery-masonry galleryid-5161 gallery-columns-3 gallery-size-thumbnail wc-gallery-bottomspace-default wc-gallery-clear'><div class='gallery-item gallery-item-position-1 gallery-item-attachment-5170'>\n\t\t\t\t<div class='gallery-icon landscape'>\n\t\t\t\t\t<a href='http:\/\/roczyny.edu.pl\/index.php\/2023\/01\/08\/podziekowania-2\/img20230105074821\/' title='IMG20230105074821' target='_self'><img width=\"150\" height=\"150\" src=\"http:\/\/roczyny.edu.pl\/wp-content\/uploads\/2023\/01\/IMG20230105074821-150x150.jpg\" class=\"attachment-thumbnail size-thumbnail\" alt=\"\" loading=\"lazy\" data-attachment-id=\"5170\" srcset=\"http:\/\/roczyny.edu.pl\/wp-content\/uploads\/2023\/01\/IMG20230105074821-150x150.jpg 150w, http:\/\/roczyny.edu.pl\/wp-content\/uploads\/2023\/01\/IMG20230105074821-48x48.jpg 48w, http:\/\/roczyny.edu.pl\/wp-content\/uploads\/2023\/01\/IMG20230105074821-300x300.jpg 300w\" sizes=\"(max-width: 150px) 100vw, 150px\" \/><\/a>\n\t\t\t\t<\/div><\/div><div class='gallery-item gallery-item-position-2 gallery-item-attachment-5169'>\n\t\t\t\t<div class='gallery-icon portrait'>\n\t\t\t\t\t<a href='http:\/\/roczyny.edu.pl\/index.php\/2023\/01\/08\/podziekowania-2\/img20230105074812\/' title='IMG20230105074812' target='_self'><img width=\"150\" height=\"150\" src=\"http:\/\/roczyny.edu.pl\/wp-content\/uploads\/2023\/01\/IMG20230105074812-150x150.jpg\" class=\"attachment-thumbnail size-thumbnail\" alt=\"\" loading=\"lazy\" data-attachment-id=\"5169\" srcset=\"http:\/\/roczyny.edu.pl\/wp-content\/uploads\/2023\/01\/IMG20230105074812-150x150.jpg 150w, http:\/\/roczyny.edu.pl\/wp-content\/uploads\/2023\/01\/IMG20230105074812-48x48.jpg 48w, http:\/\/roczyny.edu.pl\/wp-content\/uploads\/2023\/01\/IMG20230105074812-300x300.jpg 300w\" sizes=\"(max-width: 150px) 100vw, 150px\" \/><\/a>\n\t\t\t\t<\/div><\/div><div class='gallery-item gallery-item-position-3 gallery-item-attachment-5168'>\n\t\t\t\t<div class='gallery-icon landscape'>\n\t\t\t\t\t<a href='http:\/\/roczyny.edu.pl\/index.php\/2023\/01\/08\/podziekowania-2\/img20230105074825\/' title='IMG20230105074825' target='_self'><img width=\"150\" height=\"150\" src=\"http:\/\/roczyny.edu.pl\/wp-content\/uploads\/2023\/01\/IMG20230105074825-150x150.jpg\" class=\"attachment-thumbnail size-thumbnail\" alt=\"\" loading=\"lazy\" data-attachment-id=\"5168\" srcset=\"http:\/\/roczyny.edu.pl\/wp-content\/uploads\/2023\/01\/IMG20230105074825-150x150.jpg 150w, http:\/\/roczyny.edu.pl\/wp-content\/uploads\/2023\/01\/IMG20230105074825-48x48.jpg 48w, http:\/\/roczyny.edu.pl\/wp-content\/uploads\/2023\/01\/IMG20230105074825-300x300.jpg 300w\" sizes=\"(max-width: 150px) 100vw, 150px\" \/><\/a>\n\t\t\t\t<\/div><\/div><div class='gallery-item gallery-item-position-4 gallery-item-attachment-5167'>\n\t\t\t\t<div class='gallery-icon portrait'>\n\t\t\t\t\t<a href='http:\/\/roczyny.edu.pl\/index.php\/2023\/01\/08\/podziekowania-2\/obraz-3-3\/' title='Obraz (3)' target='_self'><img width=\"150\" height=\"150\" src=\"http:\/\/roczyny.edu.pl\/wp-content\/uploads\/2023\/01\/Obraz-3-1-150x150.jpg\" class=\"attachment-thumbnail size-thumbnail\" alt=\"\" loading=\"lazy\" data-attachment-id=\"5167\" srcset=\"http:\/\/roczyny.edu.pl\/wp-content\/uploads\/2023\/01\/Obraz-3-1-150x150.jpg 150w, http:\/\/roczyny.edu.pl\/wp-content\/uploads\/2023\/01\/Obraz-3-1-48x48.jpg 48w, http:\/\/roczyny.edu.pl\/wp-content\/uploads\/2023\/01\/Obraz-3-1-300x300.jpg 300w\" sizes=\"(max-width: 150px) 100vw, 150px\" \/><\/a>\n\t\t\t\t<\/div><\/div><\/div>\n<\/div>\n<\/div>\n","protected":false},"excerpt":{"rendered":"<p>W grudniu w naszej szkole brali\u015bmy udzia\u0142 w Og\u00f3lnopolskiej akcji &#8222;Paczuszka dla maluszka&#8221;.W tym roku uda\u0142o si\u0119 zebra\u0107 4 pud\u0142a potrzebnych artyku\u0142\u00f3w pierwszej potrzeby dla dzieci, kt\u00f3re 5 stycznia zosta\u0142y przekazane Hospicjum Domowemu im. Kr\u00f3lowej Aposto\u0142\u00f3w filia w Andrychowie. Pod opiek\u0105 tego hospicjum jest obecnie ponad 20 dzieci i ka\u017cda pomoc dla nich jest wielka.\u00a0Tego\u2026 <span class=\"read-more\"><a href=\"http:\/\/roczyny.edu.pl\/index.php\/2023\/01\/08\/podziekowania-2\/\">Czytaj dalej &raquo;<\/a><\/span><\/p>\n","protected":false},"author":5,"featured_media":5162,"comment_status":"closed","ping_status":"closed","sticky":false,"template":"","format":"standard","meta":{"bgseo_title":"","bgseo_description":"","bgseo_robots_index":"index","bgseo_robots_follow":"follow"},"categories":[1],"tags":[],"_links":{"self":[{"href":"http:\/\/roczyny.edu.pl\/index.php\/wp-json\/wp\/v2\/posts\/5161"}],"collection":[{"href":"http:\/\/roczyny.edu.pl\/index.php\/wp-json\/wp\/v2\/posts"}],"about":[{"href":"http:\/\/roczyny.edu.pl\/index.php\/wp-json\/wp\/v2\/types\/post"}],"author":[{"embeddable":true,"href":"http:\/\/roczyny.edu.pl\/index.php\/wp-json\/wp\/v2\/users\/5"}],"replies":[{"embeddable":true,"href":"http:\/\/roczyny.edu.pl\/index.php\/wp-json\/wp\/v2\/comments?post=5161"}],"version-history":[{"count":6,"href":"http:\/\/roczyny.edu.pl\/index.php\/wp-json\/wp\/v2\/posts\/5161\/revisions"}],"predecessor-version":[{"id":5172,"href":"http:\/\/roczyny.edu.pl\/index.php\/wp-json\/wp\/v2\/posts\/5161\/revisions\/5172"}],"wp:featuredmedia":[{"embeddable":true,"href":"http:\/\/roczyny.edu.pl\/index.php\/wp-json\/wp\/v2\/media\/5162"}],"wp:attachment":[{"href":"http:\/\/roczyny.edu.pl\/index.php\/wp-json\/wp\/v2\/media?parent=5161"}],"wp:term":[{"taxonomy":"category","embeddable":true,"href":"http:\/\/roczyny.edu.pl\/index.php\/wp-json\/wp\/v2\/categories?post=5161"},{"taxonomy":"post_tag","embeddable":true,"href":"http:\/\/roczyny.edu.pl\/index.php\/wp-json\/wp\/v2\/tags?post=5161"}],"curies":[{"name":"wp","href":"https:\/\/api.w.org\/{rel}","templated":true}]}}