{"id":5489,"date":"2023-02-24T10:06:36","date_gmt":"2023-02-24T09:06:36","guid":{"rendered":"http:\/\/roczyny.edu.pl\/?p=5489"},"modified":"2023-02-24T10:06:36","modified_gmt":"2023-02-24T09:06:36","slug":"wizyta-w-bibliotece","status":"publish","type":"post","link":"http:\/\/roczyny.edu.pl\/index.php\/2023\/02\/24\/wizyta-w-bibliotece\/","title":{"rendered":"Wizyta w Bibliotece"},"content":{"rendered":"<blockquote>\n<p style=\"text-align: center;\">Dnia 22.02.2023r. dzieci z grupy PG \u201eLiski\u201d odwiedzi\u0142y Bibliotek\u0119 Szkoln\u0105 przy ZSS w Roczynach.<br \/>\nPodczas spotkania z Pani\u0105 Barbar\u0105 Kolber dzieci dowiedzia\u0142y si\u0119 co musz\u0105 zrobi\u0107, aby zosta\u0107<br \/>\nczytelnikiem biblioteki. Zobaczy\u0142y jak wygl\u0105da karta czytelnika oraz pozna\u0142y zasady wypo\u017cyczania ksi\u0105\u017cek. Pani bibliotekarka przeczyta\u0142a opowiadanie, kt\u00f3re bardzo zaciekawi\u0142o dzieci. Spotkanie odbywa\u0142o si\u0119 w mi\u0142ej, pe\u0142nej u\u015bmiech\u00f3w i wra\u017ce\u0144 atmosferze. Dla wielu przedszkolak\u00f3w, nie by\u0142a to pierwsza wizyta w \u201edomu ksi\u0105\u017cek\u201d, ale na pewno nie ostatnia.<\/p>\n<div class=\"wc-gallery\"><div id='gallery-1' data-gutter-width='5' data-columns='3' class='gallery wc-gallery-captions-onhover gallery-link-none gallery-masonry galleryid-5489 gallery-columns-3 gallery-size-thumbnail wc-gallery-bottomspace-default wc-gallery-clear'><div class='gallery-item gallery-item-position-1 gallery-item-attachment-5490'>\n\t\t\t\t<div class='gallery-icon landscape'>\n\t\t\t\t\t<img width=\"150\" height=\"150\" src=\"http:\/\/roczyny.edu.pl\/wp-content\/uploads\/2023\/02\/Image-1-7-150x150.jpg\" class=\"attachment-thumbnail size-thumbnail\" alt=\"\" loading=\"lazy\" srcset=\"http:\/\/roczyny.edu.pl\/wp-content\/uploads\/2023\/02\/Image-1-7-150x150.jpg 150w, http:\/\/roczyny.edu.pl\/wp-content\/uploads\/2023\/02\/Image-1-7-48x48.jpg 48w, http:\/\/roczyny.edu.pl\/wp-content\/uploads\/2023\/02\/Image-1-7-300x300.jpg 300w\" sizes=\"(max-width: 150px) 100vw, 150px\" \/>\n\t\t\t\t<\/div><\/div><div class='gallery-item gallery-item-position-2 gallery-item-attachment-5491'>\n\t\t\t\t<div class='gallery-icon landscape'>\n\t\t\t\t\t<img width=\"150\" height=\"150\" src=\"http:\/\/roczyny.edu.pl\/wp-content\/uploads\/2023\/02\/Image-1-6-150x150.jpg\" class=\"attachment-thumbnail size-thumbnail\" alt=\"\" loading=\"lazy\" srcset=\"http:\/\/roczyny.edu.pl\/wp-content\/uploads\/2023\/02\/Image-1-6-150x150.jpg 150w, http:\/\/roczyny.edu.pl\/wp-content\/uploads\/2023\/02\/Image-1-6-48x48.jpg 48w, http:\/\/roczyny.edu.pl\/wp-content\/uploads\/2023\/02\/Image-1-6-300x300.jpg 300w\" sizes=\"(max-width: 150px) 100vw, 150px\" \/>\n\t\t\t\t<\/div><\/div><div class='gallery-item gallery-item-position-3 gallery-item-attachment-5492'>\n\t\t\t\t<div class='gallery-icon landscape'>\n\t\t\t\t\t<img width=\"150\" height=\"150\" src=\"http:\/\/roczyny.edu.pl\/wp-content\/uploads\/2023\/02\/Image-1-5-150x150.jpg\" class=\"attachment-thumbnail size-thumbnail\" alt=\"\" loading=\"lazy\" srcset=\"http:\/\/roczyny.edu.pl\/wp-content\/uploads\/2023\/02\/Image-1-5-150x150.jpg 150w, http:\/\/roczyny.edu.pl\/wp-content\/uploads\/2023\/02\/Image-1-5-48x48.jpg 48w, http:\/\/roczyny.edu.pl\/wp-content\/uploads\/2023\/02\/Image-1-5-300x300.jpg 300w\" sizes=\"(max-width: 150px) 100vw, 150px\" \/>\n\t\t\t\t<\/div><\/div><div class='gallery-item gallery-item-position-4 gallery-item-attachment-5493'>\n\t\t\t\t<div class='gallery-icon portrait'>\n\t\t\t\t\t<img width=\"150\" height=\"150\" src=\"http:\/\/roczyny.edu.pl\/wp-content\/uploads\/2023\/02\/Image-1-4-150x150.jpg\" class=\"attachment-thumbnail size-thumbnail\" alt=\"\" loading=\"lazy\" srcset=\"http:\/\/roczyny.edu.pl\/wp-content\/uploads\/2023\/02\/Image-1-4-150x150.jpg 150w, http:\/\/roczyny.edu.pl\/wp-content\/uploads\/2023\/02\/Image-1-4-48x48.jpg 48w, http:\/\/roczyny.edu.pl\/wp-content\/uploads\/2023\/02\/Image-1-4-300x300.jpg 300w\" sizes=\"(max-width: 150px) 100vw, 150px\" \/>\n\t\t\t\t<\/div><\/div><div class='gallery-item gallery-item-position-5 gallery-item-attachment-5494'>\n\t\t\t\t<div class='gallery-icon portrait'>\n\t\t\t\t\t<img width=\"150\" height=\"150\" src=\"http:\/\/roczyny.edu.pl\/wp-content\/uploads\/2023\/02\/Image-1-3-150x150.jpg\" class=\"attachment-thumbnail size-thumbnail\" alt=\"\" loading=\"lazy\" srcset=\"http:\/\/roczyny.edu.pl\/wp-content\/uploads\/2023\/02\/Image-1-3-150x150.jpg 150w, http:\/\/roczyny.edu.pl\/wp-content\/uploads\/2023\/02\/Image-1-3-48x48.jpg 48w, http:\/\/roczyny.edu.pl\/wp-content\/uploads\/2023\/02\/Image-1-3-300x300.jpg 300w\" sizes=\"(max-width: 150px) 100vw, 150px\" \/>\n\t\t\t\t<\/div><\/div><div class='gallery-item gallery-item-position-6 gallery-item-attachment-5495'>\n\t\t\t\t<div class='gallery-icon portrait'>\n\t\t\t\t\t<img width=\"150\" height=\"150\" src=\"http:\/\/roczyny.edu.pl\/wp-content\/uploads\/2023\/02\/Image-1-2-150x150.jpg\" class=\"attachment-thumbnail size-thumbnail\" alt=\"\" loading=\"lazy\" srcset=\"http:\/\/roczyny.edu.pl\/wp-content\/uploads\/2023\/02\/Image-1-2-150x150.jpg 150w, http:\/\/roczyny.edu.pl\/wp-content\/uploads\/2023\/02\/Image-1-2-48x48.jpg 48w, http:\/\/roczyny.edu.pl\/wp-content\/uploads\/2023\/02\/Image-1-2-300x300.jpg 300w\" sizes=\"(max-width: 150px) 100vw, 150px\" \/>\n\t\t\t\t<\/div><\/div><div class='gallery-item gallery-item-position-7 gallery-item-attachment-5496'>\n\t\t\t\t<div class='gallery-icon portrait'>\n\t\t\t\t\t<img width=\"150\" height=\"150\" src=\"http:\/\/roczyny.edu.pl\/wp-content\/uploads\/2023\/02\/Image-1-1-150x150.jpg\" class=\"attachment-thumbnail size-thumbnail\" alt=\"\" loading=\"lazy\" srcset=\"http:\/\/roczyny.edu.pl\/wp-content\/uploads\/2023\/02\/Image-1-1-150x150.jpg 150w, http:\/\/roczyny.edu.pl\/wp-content\/uploads\/2023\/02\/Image-1-1-48x48.jpg 48w, http:\/\/roczyny.edu.pl\/wp-content\/uploads\/2023\/02\/Image-1-1-300x300.jpg 300w\" sizes=\"(max-width: 150px) 100vw, 150px\" \/>\n\t\t\t\t<\/div><\/div><div class='gallery-item gallery-item-position-8 gallery-item-attachment-5497'>\n\t\t\t\t<div class='gallery-icon portrait'>\n\t\t\t\t\t<img width=\"150\" height=\"150\" src=\"http:\/\/roczyny.edu.pl\/wp-content\/uploads\/2023\/02\/Image-1-150x150.jpg\" class=\"attachment-thumbnail size-thumbnail\" alt=\"\" loading=\"lazy\" srcset=\"http:\/\/roczyny.edu.pl\/wp-content\/uploads\/2023\/02\/Image-1-150x150.jpg 150w, http:\/\/roczyny.edu.pl\/wp-content\/uploads\/2023\/02\/Image-1-48x48.jpg 48w, http:\/\/roczyny.edu.pl\/wp-content\/uploads\/2023\/02\/Image-1-300x300.jpg 300w\" sizes=\"(max-width: 150px) 100vw, 150px\" \/>\n\t\t\t\t<\/div><\/div><\/div>\n<\/div><\/blockquote>\n","protected":false},"excerpt":{"rendered":"<p>Dnia 22.02.2023r. dzieci z grupy PG \u201eLiski\u201d odwiedzi\u0142y Bibliotek\u0119 Szkoln\u0105 przy ZSS w Roczynach. Podczas spotkania z Pani\u0105 Barbar\u0105 Kolber dzieci dowiedzia\u0142y si\u0119 co musz\u0105 zrobi\u0107, aby zosta\u0107 czytelnikiem biblioteki. Zobaczy\u0142y jak wygl\u0105da karta czytelnika oraz pozna\u0142y zasady wypo\u017cyczania ksi\u0105\u017cek. Pani bibliotekarka przeczyta\u0142a opowiadanie, kt\u00f3re bardzo zaciekawi\u0142o dzieci. Spotkanie odbywa\u0142o si\u0119 w mi\u0142ej, pe\u0142nej u\u015bmiech\u00f3w\u2026 <span class=\"read-more\"><a href=\"http:\/\/roczyny.edu.pl\/index.php\/2023\/02\/24\/wizyta-w-bibliotece\/\">Czytaj dalej &raquo;<\/a><\/span><\/p>\n","protected":false},"author":5,"featured_media":5494,"comment_status":"closed","ping_status":"closed","sticky":false,"template":"","format":"standard","meta":{"bgseo_title":"","bgseo_description":"","bgseo_robots_index":"index","bgseo_robots_follow":"follow"},"categories":[4,1,6],"tags":[],"_links":{"self":[{"href":"http:\/\/roczyny.edu.pl\/index.php\/wp-json\/wp\/v2\/posts\/5489"}],"collection":[{"href":"http:\/\/roczyny.edu.pl\/index.php\/wp-json\/wp\/v2\/posts"}],"about":[{"href":"http:\/\/roczyny.edu.pl\/index.php\/wp-json\/wp\/v2\/types\/post"}],"author":[{"embeddable":true,"href":"http:\/\/roczyny.edu.pl\/index.php\/wp-json\/wp\/v2\/users\/5"}],"replies":[{"embeddable":true,"href":"http:\/\/roczyny.edu.pl\/index.php\/wp-json\/wp\/v2\/comments?post=5489"}],"version-history":[{"count":5,"href":"http:\/\/roczyny.edu.pl\/index.php\/wp-json\/wp\/v2\/posts\/5489\/revisions"}],"predecessor-version":[{"id":5502,"href":"http:\/\/roczyny.edu.pl\/index.php\/wp-json\/wp\/v2\/posts\/5489\/revisions\/5502"}],"wp:featuredmedia":[{"embeddable":true,"href":"http:\/\/roczyny.edu.pl\/index.php\/wp-json\/wp\/v2\/media\/5494"}],"wp:attachment":[{"href":"http:\/\/roczyny.edu.pl\/index.php\/wp-json\/wp\/v2\/media?parent=5489"}],"wp:term":[{"taxonomy":"category","embeddable":true,"href":"http:\/\/roczyny.edu.pl\/index.php\/wp-json\/wp\/v2\/categories?post=5489"},{"taxonomy":"post_tag","embeddable":true,"href":"http:\/\/roczyny.edu.pl\/index.php\/wp-json\/wp\/v2\/tags?post=5489"}],"curies":[{"name":"wp","href":"https:\/\/api.w.org\/{rel}","templated":true}]}}