{"id":5505,"date":"2023-02-25T18:49:41","date_gmt":"2023-02-25T17:49:41","guid":{"rendered":"http:\/\/roczyny.edu.pl\/?p=5505"},"modified":"2023-02-25T18:51:55","modified_gmt":"2023-02-25T17:51:55","slug":"pomagamy-zosi","status":"publish","type":"post","link":"http:\/\/roczyny.edu.pl\/index.php\/2023\/02\/25\/pomagamy-zosi\/","title":{"rendered":"POMAGAMY ZOSI!"},"content":{"rendered":"<p>Szanowni Pa\u0144stwo!<\/p>\n<p>Na wniosek \u00a0organizator\u00f3w akcji charytatywnej zwracamy si\u0119 z pro\u015bb\u0105 \u00a0o wsparcie akcji pomocy dla Zosi Paj\u0105k ze Skawinek. Zosia choruje na SMA i nie kwalifikuje si\u0119 do refundacji terapii. Zbieramy \u00a0zabawki (u\u017cywane, ale niezniszczone) oraz s\u0142odycze, kt\u00f3re pozwol\u0105 na stworzenie paczek na kiermasz. Doch\u00f3d z kiermaszu zostanie przeznaczony na zbi\u00f3rk\u0119 dla Zosi \u2013 SIEPOMAGA (wi\u0119cej informacji na plakatach w za\u0142\u0105czniku). Dary sk\u0142ada\u0107 mo\u017cna w szatni w ZSS w Roczynach od poniedzia\u0142ku 27 lutego.<\/p>\n<p>Z g\u00f3ry serdecznie dzi\u0119kujemy \u2013 Armia Zosi!<\/p>\n<div class=\"wc-gallery\"><div id='gallery-1' data-gutter-width='5' data-columns='2' class='gallery wc-gallery-captions-onhover gallery-link-file gallery-masonry galleryid-5505 gallery-columns-2 gallery-size-large wc-gallery-bottomspace-default wc-gallery-clear'><div class='gallery-item gallery-item-position-1 gallery-item-attachment-5509'>\n\t\t\t\t<div class='gallery-icon portrait'>\n\t\t\t\t\t<a href='http:\/\/roczyny.edu.pl\/wp-content\/uploads\/2023\/02\/IMG20230225184246-scaled-e1677347176694-768x1024.jpg' title='IMG20230225184246' target='_self' rel=\"lightbox[5505]\"><img width=\"665\" height=\"887\" src=\"http:\/\/roczyny.edu.pl\/wp-content\/uploads\/2023\/02\/IMG20230225184246-scaled-e1677347176694-768x1024.jpg\" class=\"attachment-large size-large\" alt=\"\" loading=\"lazy\" data-attachment-id=\"5509\" srcset=\"http:\/\/roczyny.edu.pl\/wp-content\/uploads\/2023\/02\/IMG20230225184246-scaled-e1677347176694-768x1024.jpg 768w, http:\/\/roczyny.edu.pl\/wp-content\/uploads\/2023\/02\/IMG20230225184246-scaled-e1677347176694-225x300.jpg 225w, http:\/\/roczyny.edu.pl\/wp-content\/uploads\/2023\/02\/IMG20230225184246-scaled-e1677347176694-1152x1536.jpg 1152w, http:\/\/roczyny.edu.pl\/wp-content\/uploads\/2023\/02\/IMG20230225184246-scaled-e1677347176694-1536x2048.jpg 1536w, http:\/\/roczyny.edu.pl\/wp-content\/uploads\/2023\/02\/IMG20230225184246-scaled-e1677347176694-660x880.jpg 660w, http:\/\/roczyny.edu.pl\/wp-content\/uploads\/2023\/02\/IMG20230225184246-scaled-e1677347176694-250x333.jpg 250w, http:\/\/roczyny.edu.pl\/wp-content\/uploads\/2023\/02\/IMG20230225184246-scaled-e1677347176694-550x733.jpg 550w, http:\/\/roczyny.edu.pl\/wp-content\/uploads\/2023\/02\/IMG20230225184246-scaled-e1677347176694-800x1067.jpg 800w, http:\/\/roczyny.edu.pl\/wp-content\/uploads\/2023\/02\/IMG20230225184246-scaled-e1677347176694-135x180.jpg 135w, http:\/\/roczyny.edu.pl\/wp-content\/uploads\/2023\/02\/IMG20230225184246-scaled-e1677347176694-375x500.jpg 375w, http:\/\/roczyny.edu.pl\/wp-content\/uploads\/2023\/02\/IMG20230225184246-scaled-e1677347176694.jpg 1920w\" sizes=\"(max-width: 665px) 100vw, 665px\" \/><\/a>\n\t\t\t\t<\/div><\/div><div class='gallery-item gallery-item-position-2 gallery-item-attachment-5507'>\n\t\t\t\t<div class='gallery-icon portrait'>\n\t\t\t\t\t<a href='http:\/\/roczyny.edu.pl\/wp-content\/uploads\/2023\/02\/received_1164445077547881.jpeg-576x1024.jpg' title='received_1164445077547881.jpeg' target='_self' rel=\"lightbox[5505]\"><img width=\"576\" height=\"1024\" src=\"http:\/\/roczyny.edu.pl\/wp-content\/uploads\/2023\/02\/received_1164445077547881.jpeg-576x1024.jpg\" class=\"attachment-large size-large\" alt=\"\" loading=\"lazy\" data-attachment-id=\"5507\" srcset=\"http:\/\/roczyny.edu.pl\/wp-content\/uploads\/2023\/02\/received_1164445077547881.jpeg-576x1024.jpg 576w, http:\/\/roczyny.edu.pl\/wp-content\/uploads\/2023\/02\/received_1164445077547881.jpeg-169x300.jpg 169w, http:\/\/roczyny.edu.pl\/wp-content\/uploads\/2023\/02\/received_1164445077547881.jpeg-768x1365.jpg 768w, http:\/\/roczyny.edu.pl\/wp-content\/uploads\/2023\/02\/received_1164445077547881.jpeg-864x1536.jpg 864w, http:\/\/roczyny.edu.pl\/wp-content\/uploads\/2023\/02\/received_1164445077547881.jpeg-660x1173.jpg 660w, http:\/\/roczyny.edu.pl\/wp-content\/uploads\/2023\/02\/received_1164445077547881.jpeg-250x444.jpg 250w, http:\/\/roczyny.edu.pl\/wp-content\/uploads\/2023\/02\/received_1164445077547881.jpeg-550x978.jpg 550w, http:\/\/roczyny.edu.pl\/wp-content\/uploads\/2023\/02\/received_1164445077547881.jpeg-800x1422.jpg 800w, http:\/\/roczyny.edu.pl\/wp-content\/uploads\/2023\/02\/received_1164445077547881.jpeg-101x180.jpg 101w, http:\/\/roczyny.edu.pl\/wp-content\/uploads\/2023\/02\/received_1164445077547881.jpeg-281x500.jpg 281w, http:\/\/roczyny.edu.pl\/wp-content\/uploads\/2023\/02\/received_1164445077547881.jpeg.jpg 896w\" sizes=\"(max-width: 576px) 100vw, 576px\" \/><\/a>\n\t\t\t\t<\/div><\/div><\/div>\n<\/div>\n","protected":false},"excerpt":{"rendered":"<p>Szanowni Pa\u0144stwo! Na wniosek \u00a0organizator\u00f3w akcji charytatywnej zwracamy si\u0119 z pro\u015bb\u0105 \u00a0o wsparcie akcji pomocy dla Zosi Paj\u0105k ze Skawinek. Zosia choruje na SMA i nie kwalifikuje si\u0119 do refundacji terapii. Zbieramy \u00a0zabawki (u\u017cywane, ale niezniszczone) oraz s\u0142odycze, kt\u00f3re pozwol\u0105 na stworzenie paczek na kiermasz. Doch\u00f3d z kiermaszu zostanie przeznaczony na zbi\u00f3rk\u0119 dla Zosi \u2013\u2026 <span class=\"read-more\"><a href=\"http:\/\/roczyny.edu.pl\/index.php\/2023\/02\/25\/pomagamy-zosi\/\">Czytaj dalej &raquo;<\/a><\/span><\/p>\n","protected":false},"author":3,"featured_media":5507,"comment_status":"closed","ping_status":"closed","sticky":false,"template":"","format":"standard","meta":{"bgseo_title":"","bgseo_description":"","bgseo_robots_index":"index","bgseo_robots_follow":"follow"},"categories":[4,11],"tags":[],"_links":{"self":[{"href":"http:\/\/roczyny.edu.pl\/index.php\/wp-json\/wp\/v2\/posts\/5505"}],"collection":[{"href":"http:\/\/roczyny.edu.pl\/index.php\/wp-json\/wp\/v2\/posts"}],"about":[{"href":"http:\/\/roczyny.edu.pl\/index.php\/wp-json\/wp\/v2\/types\/post"}],"author":[{"embeddable":true,"href":"http:\/\/roczyny.edu.pl\/index.php\/wp-json\/wp\/v2\/users\/3"}],"replies":[{"embeddable":true,"href":"http:\/\/roczyny.edu.pl\/index.php\/wp-json\/wp\/v2\/comments?post=5505"}],"version-history":[{"count":3,"href":"http:\/\/roczyny.edu.pl\/index.php\/wp-json\/wp\/v2\/posts\/5505\/revisions"}],"predecessor-version":[{"id":5511,"href":"http:\/\/roczyny.edu.pl\/index.php\/wp-json\/wp\/v2\/posts\/5505\/revisions\/5511"}],"wp:featuredmedia":[{"embeddable":true,"href":"http:\/\/roczyny.edu.pl\/index.php\/wp-json\/wp\/v2\/media\/5507"}],"wp:attachment":[{"href":"http:\/\/roczyny.edu.pl\/index.php\/wp-json\/wp\/v2\/media?parent=5505"}],"wp:term":[{"taxonomy":"category","embeddable":true,"href":"http:\/\/roczyny.edu.pl\/index.php\/wp-json\/wp\/v2\/categories?post=5505"},{"taxonomy":"post_tag","embeddable":true,"href":"http:\/\/roczyny.edu.pl\/index.php\/wp-json\/wp\/v2\/tags?post=5505"}],"curies":[{"name":"wp","href":"https:\/\/api.w.org\/{rel}","templated":true}]}}