{"id":7223,"date":"2023-09-27T08:32:01","date_gmt":"2023-09-27T06:32:01","guid":{"rendered":"http:\/\/roczyny.edu.pl\/?p=7223"},"modified":"2023-09-27T08:32:01","modified_gmt":"2023-09-27T06:32:01","slug":"projekt-edukacyjny-witaminki","status":"publish","type":"post","link":"http:\/\/roczyny.edu.pl\/index.php\/2023\/09\/27\/projekt-edukacyjny-witaminki\/","title":{"rendered":"PROJEKT EDUKACYJNY \u2018WITAMINKI\u201d"},"content":{"rendered":"<p><img loading=\"lazy\" class=\"wp-image-7230 aligncenter\" src=\"http:\/\/roczyny.edu.pl\/wp-content\/uploads\/2023\/09\/obraz2023-08-30133903023-300x225.png\" alt=\"\" width=\"811\" height=\"608\" srcset=\"http:\/\/roczyny.edu.pl\/wp-content\/uploads\/2023\/09\/obraz2023-08-30133903023-300x225.png 300w, http:\/\/roczyny.edu.pl\/wp-content\/uploads\/2023\/09\/obraz2023-08-30133903023-768x576.png 768w, http:\/\/roczyny.edu.pl\/wp-content\/uploads\/2023\/09\/obraz2023-08-30133903023-660x495.png 660w, http:\/\/roczyny.edu.pl\/wp-content\/uploads\/2023\/09\/obraz2023-08-30133903023-250x188.png 250w, http:\/\/roczyny.edu.pl\/wp-content\/uploads\/2023\/09\/obraz2023-08-30133903023-550x413.png 550w, http:\/\/roczyny.edu.pl\/wp-content\/uploads\/2023\/09\/obraz2023-08-30133903023-240x180.png 240w, http:\/\/roczyny.edu.pl\/wp-content\/uploads\/2023\/09\/obraz2023-08-30133903023-400x300.png 400w, http:\/\/roczyny.edu.pl\/wp-content\/uploads\/2023\/09\/obraz2023-08-30133903023-667x500.png 667w, http:\/\/roczyny.edu.pl\/wp-content\/uploads\/2023\/09\/obraz2023-08-30133903023.png 800w\" sizes=\"(max-width: 811px) 100vw, 811px\" \/><\/p>\n<h2 style=\"text-align: center;\">PROJEKT EDUKACYJNY \u2018WITAMINKI\u201d<\/h2>\n<h2 style=\"text-align: center;\">Nasze przedszkolaki z grupy \u201cM\u0105dre S\u00f3wki\u201d pod opiek\u0105 wychowawczyni<\/h2>\n<h2 style=\"text-align: center;\">Iwony Downar-Nowak bior\u0105 udzia\u0142 w projekcie:<\/h2>\n<h2 style=\"text-align: center;\">WITAMINKI<\/h2>\n<h2 style=\"text-align: center;\">Jest to projekt edukacyjny, promuj\u0105cy zdrowe nawyki \u017cywieniowe.<\/h2>\n<h2 style=\"text-align: center;\">Dzieci podczas zaj\u0119\u0107 mog\u0142y spr\u00f3bowa\u0107 og\u00f3rk\u00f3w pod r\u00f3\u017cn\u0105 postaci\u0105. Dowiedzia\u0142y si\u0119 tak\u017ce,<br \/>\n\u017ce og\u00f3rki mo\u017cna uprawia\u0107 w gruncie a tak\u017ce w szklarni. Na koniec zaj\u0119\u0107 dzieci pokolorowa\u0142y<\/h2>\n<h2 style=\"text-align: center;\">posta\u0107 og\u00f3rka o imieniu OLEK &#8211; pierwszego bohatera tego projektu.<\/h2>\n<p>&nbsp;<\/p>\n<p><img loading=\"lazy\" class=\"wp-image-7227 aligncenter\" src=\"http:\/\/roczyny.edu.pl\/wp-content\/uploads\/2023\/09\/383341515_699075628300594_5928123791879314897_n-300x225.jpg\" alt=\"\" width=\"763\" height=\"572\" srcset=\"http:\/\/roczyny.edu.pl\/wp-content\/uploads\/2023\/09\/383341515_699075628300594_5928123791879314897_n-300x225.jpg 300w, http:\/\/roczyny.edu.pl\/wp-content\/uploads\/2023\/09\/383341515_699075628300594_5928123791879314897_n-1024x768.jpg 1024w, http:\/\/roczyny.edu.pl\/wp-content\/uploads\/2023\/09\/383341515_699075628300594_5928123791879314897_n-768x576.jpg 768w, http:\/\/roczyny.edu.pl\/wp-content\/uploads\/2023\/09\/383341515_699075628300594_5928123791879314897_n-1536x1152.jpg 1536w, http:\/\/roczyny.edu.pl\/wp-content\/uploads\/2023\/09\/383341515_699075628300594_5928123791879314897_n-660x495.jpg 660w, http:\/\/roczyny.edu.pl\/wp-content\/uploads\/2023\/09\/383341515_699075628300594_5928123791879314897_n-250x188.jpg 250w, http:\/\/roczyny.edu.pl\/wp-content\/uploads\/2023\/09\/383341515_699075628300594_5928123791879314897_n-550x413.jpg 550w, http:\/\/roczyny.edu.pl\/wp-content\/uploads\/2023\/09\/383341515_699075628300594_5928123791879314897_n-800x600.jpg 800w, http:\/\/roczyny.edu.pl\/wp-content\/uploads\/2023\/09\/383341515_699075628300594_5928123791879314897_n-240x180.jpg 240w, http:\/\/roczyny.edu.pl\/wp-content\/uploads\/2023\/09\/383341515_699075628300594_5928123791879314897_n-400x300.jpg 400w, http:\/\/roczyny.edu.pl\/wp-content\/uploads\/2023\/09\/383341515_699075628300594_5928123791879314897_n-667x500.jpg 667w, http:\/\/roczyny.edu.pl\/wp-content\/uploads\/2023\/09\/383341515_699075628300594_5928123791879314897_n.jpg 2000w\" sizes=\"(max-width: 763px) 100vw, 763px\" \/><\/p>\n<p><img loading=\"lazy\" class=\"wp-image-7229 aligncenter\" src=\"http:\/\/roczyny.edu.pl\/wp-content\/uploads\/2023\/09\/384188263_351050250685275_4760219490708183334_n-300x225.jpg\" alt=\"\" width=\"668\" height=\"501\" srcset=\"http:\/\/roczyny.edu.pl\/wp-content\/uploads\/2023\/09\/384188263_351050250685275_4760219490708183334_n-300x225.jpg 300w, http:\/\/roczyny.edu.pl\/wp-content\/uploads\/2023\/09\/384188263_351050250685275_4760219490708183334_n-1024x768.jpg 1024w, http:\/\/roczyny.edu.pl\/wp-content\/uploads\/2023\/09\/384188263_351050250685275_4760219490708183334_n-768x576.jpg 768w, http:\/\/roczyny.edu.pl\/wp-content\/uploads\/2023\/09\/384188263_351050250685275_4760219490708183334_n-1536x1152.jpg 1536w, http:\/\/roczyny.edu.pl\/wp-content\/uploads\/2023\/09\/384188263_351050250685275_4760219490708183334_n-660x495.jpg 660w, http:\/\/roczyny.edu.pl\/wp-content\/uploads\/2023\/09\/384188263_351050250685275_4760219490708183334_n-250x188.jpg 250w, http:\/\/roczyny.edu.pl\/wp-content\/uploads\/2023\/09\/384188263_351050250685275_4760219490708183334_n-550x413.jpg 550w, http:\/\/roczyny.edu.pl\/wp-content\/uploads\/2023\/09\/384188263_351050250685275_4760219490708183334_n-800x600.jpg 800w, http:\/\/roczyny.edu.pl\/wp-content\/uploads\/2023\/09\/384188263_351050250685275_4760219490708183334_n-240x180.jpg 240w, http:\/\/roczyny.edu.pl\/wp-content\/uploads\/2023\/09\/384188263_351050250685275_4760219490708183334_n-400x300.jpg 400w, http:\/\/roczyny.edu.pl\/wp-content\/uploads\/2023\/09\/384188263_351050250685275_4760219490708183334_n-667x500.jpg 667w, http:\/\/roczyny.edu.pl\/wp-content\/uploads\/2023\/09\/384188263_351050250685275_4760219490708183334_n.jpg 2000w\" sizes=\"(max-width: 668px) 100vw, 668px\" \/><\/p>\n<p><img loading=\"lazy\" class=\"wp-image-7225 aligncenter\" src=\"http:\/\/roczyny.edu.pl\/wp-content\/uploads\/2023\/09\/384029972_3242579482554109_231350510186905259_n-300x225.jpg\" alt=\"\" width=\"797\" height=\"597\" srcset=\"http:\/\/roczyny.edu.pl\/wp-content\/uploads\/2023\/09\/384029972_3242579482554109_231350510186905259_n-300x225.jpg 300w, http:\/\/roczyny.edu.pl\/wp-content\/uploads\/2023\/09\/384029972_3242579482554109_231350510186905259_n-1024x768.jpg 1024w, http:\/\/roczyny.edu.pl\/wp-content\/uploads\/2023\/09\/384029972_3242579482554109_231350510186905259_n-768x576.jpg 768w, http:\/\/roczyny.edu.pl\/wp-content\/uploads\/2023\/09\/384029972_3242579482554109_231350510186905259_n-1536x1152.jpg 1536w, http:\/\/roczyny.edu.pl\/wp-content\/uploads\/2023\/09\/384029972_3242579482554109_231350510186905259_n-660x495.jpg 660w, http:\/\/roczyny.edu.pl\/wp-content\/uploads\/2023\/09\/384029972_3242579482554109_231350510186905259_n-250x188.jpg 250w, http:\/\/roczyny.edu.pl\/wp-content\/uploads\/2023\/09\/384029972_3242579482554109_231350510186905259_n-550x413.jpg 550w, http:\/\/roczyny.edu.pl\/wp-content\/uploads\/2023\/09\/384029972_3242579482554109_231350510186905259_n-800x600.jpg 800w, http:\/\/roczyny.edu.pl\/wp-content\/uploads\/2023\/09\/384029972_3242579482554109_231350510186905259_n-240x180.jpg 240w, http:\/\/roczyny.edu.pl\/wp-content\/uploads\/2023\/09\/384029972_3242579482554109_231350510186905259_n-400x300.jpg 400w, http:\/\/roczyny.edu.pl\/wp-content\/uploads\/2023\/09\/384029972_3242579482554109_231350510186905259_n-667x500.jpg 667w, http:\/\/roczyny.edu.pl\/wp-content\/uploads\/2023\/09\/384029972_3242579482554109_231350510186905259_n.jpg 2048w\" sizes=\"(max-width: 797px) 100vw, 797px\" \/><\/p>\n<p>&nbsp;<\/p>\n<p><img loading=\"lazy\" class=\"alignnone  wp-image-7226\" src=\"http:\/\/roczyny.edu.pl\/wp-content\/uploads\/2023\/09\/383246339_6658865267483665_6994471928015319617_n-300x225.jpg\" alt=\"\" width=\"953\" height=\"715\" srcset=\"http:\/\/roczyny.edu.pl\/wp-content\/uploads\/2023\/09\/383246339_6658865267483665_6994471928015319617_n-300x225.jpg 300w, http:\/\/roczyny.edu.pl\/wp-content\/uploads\/2023\/09\/383246339_6658865267483665_6994471928015319617_n-1024x768.jpg 1024w, http:\/\/roczyny.edu.pl\/wp-content\/uploads\/2023\/09\/383246339_6658865267483665_6994471928015319617_n-768x576.jpg 768w, http:\/\/roczyny.edu.pl\/wp-content\/uploads\/2023\/09\/383246339_6658865267483665_6994471928015319617_n-1536x1152.jpg 1536w, http:\/\/roczyny.edu.pl\/wp-content\/uploads\/2023\/09\/383246339_6658865267483665_6994471928015319617_n-660x495.jpg 660w, http:\/\/roczyny.edu.pl\/wp-content\/uploads\/2023\/09\/383246339_6658865267483665_6994471928015319617_n-250x188.jpg 250w, http:\/\/roczyny.edu.pl\/wp-content\/uploads\/2023\/09\/383246339_6658865267483665_6994471928015319617_n-550x413.jpg 550w, http:\/\/roczyny.edu.pl\/wp-content\/uploads\/2023\/09\/383246339_6658865267483665_6994471928015319617_n-800x600.jpg 800w, http:\/\/roczyny.edu.pl\/wp-content\/uploads\/2023\/09\/383246339_6658865267483665_6994471928015319617_n-240x180.jpg 240w, http:\/\/roczyny.edu.pl\/wp-content\/uploads\/2023\/09\/383246339_6658865267483665_6994471928015319617_n-400x300.jpg 400w, http:\/\/roczyny.edu.pl\/wp-content\/uploads\/2023\/09\/383246339_6658865267483665_6994471928015319617_n-667x500.jpg 667w, http:\/\/roczyny.edu.pl\/wp-content\/uploads\/2023\/09\/383246339_6658865267483665_6994471928015319617_n.jpg 2000w\" sizes=\"(max-width: 953px) 100vw, 953px\" \/><\/p>\n<p><img loading=\"lazy\" class=\"wp-image-7228 aligncenter\" src=\"http:\/\/roczyny.edu.pl\/wp-content\/uploads\/2023\/09\/384171396_988013985836898_8833466784305823649_n-225x300.jpg\" alt=\"\" width=\"1030\" height=\"1373\" srcset=\"http:\/\/roczyny.edu.pl\/wp-content\/uploads\/2023\/09\/384171396_988013985836898_8833466784305823649_n-225x300.jpg 225w, http:\/\/roczyny.edu.pl\/wp-content\/uploads\/2023\/09\/384171396_988013985836898_8833466784305823649_n-768x1024.jpg 768w, http:\/\/roczyny.edu.pl\/wp-content\/uploads\/2023\/09\/384171396_988013985836898_8833466784305823649_n-1152x1536.jpg 1152w, http:\/\/roczyny.edu.pl\/wp-content\/uploads\/2023\/09\/384171396_988013985836898_8833466784305823649_n-660x880.jpg 660w, http:\/\/roczyny.edu.pl\/wp-content\/uploads\/2023\/09\/384171396_988013985836898_8833466784305823649_n-250x333.jpg 250w, http:\/\/roczyny.edu.pl\/wp-content\/uploads\/2023\/09\/384171396_988013985836898_8833466784305823649_n-550x733.jpg 550w, http:\/\/roczyny.edu.pl\/wp-content\/uploads\/2023\/09\/384171396_988013985836898_8833466784305823649_n-800x1067.jpg 800w, http:\/\/roczyny.edu.pl\/wp-content\/uploads\/2023\/09\/384171396_988013985836898_8833466784305823649_n-135x180.jpg 135w, http:\/\/roczyny.edu.pl\/wp-content\/uploads\/2023\/09\/384171396_988013985836898_8833466784305823649_n-375x500.jpg 375w, http:\/\/roczyny.edu.pl\/wp-content\/uploads\/2023\/09\/384171396_988013985836898_8833466784305823649_n.jpg 1536w\" sizes=\"(max-width: 1030px) 100vw, 1030px\" \/><\/p>\n","protected":false},"excerpt":{"rendered":"<p>PROJEKT EDUKACYJNY \u2018WITAMINKI\u201d Nasze przedszkolaki z grupy \u201cM\u0105dre S\u00f3wki\u201d pod opiek\u0105 wychowawczyni Iwony Downar-Nowak bior\u0105 udzia\u0142 w projekcie: WITAMINKI Jest to projekt edukacyjny, promuj\u0105cy zdrowe nawyki \u017cywieniowe. Dzieci podczas zaj\u0119\u0107 mog\u0142y spr\u00f3bowa\u0107 og\u00f3rk\u00f3w pod r\u00f3\u017cn\u0105 postaci\u0105. Dowiedzia\u0142y si\u0119 tak\u017ce, \u017ce og\u00f3rki mo\u017cna uprawia\u0107 w gruncie a tak\u017ce w szklarni. Na koniec zaj\u0119\u0107 dzieci pokolorowa\u0142y posta\u0107\u2026 <span class=\"read-more\"><a href=\"http:\/\/roczyny.edu.pl\/index.php\/2023\/09\/27\/projekt-edukacyjny-witaminki\/\">Czytaj dalej &raquo;<\/a><\/span><\/p>\n","protected":false},"author":5,"featured_media":7230,"comment_status":"closed","ping_status":"closed","sticky":false,"template":"","format":"standard","meta":{"bgseo_title":"","bgseo_description":"","bgseo_robots_index":"index","bgseo_robots_follow":"follow"},"categories":[4,1,6,7],"tags":[],"_links":{"self":[{"href":"http:\/\/roczyny.edu.pl\/index.php\/wp-json\/wp\/v2\/posts\/7223"}],"collection":[{"href":"http:\/\/roczyny.edu.pl\/index.php\/wp-json\/wp\/v2\/posts"}],"about":[{"href":"http:\/\/roczyny.edu.pl\/index.php\/wp-json\/wp\/v2\/types\/post"}],"author":[{"embeddable":true,"href":"http:\/\/roczyny.edu.pl\/index.php\/wp-json\/wp\/v2\/users\/5"}],"replies":[{"embeddable":true,"href":"http:\/\/roczyny.edu.pl\/index.php\/wp-json\/wp\/v2\/comments?post=7223"}],"version-history":[{"count":1,"href":"http:\/\/roczyny.edu.pl\/index.php\/wp-json\/wp\/v2\/posts\/7223\/revisions"}],"predecessor-version":[{"id":7231,"href":"http:\/\/roczyny.edu.pl\/index.php\/wp-json\/wp\/v2\/posts\/7223\/revisions\/7231"}],"wp:featuredmedia":[{"embeddable":true,"href":"http:\/\/roczyny.edu.pl\/index.php\/wp-json\/wp\/v2\/media\/7230"}],"wp:attachment":[{"href":"http:\/\/roczyny.edu.pl\/index.php\/wp-json\/wp\/v2\/media?parent=7223"}],"wp:term":[{"taxonomy":"category","embeddable":true,"href":"http:\/\/roczyny.edu.pl\/index.php\/wp-json\/wp\/v2\/categories?post=7223"},{"taxonomy":"post_tag","embeddable":true,"href":"http:\/\/roczyny.edu.pl\/index.php\/wp-json\/wp\/v2\/tags?post=7223"}],"curies":[{"name":"wp","href":"https:\/\/api.w.org\/{rel}","templated":true}]}}