{"id":7361,"date":"2023-10-03T08:00:57","date_gmt":"2023-10-03T06:00:57","guid":{"rendered":"http:\/\/roczyny.edu.pl\/?p=7361"},"modified":"2023-10-03T08:01:32","modified_gmt":"2023-10-03T06:01:32","slug":"po-polsku-o-historii","status":"publish","type":"post","link":"http:\/\/roczyny.edu.pl\/index.php\/2023\/10\/03\/po-polsku-o-historii\/","title":{"rendered":"Po polsku o historii"},"content":{"rendered":"<p>Dnia 27.09.2023r. ju\u017c kolejny raz nasi uczniowie zmierzyli si\u0119 z polsk\u0105 ortografi\u0105 w dw\u00f3ch kategoriach wiekowych, klas 4-6 i klas 7-8. <strong>W XI Og\u00f3lnopolskim Dyktandzie Niepodleg\u0142o\u015bciowym<\/strong> najlepiej na etapie szkolnym poradzili sobie:<\/p>\n<p>1.Filip Zmiertka 6a<br \/>\n2.Milena Bryja 6a; Milena S\u0142anek 4a<br \/>\n3.Hanna Koloch 4c<br \/>\n4.Tymoteusz Izbi\u0144ski 5a<br \/>\n5.Piotr \u0106wiertnia 6b<br \/>\n6.Oliwia Bizo\u0144 5b<br \/>\n7.Antonina Siwiec 4c<br \/>\n8.Wiktoria Bizo\u0144 5b<\/p>\n<p>1.Bartosz Sordyl 7b<br \/>\n2.Kacper Sawka 8a<br \/>\n3.Jakub Giza 7b<br \/>\n4.Bart\u0142omiej Kud\u0142acik 8a<\/p>\n<p>\u017byczymy powodzenia w kwalifikacji do etapu wojew\u00f3dzkiego, kt\u00f3ry odb\u0119dzie si\u0119 26.10.2023r.<\/p>\n<div class=\"wc-gallery\"><div id='gallery-1' data-gutter-width='5' data-columns='3' class='gallery wc-gallery-captions-onhover gallery-link-file gallery-masonry galleryid-7361 gallery-columns-3 gallery-size-medium wc-gallery-bottomspace-default wc-gallery-clear'><div class='gallery-item gallery-item-position-1 gallery-item-attachment-7363'>\n\t\t\t\t<div class='gallery-icon portrait'>\n\t\t\t\t\t<a href='http:\/\/roczyny.edu.pl\/wp-content\/uploads\/2023\/10\/20230927_130639-768x1024.jpg' title='20230927_130639' target='_self' rel=\"lightbox[7361]\"><img width=\"225\" height=\"300\" src=\"http:\/\/roczyny.edu.pl\/wp-content\/uploads\/2023\/10\/20230927_130639-225x300.jpg\" class=\"attachment-medium size-medium\" alt=\"\" loading=\"lazy\" data-attachment-id=\"7363\" srcset=\"http:\/\/roczyny.edu.pl\/wp-content\/uploads\/2023\/10\/20230927_130639-225x300.jpg 225w, http:\/\/roczyny.edu.pl\/wp-content\/uploads\/2023\/10\/20230927_130639-768x1024.jpg 768w, http:\/\/roczyny.edu.pl\/wp-content\/uploads\/2023\/10\/20230927_130639-1152x1536.jpg 1152w, http:\/\/roczyny.edu.pl\/wp-content\/uploads\/2023\/10\/20230927_130639-1536x2048.jpg 1536w, http:\/\/roczyny.edu.pl\/wp-content\/uploads\/2023\/10\/20230927_130639-660x880.jpg 660w, http:\/\/roczyny.edu.pl\/wp-content\/uploads\/2023\/10\/20230927_130639-250x333.jpg 250w, http:\/\/roczyny.edu.pl\/wp-content\/uploads\/2023\/10\/20230927_130639-550x733.jpg 550w, http:\/\/roczyny.edu.pl\/wp-content\/uploads\/2023\/10\/20230927_130639-800x1067.jpg 800w, http:\/\/roczyny.edu.pl\/wp-content\/uploads\/2023\/10\/20230927_130639-135x180.jpg 135w, http:\/\/roczyny.edu.pl\/wp-content\/uploads\/2023\/10\/20230927_130639-375x500.jpg 375w, http:\/\/roczyny.edu.pl\/wp-content\/uploads\/2023\/10\/20230927_130639-scaled.jpg 1920w\" sizes=\"(max-width: 225px) 100vw, 225px\" \/><\/a>\n\t\t\t\t<\/div><\/div><div class='gallery-item gallery-item-position-2 gallery-item-attachment-7364'>\n\t\t\t\t<div class='gallery-icon portrait'>\n\t\t\t\t\t<a href='http:\/\/roczyny.edu.pl\/wp-content\/uploads\/2023\/10\/20230927_130643-768x1024.jpg' title='20230927_130643' target='_self' rel=\"lightbox[7361]\"><img width=\"225\" height=\"300\" src=\"http:\/\/roczyny.edu.pl\/wp-content\/uploads\/2023\/10\/20230927_130643-225x300.jpg\" class=\"attachment-medium size-medium\" alt=\"\" loading=\"lazy\" data-attachment-id=\"7364\" srcset=\"http:\/\/roczyny.edu.pl\/wp-content\/uploads\/2023\/10\/20230927_130643-225x300.jpg 225w, http:\/\/roczyny.edu.pl\/wp-content\/uploads\/2023\/10\/20230927_130643-768x1024.jpg 768w, http:\/\/roczyny.edu.pl\/wp-content\/uploads\/2023\/10\/20230927_130643-1152x1536.jpg 1152w, http:\/\/roczyny.edu.pl\/wp-content\/uploads\/2023\/10\/20230927_130643-1536x2048.jpg 1536w, http:\/\/roczyny.edu.pl\/wp-content\/uploads\/2023\/10\/20230927_130643-660x880.jpg 660w, http:\/\/roczyny.edu.pl\/wp-content\/uploads\/2023\/10\/20230927_130643-250x333.jpg 250w, http:\/\/roczyny.edu.pl\/wp-content\/uploads\/2023\/10\/20230927_130643-550x733.jpg 550w, http:\/\/roczyny.edu.pl\/wp-content\/uploads\/2023\/10\/20230927_130643-800x1067.jpg 800w, http:\/\/roczyny.edu.pl\/wp-content\/uploads\/2023\/10\/20230927_130643-135x180.jpg 135w, http:\/\/roczyny.edu.pl\/wp-content\/uploads\/2023\/10\/20230927_130643-375x500.jpg 375w, http:\/\/roczyny.edu.pl\/wp-content\/uploads\/2023\/10\/20230927_130643-scaled.jpg 1920w\" sizes=\"(max-width: 225px) 100vw, 225px\" \/><\/a>\n\t\t\t\t<\/div><\/div><\/div>\n<\/div>\n<p>&nbsp;<\/p>\n","protected":false},"excerpt":{"rendered":"<p>Dnia 27.09.2023r. ju\u017c kolejny raz nasi uczniowie zmierzyli si\u0119 z polsk\u0105 ortografi\u0105 w dw\u00f3ch kategoriach wiekowych, klas 4-6 i klas 7-8. W XI Og\u00f3lnopolskim Dyktandzie Niepodleg\u0142o\u015bciowym najlepiej na etapie szkolnym poradzili sobie: 1.Filip Zmiertka 6a 2.Milena Bryja 6a; Milena S\u0142anek 4a 3.Hanna Koloch 4c 4.Tymoteusz Izbi\u0144ski 5a 5.Piotr \u0106wiertnia 6b 6.Oliwia Bizo\u0144 5b 7.Antonina Siwiec\u2026 <span class=\"read-more\"><a href=\"http:\/\/roczyny.edu.pl\/index.php\/2023\/10\/03\/po-polsku-o-historii\/\">Czytaj dalej &raquo;<\/a><\/span><\/p>\n","protected":false},"author":7,"featured_media":7362,"comment_status":"closed","ping_status":"closed","sticky":false,"template":"","format":"standard","meta":{"bgseo_title":"","bgseo_description":"","bgseo_robots_index":"index","bgseo_robots_follow":"follow"},"categories":[4,1,8],"tags":[],"_links":{"self":[{"href":"http:\/\/roczyny.edu.pl\/index.php\/wp-json\/wp\/v2\/posts\/7361"}],"collection":[{"href":"http:\/\/roczyny.edu.pl\/index.php\/wp-json\/wp\/v2\/posts"}],"about":[{"href":"http:\/\/roczyny.edu.pl\/index.php\/wp-json\/wp\/v2\/types\/post"}],"author":[{"embeddable":true,"href":"http:\/\/roczyny.edu.pl\/index.php\/wp-json\/wp\/v2\/users\/7"}],"replies":[{"embeddable":true,"href":"http:\/\/roczyny.edu.pl\/index.php\/wp-json\/wp\/v2\/comments?post=7361"}],"version-history":[{"count":2,"href":"http:\/\/roczyny.edu.pl\/index.php\/wp-json\/wp\/v2\/posts\/7361\/revisions"}],"predecessor-version":[{"id":7366,"href":"http:\/\/roczyny.edu.pl\/index.php\/wp-json\/wp\/v2\/posts\/7361\/revisions\/7366"}],"wp:featuredmedia":[{"embeddable":true,"href":"http:\/\/roczyny.edu.pl\/index.php\/wp-json\/wp\/v2\/media\/7362"}],"wp:attachment":[{"href":"http:\/\/roczyny.edu.pl\/index.php\/wp-json\/wp\/v2\/media?parent=7361"}],"wp:term":[{"taxonomy":"category","embeddable":true,"href":"http:\/\/roczyny.edu.pl\/index.php\/wp-json\/wp\/v2\/categories?post=7361"},{"taxonomy":"post_tag","embeddable":true,"href":"http:\/\/roczyny.edu.pl\/index.php\/wp-json\/wp\/v2\/tags?post=7361"}],"curies":[{"name":"wp","href":"https:\/\/api.w.org\/{rel}","templated":true}]}}