{"id":7400,"date":"2023-10-07T20:05:33","date_gmt":"2023-10-07T18:05:33","guid":{"rendered":"http:\/\/roczyny.edu.pl\/?p=7400"},"modified":"2023-10-07T20:05:33","modified_gmt":"2023-10-07T18:05:33","slug":"dzien-glosnego-czytania-2","status":"publish","type":"post","link":"http:\/\/roczyny.edu.pl\/index.php\/2023\/10\/07\/dzien-glosnego-czytania-2\/","title":{"rendered":"Dzie\u0144 G\u0142o\u015bnego Czytania"},"content":{"rendered":"<h2 style=\"text-align: center;\">Jak co roku w naszej szkole obchodzili\u015bmy Dzie\u0144 G\u0142o\u015bnego Czytania. Tym razem w bibliotece pani Basia\u00a0<span class=\"il\">Kolber<\/span>\u00a0czyta\u0142a uczniom fragmenty lektur, natomiast uczniowie klasy 7a wraz z pani\u0105 Agat\u0105 \u0106wiertni\u0105 czytali fragment &#8222;Nad Niemnem&#8221; Elizy Orzeszkowej. Tym samym z niewielkim op\u00f3\u017anieniem przy\u0142\u0105czyli\u015bmy si\u0119 do akcji Narodowe Czytanie.<\/h2>\n<h2 dir=\"auto\" style=\"text-align: center;\">Dzi\u0119kujemy panu Dyrektorowi za u\u015bwietnienie swoj\u0105 obecno\u015bci\u0105 naszych dzia\u0142a\u0144.<\/h2>\n<p><img loading=\"lazy\" class=\"wp-image-7402 aligncenter\" src=\"http:\/\/roczyny.edu.pl\/wp-content\/uploads\/2023\/10\/IMG_20230929_115642_SR-300x135.jpg\" alt=\"\" width=\"849\" height=\"382\" srcset=\"http:\/\/roczyny.edu.pl\/wp-content\/uploads\/2023\/10\/IMG_20230929_115642_SR-300x135.jpg 300w, http:\/\/roczyny.edu.pl\/wp-content\/uploads\/2023\/10\/IMG_20230929_115642_SR-1024x461.jpg 1024w, http:\/\/roczyny.edu.pl\/wp-content\/uploads\/2023\/10\/IMG_20230929_115642_SR-768x346.jpg 768w, http:\/\/roczyny.edu.pl\/wp-content\/uploads\/2023\/10\/IMG_20230929_115642_SR-1536x691.jpg 1536w, http:\/\/roczyny.edu.pl\/wp-content\/uploads\/2023\/10\/IMG_20230929_115642_SR-2048x922.jpg 2048w, http:\/\/roczyny.edu.pl\/wp-content\/uploads\/2023\/10\/IMG_20230929_115642_SR-660x297.jpg 660w, http:\/\/roczyny.edu.pl\/wp-content\/uploads\/2023\/10\/IMG_20230929_115642_SR-250x113.jpg 250w, http:\/\/roczyny.edu.pl\/wp-content\/uploads\/2023\/10\/IMG_20230929_115642_SR-550x248.jpg 550w, http:\/\/roczyny.edu.pl\/wp-content\/uploads\/2023\/10\/IMG_20230929_115642_SR-800x360.jpg 800w, http:\/\/roczyny.edu.pl\/wp-content\/uploads\/2023\/10\/IMG_20230929_115642_SR-400x180.jpg 400w, http:\/\/roczyny.edu.pl\/wp-content\/uploads\/2023\/10\/IMG_20230929_115642_SR-667x300.jpg 667w, http:\/\/roczyny.edu.pl\/wp-content\/uploads\/2023\/10\/IMG_20230929_115642_SR-1111x500.jpg 1111w\" sizes=\"(max-width: 849px) 100vw, 849px\" \/><\/p>\n<p><img loading=\"lazy\" class=\"wp-image-7403 aligncenter\" src=\"http:\/\/roczyny.edu.pl\/wp-content\/uploads\/2023\/10\/IMG_20230929_114615-300x135.jpg\" alt=\"\" width=\"882\" height=\"397\" srcset=\"http:\/\/roczyny.edu.pl\/wp-content\/uploads\/2023\/10\/IMG_20230929_114615-300x135.jpg 300w, http:\/\/roczyny.edu.pl\/wp-content\/uploads\/2023\/10\/IMG_20230929_114615-1024x461.jpg 1024w, http:\/\/roczyny.edu.pl\/wp-content\/uploads\/2023\/10\/IMG_20230929_114615-768x346.jpg 768w, http:\/\/roczyny.edu.pl\/wp-content\/uploads\/2023\/10\/IMG_20230929_114615-1536x691.jpg 1536w, http:\/\/roczyny.edu.pl\/wp-content\/uploads\/2023\/10\/IMG_20230929_114615-2048x922.jpg 2048w, http:\/\/roczyny.edu.pl\/wp-content\/uploads\/2023\/10\/IMG_20230929_114615-660x297.jpg 660w, http:\/\/roczyny.edu.pl\/wp-content\/uploads\/2023\/10\/IMG_20230929_114615-250x113.jpg 250w, http:\/\/roczyny.edu.pl\/wp-content\/uploads\/2023\/10\/IMG_20230929_114615-550x248.jpg 550w, http:\/\/roczyny.edu.pl\/wp-content\/uploads\/2023\/10\/IMG_20230929_114615-800x360.jpg 800w, http:\/\/roczyny.edu.pl\/wp-content\/uploads\/2023\/10\/IMG_20230929_114615-400x180.jpg 400w, http:\/\/roczyny.edu.pl\/wp-content\/uploads\/2023\/10\/IMG_20230929_114615-667x300.jpg 667w, http:\/\/roczyny.edu.pl\/wp-content\/uploads\/2023\/10\/IMG_20230929_114615-1111x500.jpg 1111w\" sizes=\"(max-width: 882px) 100vw, 882px\" \/><\/p>\n<p><img loading=\"lazy\" class=\"wp-image-7404 aligncenter\" src=\"http:\/\/roczyny.edu.pl\/wp-content\/uploads\/2023\/10\/IMG-20230929-WA0015-300x225.jpg\" alt=\"\" width=\"863\" height=\"647\" srcset=\"http:\/\/roczyny.edu.pl\/wp-content\/uploads\/2023\/10\/IMG-20230929-WA0015-300x225.jpg 300w, http:\/\/roczyny.edu.pl\/wp-content\/uploads\/2023\/10\/IMG-20230929-WA0015-1024x768.jpg 1024w, http:\/\/roczyny.edu.pl\/wp-content\/uploads\/2023\/10\/IMG-20230929-WA0015-768x576.jpg 768w, http:\/\/roczyny.edu.pl\/wp-content\/uploads\/2023\/10\/IMG-20230929-WA0015-1536x1152.jpg 1536w, http:\/\/roczyny.edu.pl\/wp-content\/uploads\/2023\/10\/IMG-20230929-WA0015-660x495.jpg 660w, http:\/\/roczyny.edu.pl\/wp-content\/uploads\/2023\/10\/IMG-20230929-WA0015-250x188.jpg 250w, http:\/\/roczyny.edu.pl\/wp-content\/uploads\/2023\/10\/IMG-20230929-WA0015-550x413.jpg 550w, http:\/\/roczyny.edu.pl\/wp-content\/uploads\/2023\/10\/IMG-20230929-WA0015-800x600.jpg 800w, http:\/\/roczyny.edu.pl\/wp-content\/uploads\/2023\/10\/IMG-20230929-WA0015-240x180.jpg 240w, http:\/\/roczyny.edu.pl\/wp-content\/uploads\/2023\/10\/IMG-20230929-WA0015-400x300.jpg 400w, http:\/\/roczyny.edu.pl\/wp-content\/uploads\/2023\/10\/IMG-20230929-WA0015-667x500.jpg 667w, http:\/\/roczyny.edu.pl\/wp-content\/uploads\/2023\/10\/IMG-20230929-WA0015.jpg 2000w\" sizes=\"(max-width: 863px) 100vw, 863px\" \/><\/p>\n<p><img loading=\"lazy\" class=\"wp-image-7405 aligncenter\" src=\"http:\/\/roczyny.edu.pl\/wp-content\/uploads\/2023\/10\/IMG-20230929-WA0017-1-300x225.jpg\" alt=\"\" width=\"939\" height=\"704\" srcset=\"http:\/\/roczyny.edu.pl\/wp-content\/uploads\/2023\/10\/IMG-20230929-WA0017-1-300x225.jpg 300w, http:\/\/roczyny.edu.pl\/wp-content\/uploads\/2023\/10\/IMG-20230929-WA0017-1-1024x768.jpg 1024w, http:\/\/roczyny.edu.pl\/wp-content\/uploads\/2023\/10\/IMG-20230929-WA0017-1-768x576.jpg 768w, http:\/\/roczyny.edu.pl\/wp-content\/uploads\/2023\/10\/IMG-20230929-WA0017-1-1536x1152.jpg 1536w, http:\/\/roczyny.edu.pl\/wp-content\/uploads\/2023\/10\/IMG-20230929-WA0017-1-660x495.jpg 660w, http:\/\/roczyny.edu.pl\/wp-content\/uploads\/2023\/10\/IMG-20230929-WA0017-1-250x188.jpg 250w, http:\/\/roczyny.edu.pl\/wp-content\/uploads\/2023\/10\/IMG-20230929-WA0017-1-550x413.jpg 550w, http:\/\/roczyny.edu.pl\/wp-content\/uploads\/2023\/10\/IMG-20230929-WA0017-1-800x600.jpg 800w, http:\/\/roczyny.edu.pl\/wp-content\/uploads\/2023\/10\/IMG-20230929-WA0017-1-240x180.jpg 240w, http:\/\/roczyny.edu.pl\/wp-content\/uploads\/2023\/10\/IMG-20230929-WA0017-1-400x300.jpg 400w, http:\/\/roczyny.edu.pl\/wp-content\/uploads\/2023\/10\/IMG-20230929-WA0017-1-667x500.jpg 667w, http:\/\/roczyny.edu.pl\/wp-content\/uploads\/2023\/10\/IMG-20230929-WA0017-1.jpg 2000w\" sizes=\"(max-width: 939px) 100vw, 939px\" \/><\/p>\n<p><img loading=\"lazy\" class=\"wp-image-7406 aligncenter\" src=\"http:\/\/roczyny.edu.pl\/wp-content\/uploads\/2023\/10\/IMG-20230929-WA0016-300x225.jpg\" alt=\"\" width=\"977\" height=\"733\" srcset=\"http:\/\/roczyny.edu.pl\/wp-content\/uploads\/2023\/10\/IMG-20230929-WA0016-300x225.jpg 300w, http:\/\/roczyny.edu.pl\/wp-content\/uploads\/2023\/10\/IMG-20230929-WA0016-1024x768.jpg 1024w, http:\/\/roczyny.edu.pl\/wp-content\/uploads\/2023\/10\/IMG-20230929-WA0016-768x576.jpg 768w, http:\/\/roczyny.edu.pl\/wp-content\/uploads\/2023\/10\/IMG-20230929-WA0016-1536x1152.jpg 1536w, http:\/\/roczyny.edu.pl\/wp-content\/uploads\/2023\/10\/IMG-20230929-WA0016-660x495.jpg 660w, http:\/\/roczyny.edu.pl\/wp-content\/uploads\/2023\/10\/IMG-20230929-WA0016-250x188.jpg 250w, http:\/\/roczyny.edu.pl\/wp-content\/uploads\/2023\/10\/IMG-20230929-WA0016-550x413.jpg 550w, http:\/\/roczyny.edu.pl\/wp-content\/uploads\/2023\/10\/IMG-20230929-WA0016-800x600.jpg 800w, http:\/\/roczyny.edu.pl\/wp-content\/uploads\/2023\/10\/IMG-20230929-WA0016-240x180.jpg 240w, http:\/\/roczyny.edu.pl\/wp-content\/uploads\/2023\/10\/IMG-20230929-WA0016-400x300.jpg 400w, http:\/\/roczyny.edu.pl\/wp-content\/uploads\/2023\/10\/IMG-20230929-WA0016-667x500.jpg 667w, http:\/\/roczyny.edu.pl\/wp-content\/uploads\/2023\/10\/IMG-20230929-WA0016.jpg 2000w\" sizes=\"(max-width: 977px) 100vw, 977px\" \/><\/p>\n","protected":false},"excerpt":{"rendered":"<p>Jak co roku w naszej szkole obchodzili\u015bmy Dzie\u0144 G\u0142o\u015bnego Czytania. Tym razem w bibliotece pani Basia\u00a0Kolber\u00a0czyta\u0142a uczniom fragmenty lektur, natomiast uczniowie klasy 7a wraz z pani\u0105 Agat\u0105 \u0106wiertni\u0105 czytali fragment &#8222;Nad Niemnem&#8221; Elizy Orzeszkowej. Tym samym z niewielkim op\u00f3\u017anieniem przy\u0142\u0105czyli\u015bmy si\u0119 do akcji Narodowe Czytanie. Dzi\u0119kujemy panu Dyrektorowi za u\u015bwietnienie swoj\u0105 obecno\u015bci\u0105 naszych dzia\u0142a\u0144.<\/p>\n","protected":false},"author":5,"featured_media":7406,"comment_status":"closed","ping_status":"closed","sticky":false,"template":"","format":"standard","meta":{"bgseo_title":"","bgseo_description":"","bgseo_robots_index":"index","bgseo_robots_follow":"follow"},"categories":[4,1,10],"tags":[],"_links":{"self":[{"href":"http:\/\/roczyny.edu.pl\/index.php\/wp-json\/wp\/v2\/posts\/7400"}],"collection":[{"href":"http:\/\/roczyny.edu.pl\/index.php\/wp-json\/wp\/v2\/posts"}],"about":[{"href":"http:\/\/roczyny.edu.pl\/index.php\/wp-json\/wp\/v2\/types\/post"}],"author":[{"embeddable":true,"href":"http:\/\/roczyny.edu.pl\/index.php\/wp-json\/wp\/v2\/users\/5"}],"replies":[{"embeddable":true,"href":"http:\/\/roczyny.edu.pl\/index.php\/wp-json\/wp\/v2\/comments?post=7400"}],"version-history":[{"count":1,"href":"http:\/\/roczyny.edu.pl\/index.php\/wp-json\/wp\/v2\/posts\/7400\/revisions"}],"predecessor-version":[{"id":7407,"href":"http:\/\/roczyny.edu.pl\/index.php\/wp-json\/wp\/v2\/posts\/7400\/revisions\/7407"}],"wp:featuredmedia":[{"embeddable":true,"href":"http:\/\/roczyny.edu.pl\/index.php\/wp-json\/wp\/v2\/media\/7406"}],"wp:attachment":[{"href":"http:\/\/roczyny.edu.pl\/index.php\/wp-json\/wp\/v2\/media?parent=7400"}],"wp:term":[{"taxonomy":"category","embeddable":true,"href":"http:\/\/roczyny.edu.pl\/index.php\/wp-json\/wp\/v2\/categories?post=7400"},{"taxonomy":"post_tag","embeddable":true,"href":"http:\/\/roczyny.edu.pl\/index.php\/wp-json\/wp\/v2\/tags?post=7400"}],"curies":[{"name":"wp","href":"https:\/\/api.w.org\/{rel}","templated":true}]}}