{"id":7446,"date":"2023-10-09T19:02:16","date_gmt":"2023-10-09T17:02:16","guid":{"rendered":"http:\/\/roczyny.edu.pl\/?p=7446"},"modified":"2023-10-09T19:05:53","modified_gmt":"2023-10-09T17:05:53","slug":"webinar-e-uzaleznienia-a-higiena-cyfrowa-gdzie-zatem-jest-granica","status":"publish","type":"post","link":"http:\/\/roczyny.edu.pl\/index.php\/2023\/10\/09\/webinar-e-uzaleznienia-a-higiena-cyfrowa-gdzie-zatem-jest-granica\/","title":{"rendered":"Webinar- &#8222;E-uzale\u017cnienia a higiena cyfrowa. Gdzie zatem jest granica?&#8221;"},"content":{"rendered":"<div class=\"wc-gallery\"><div id='gallery-1' data-gutter-width='5' data-columns='3' class='gallery wc-gallery-captions-onhover gallery-link-file gallery-masonry galleryid-7446 gallery-columns-3 gallery-size-medium wc-gallery-bottomspace-default wc-gallery-clear'><div class='gallery-item gallery-item-position-1 gallery-item-attachment-7448'>\n\t\t\t\t<div class='gallery-icon landscape'>\n\t\t\t\t\t<a href='http:\/\/roczyny.edu.pl\/wp-content\/uploads\/2023\/10\/pobrane.png' title='pobrane' target='_self' rel=\"lightbox[7446]\"><img width=\"300\" height=\"127\" src=\"http:\/\/roczyny.edu.pl\/wp-content\/uploads\/2023\/10\/pobrane-300x127.png\" class=\"attachment-medium size-medium\" alt=\"\" loading=\"lazy\" data-attachment-id=\"7448\" srcset=\"http:\/\/roczyny.edu.pl\/wp-content\/uploads\/2023\/10\/pobrane-300x127.png 300w, http:\/\/roczyny.edu.pl\/wp-content\/uploads\/2023\/10\/pobrane-250x105.png 250w, http:\/\/roczyny.edu.pl\/wp-content\/uploads\/2023\/10\/pobrane.png 346w\" sizes=\"(max-width: 300px) 100vw, 300px\" \/><\/a>\n\t\t\t\t<\/div><\/div><\/div>\n<\/div>\n<p style=\"text-align: center;\">Zapraszamy nauczycieli oraz rodzic\u00f3w na kolejne spotkanie online.\u00a0Widzimy si\u0119 16 pa\u017adziernika (poniedzia\u0142ek) o godzinie 19:00. Temat: &#8222;E-uzale\u017cnienia a higiena cyfrowa. Gdzie zatem jest granica?&#8221;.\u00a0Poni\u017cej zostawiamy link do spotkania:<\/p>\n<p>\u00a0 <a href=\"https:\/\/fundacjadbamomojzasieg.clickmeeting.com\/e-uzaleznienia-a-higiena-cyfrowa-gdzie-zatem-jest-granica\" target=\"_blank\" rel=\"noopener\" data-saferedirecturl=\"https:\/\/www.google.com\/url?q=https:\/\/fundacjadbamomojzasieg.clickmeeting.com\/e-uzaleznienia-a-higiena-cyfrowa-gdzie-zatem-jest-granica&amp;source=gmail&amp;ust=1696956055459000&amp;usg=AOvVaw24CdhwobRXsseyKfmHSvW2\">https:\/\/<wbr \/>fundacjadbamomojzasieg.<wbr \/>clickmeeting.com\/e-<wbr \/>uzaleznienia-a-higiena-<wbr \/>cyfrowa-gdzie-zatem-jest-<wbr \/>granica<\/a><\/p>\n","protected":false},"excerpt":{"rendered":"<p>Zapraszamy nauczycieli oraz rodzic\u00f3w na kolejne spotkanie online.\u00a0Widzimy si\u0119 16 pa\u017adziernika (poniedzia\u0142ek) o godzinie 19:00. Temat: &#8222;E-uzale\u017cnienia a higiena cyfrowa. Gdzie zatem jest granica?&#8221;.\u00a0Poni\u017cej zostawiamy link do spotkania: \u00a0 https:\/\/fundacjadbamomojzasieg.clickmeeting.com\/e-uzaleznienia-a-higiena-cyfrowa-gdzie-zatem-jest-granica<\/p>\n","protected":false},"author":7,"featured_media":7448,"comment_status":"closed","ping_status":"closed","sticky":false,"template":"","format":"standard","meta":{"bgseo_title":"","bgseo_description":"","bgseo_robots_index":"index","bgseo_robots_follow":"follow"},"categories":[4,7,5],"tags":[],"_links":{"self":[{"href":"http:\/\/roczyny.edu.pl\/index.php\/wp-json\/wp\/v2\/posts\/7446"}],"collection":[{"href":"http:\/\/roczyny.edu.pl\/index.php\/wp-json\/wp\/v2\/posts"}],"about":[{"href":"http:\/\/roczyny.edu.pl\/index.php\/wp-json\/wp\/v2\/types\/post"}],"author":[{"embeddable":true,"href":"http:\/\/roczyny.edu.pl\/index.php\/wp-json\/wp\/v2\/users\/7"}],"replies":[{"embeddable":true,"href":"http:\/\/roczyny.edu.pl\/index.php\/wp-json\/wp\/v2\/comments?post=7446"}],"version-history":[{"count":3,"href":"http:\/\/roczyny.edu.pl\/index.php\/wp-json\/wp\/v2\/posts\/7446\/revisions"}],"predecessor-version":[{"id":7450,"href":"http:\/\/roczyny.edu.pl\/index.php\/wp-json\/wp\/v2\/posts\/7446\/revisions\/7450"}],"wp:featuredmedia":[{"embeddable":true,"href":"http:\/\/roczyny.edu.pl\/index.php\/wp-json\/wp\/v2\/media\/7448"}],"wp:attachment":[{"href":"http:\/\/roczyny.edu.pl\/index.php\/wp-json\/wp\/v2\/media?parent=7446"}],"wp:term":[{"taxonomy":"category","embeddable":true,"href":"http:\/\/roczyny.edu.pl\/index.php\/wp-json\/wp\/v2\/categories?post=7446"},{"taxonomy":"post_tag","embeddable":true,"href":"http:\/\/roczyny.edu.pl\/index.php\/wp-json\/wp\/v2\/tags?post=7446"}],"curies":[{"name":"wp","href":"https:\/\/api.w.org\/{rel}","templated":true}]}}