{"id":777,"date":"2021-08-19T12:25:00","date_gmt":"2021-08-19T10:25:00","guid":{"rendered":"http:\/\/roczyny.edu.pl\/?p=777"},"modified":"2021-08-19T12:27:17","modified_gmt":"2021-08-19T10:27:17","slug":"informacja-w-sprawie-podrecznikow","status":"publish","type":"post","link":"http:\/\/roczyny.edu.pl\/index.php\/2021\/08\/19\/informacja-w-sprawie-podrecznikow\/","title":{"rendered":"Informacja w sprawie podr\u0119cznik\u00f3w"},"content":{"rendered":"<div dir=\"auto\" align=\"center\">\n<p dir=\"ltr\">Obowi\u0105zuj\u0105ce podr\u0119czniki w roku 2021\/2022 we wszystkich klasach 1-8 zosta\u0142y obj\u0119te dotacj\u0105 rz\u0105dow\u0105 poza podr\u0119cznikami z przedmiotu religia, kt\u00f3re ucze\u0144 zobowi\u0105zany jest zakupi\u0107 samodzielnie.<\/p>\n<p dir=\"ltr\"><strong>Religia<\/strong> &#8211; wykaz podr\u0119cznik\u00f3w<\/p>\n<p dir=\"ltr\">W klasach I-III katechizmy zostan\u0105 zakupione w porozumieniu z nauczycielem we wrze\u015bniu.<\/p>\n<p dir=\"ltr\">Wszystkie katechizmy w klasach IV-VIII bez zeszyt\u00f3w \u0107wicze\u0144 &#8211; Wydawnictwo Jedno\u015b\u0107.<\/p>\n<\/div>\n<div dir=\"auto\" style=\"text-align: left;\" align=\"center\">\n<p dir=\"ltr\"><strong>Klasa. IV SP<\/strong><\/p>\n<\/div>\n<div dir=\"auto\" style=\"text-align: left;\" align=\"center\">\n<p dir=\"ltr\">&#8222;Miejsca pe\u0142ne BOGActw&#8221;<\/p>\n<\/div>\n<p dir=\"ltr\" style=\"text-align: left;\">ks. K. Mielnicki, E. Kondrak, B. <u>Nosek<\/u><\/p>\n<div dir=\"auto\" style=\"text-align: left;\" align=\"center\">\n<p dir=\"ltr\" style=\"text-align: left;\"><u>Wydawnictwo Jedno\u015b\u0107<\/u><\/p>\n<\/div>\n<div dir=\"auto\" style=\"text-align: left;\" align=\"center\">\n<p dir=\"ltr\"><strong><u>Kl. V SP<\/u><\/strong><\/p>\n<\/div>\n<div dir=\"auto\" style=\"text-align: left;\" align=\"center\">\n<p dir=\"ltr\"><u>&#8222;Szcz\u0119\u015bliwi, kt\u00f3rzy szukaj\u0105 prawdy&#8221;<\/u><\/p>\n<\/div>\n<div dir=\"auto\" style=\"text-align: left;\" align=\"center\">\n<p dir=\"ltr\"><u>ks. dr K. Mielnicki, E. Kondrak<\/u><\/p>\n<\/div>\n<div dir=\"auto\" style=\"text-align: left;\" align=\"center\">\n<p dir=\"ltr\"><u>Wydawnictwo Jedno\u015b\u0107<\/u><\/p>\n<\/div>\n<div dir=\"auto\" style=\"text-align: left;\" align=\"center\">\n<p dir=\"ltr\"><strong><u>Kl. VI SP<\/u><\/strong><\/p>\n<\/div>\n<div dir=\"auto\" align=\"center\">\n<p dir=\"ltr\" style=\"text-align: left;\"><u>&#8222;Tajemnice BOGAtego \u017cycia&#8221;<\/u><\/p>\n<\/div>\n<div dir=\"auto\" align=\"center\">\n<p dir=\"ltr\" style=\"text-align: left;\"><u>ks. K. Mielnicki, E. Kondrak, E. Parszewska<\/u><\/p>\n<\/div>\n<div dir=\"auto\" style=\"text-align: left;\" align=\"center\">\n<p dir=\"ltr\"><u>Wydawnictwo Jedno\u015b\u0107<\/u><\/p>\n<\/div>\n<div dir=\"auto\" style=\"text-align: left;\" align=\"center\">\n<p dir=\"ltr\"><strong><u>Kl. VII SP<\/u><\/strong><\/p>\n<\/div>\n<div dir=\"auto\" style=\"text-align: left;\" align=\"center\">\n<p dir=\"ltr\"><u>&#8222;B\u0142ogos\u0142awieni, kt\u00f3rzy szukaj\u0105 Jezusa&#8221;\u00a0<\/u><\/p>\n<\/div>\n<div dir=\"auto\" style=\"text-align: left;\" align=\"center\">\n<p dir=\"ltr\"><u>autorzy: ks. K. Mielnicki,\u00a0E. Kondrak,\u00a0E. Parszewska<\/u><\/p>\n<\/div>\n<div dir=\"auto\" style=\"text-align: left;\" align=\"center\">\n<p dir=\"ltr\"><u>Wydawnictwo Jedno\u015b\u0107<\/u><\/p>\n<\/div>\n<div dir=\"auto\" style=\"text-align: left;\" align=\"center\">\n<p dir=\"ltr\"><strong><u>Kl. VIII SP<\/u><\/strong><\/p>\n<\/div>\n<div dir=\"auto\" style=\"text-align: left;\" align=\"center\">\n<p dir=\"ltr\"><u>&#8222;B\u0142ogos\u0142awieni, kt\u00f3rzy ufaj\u0105 Jezusowi&#8221;<\/u><\/p>\n<\/div>\n<div dir=\"auto\" align=\"center\">\n<p dir=\"ltr\" style=\"text-align: left;\"><u>autorzy: ks. K. Mielnicki, E. Kondrak, E. Parszewska<\/u><\/p>\n<\/div>\n<div dir=\"auto\" align=\"center\">\n<p dir=\"ltr\" style=\"text-align: left;\"><u>Wydawnictwo Jedno\u015b\u0107<\/u><\/p>\n<\/div>\n","protected":false},"excerpt":{"rendered":"<p>Obowi\u0105zuj\u0105ce podr\u0119czniki w roku 2021\/2022 we wszystkich klasach 1-8 zosta\u0142y obj\u0119te dotacj\u0105 rz\u0105dow\u0105 poza podr\u0119cznikami z przedmiotu religia, kt\u00f3re ucze\u0144 zobowi\u0105zany jest zakupi\u0107 samodzielnie. Religia &#8211; wykaz podr\u0119cznik\u00f3w W klasach I-III katechizmy zostan\u0105 zakupione w porozumieniu z nauczycielem we wrze\u015bniu. Wszystkie katechizmy w klasach IV-VIII bez zeszyt\u00f3w \u0107wicze\u0144 &#8211; Wydawnictwo Jedno\u015b\u0107. Klasa. IV SP &#8222;Miejsca\u2026 <span class=\"read-more\"><a href=\"http:\/\/roczyny.edu.pl\/index.php\/2021\/08\/19\/informacja-w-sprawie-podrecznikow\/\">Czytaj dalej &raquo;<\/a><\/span><\/p>\n","protected":false},"author":3,"featured_media":420,"comment_status":"closed","ping_status":"closed","sticky":false,"template":"","format":"standard","meta":{"bgseo_title":"","bgseo_description":"","bgseo_robots_index":"index","bgseo_robots_follow":"follow"},"categories":[4,11],"tags":[],"_links":{"self":[{"href":"http:\/\/roczyny.edu.pl\/index.php\/wp-json\/wp\/v2\/posts\/777"}],"collection":[{"href":"http:\/\/roczyny.edu.pl\/index.php\/wp-json\/wp\/v2\/posts"}],"about":[{"href":"http:\/\/roczyny.edu.pl\/index.php\/wp-json\/wp\/v2\/types\/post"}],"author":[{"embeddable":true,"href":"http:\/\/roczyny.edu.pl\/index.php\/wp-json\/wp\/v2\/users\/3"}],"replies":[{"embeddable":true,"href":"http:\/\/roczyny.edu.pl\/index.php\/wp-json\/wp\/v2\/comments?post=777"}],"version-history":[{"count":2,"href":"http:\/\/roczyny.edu.pl\/index.php\/wp-json\/wp\/v2\/posts\/777\/revisions"}],"predecessor-version":[{"id":779,"href":"http:\/\/roczyny.edu.pl\/index.php\/wp-json\/wp\/v2\/posts\/777\/revisions\/779"}],"wp:featuredmedia":[{"embeddable":true,"href":"http:\/\/roczyny.edu.pl\/index.php\/wp-json\/wp\/v2\/media\/420"}],"wp:attachment":[{"href":"http:\/\/roczyny.edu.pl\/index.php\/wp-json\/wp\/v2\/media?parent=777"}],"wp:term":[{"taxonomy":"category","embeddable":true,"href":"http:\/\/roczyny.edu.pl\/index.php\/wp-json\/wp\/v2\/categories?post=777"},{"taxonomy":"post_tag","embeddable":true,"href":"http:\/\/roczyny.edu.pl\/index.php\/wp-json\/wp\/v2\/tags?post=777"}],"curies":[{"name":"wp","href":"https:\/\/api.w.org\/{rel}","templated":true}]}}