{"id":780,"date":"2021-08-19T12:30:37","date_gmt":"2021-08-19T10:30:37","guid":{"rendered":"http:\/\/roczyny.edu.pl\/?p=780"},"modified":"2021-08-19T12:32:07","modified_gmt":"2021-08-19T10:32:07","slug":"spotkania-z-rodzicami-dzieci-przedszkolnych","status":"publish","type":"post","link":"http:\/\/roczyny.edu.pl\/index.php\/2021\/08\/19\/spotkania-z-rodzicami-dzieci-przedszkolnych\/","title":{"rendered":"Spotkania z rodzicami dzieci przedszkolnych"},"content":{"rendered":"<p>Szanowni Rodzice!<br \/>\nW dniach<strong> 25.08.21 (\u015broda)<\/strong> oraz <strong>30.08.21 (poniedzia\u0142ek)<\/strong> odb\u0119d\u0105 si\u0119 zebrania z rodzicami<br \/>\nprzedszkolak\u00f3w dotycz\u0105ce organizacji roku szkolnego. Podzia\u0142 na grupy jest dost\u0119pny w sekretariacie<br \/>\nszko\u0142y.<br \/>\nPoni\u017cej podajemy harmonogram zebra\u0144. Bardzo prosimy o przybycie i zabranie ze sob\u0105 maseczek.<br \/>\nDzi\u0119kujemy!<\/p>\n<p><strong>Harmonogram zebra\u0144:<\/strong><br \/>\n-grupa PA, wychowawca: Renata Karbowiak, Marcelina K\u0105kol, M. G\u00f3ra 25.08.21 godz. 16.00,<br \/>\nPrzedszkole, sala \u201eMisie\u201d<br \/>\n-grupa PB, wychowawca: Monika Ga\u0142uszka, Marcelina K\u0105kol, 25.08.21 godz. 17.00, Przedszkole, sala<br \/>\n\u201eBiedronki\u201d<br \/>\n-grupa PC, wychowawca: Magdalena Bogdan, Marta G\u00f3ra, 30.08.21 godz. 16.00, Przedszkole, sala<br \/>\n\u201eGroszki\u201d<br \/>\n-grupa PD, wychowawca: Iwona Stawowy, Marta G\u00f3ra, 25.08.21 godz. 17.00, Przedszkole, sala<br \/>\n\u201eS\u0142oneczka\u201d<br \/>\n-grupa PE, wychowawca: Stanis\u0142awa Talar, Marzena Zaj\u0105c, 30.08.21 godz. 16.00, Przedszkole, sala<br \/>\n\u201eM\u0105dre s\u00f3wki\u201d<br \/>\n-grupa PF, wychowawca: Justyna Adamaszek, Stanis\u0142awa Talar, 30.08.21 godz. 16.30, Przedszkole,<br \/>\nsala \u201ePrzyjaciele Kubusie Puchatka\u201d<br \/>\n-grupa PG, oddzia\u0142 \u201e0\u201d, wychowawca: Lidia Ozaist-Targosz, Iwona Downar, 30.08.21 godz. 16.30,<br \/>\nSzko\u0142a, sala 1C.<\/p>\n","protected":false},"excerpt":{"rendered":"<p>Szanowni Rodzice! W dniach 25.08.21 (\u015broda) oraz 30.08.21 (poniedzia\u0142ek) odb\u0119d\u0105 si\u0119 zebrania z rodzicami przedszkolak\u00f3w dotycz\u0105ce organizacji roku szkolnego. Podzia\u0142 na grupy jest dost\u0119pny w sekretariacie szko\u0142y. Poni\u017cej podajemy harmonogram zebra\u0144. Bardzo prosimy o przybycie i zabranie ze sob\u0105 maseczek. Dzi\u0119kujemy! Harmonogram zebra\u0144: -grupa PA, wychowawca: Renata Karbowiak, Marcelina K\u0105kol, M. G\u00f3ra 25.08.21 godz. 16.00,\u2026 <span class=\"read-more\"><a href=\"http:\/\/roczyny.edu.pl\/index.php\/2021\/08\/19\/spotkania-z-rodzicami-dzieci-przedszkolnych\/\">Czytaj dalej &raquo;<\/a><\/span><\/p>\n","protected":false},"author":3,"featured_media":420,"comment_status":"closed","ping_status":"closed","sticky":false,"template":"","format":"standard","meta":{"bgseo_title":"","bgseo_description":"","bgseo_robots_index":"index","bgseo_robots_follow":"follow"},"categories":[4,11],"tags":[],"_links":{"self":[{"href":"http:\/\/roczyny.edu.pl\/index.php\/wp-json\/wp\/v2\/posts\/780"}],"collection":[{"href":"http:\/\/roczyny.edu.pl\/index.php\/wp-json\/wp\/v2\/posts"}],"about":[{"href":"http:\/\/roczyny.edu.pl\/index.php\/wp-json\/wp\/v2\/types\/post"}],"author":[{"embeddable":true,"href":"http:\/\/roczyny.edu.pl\/index.php\/wp-json\/wp\/v2\/users\/3"}],"replies":[{"embeddable":true,"href":"http:\/\/roczyny.edu.pl\/index.php\/wp-json\/wp\/v2\/comments?post=780"}],"version-history":[{"count":2,"href":"http:\/\/roczyny.edu.pl\/index.php\/wp-json\/wp\/v2\/posts\/780\/revisions"}],"predecessor-version":[{"id":782,"href":"http:\/\/roczyny.edu.pl\/index.php\/wp-json\/wp\/v2\/posts\/780\/revisions\/782"}],"wp:featuredmedia":[{"embeddable":true,"href":"http:\/\/roczyny.edu.pl\/index.php\/wp-json\/wp\/v2\/media\/420"}],"wp:attachment":[{"href":"http:\/\/roczyny.edu.pl\/index.php\/wp-json\/wp\/v2\/media?parent=780"}],"wp:term":[{"taxonomy":"category","embeddable":true,"href":"http:\/\/roczyny.edu.pl\/index.php\/wp-json\/wp\/v2\/categories?post=780"},{"taxonomy":"post_tag","embeddable":true,"href":"http:\/\/roczyny.edu.pl\/index.php\/wp-json\/wp\/v2\/tags?post=780"}],"curies":[{"name":"wp","href":"https:\/\/api.w.org\/{rel}","templated":true}]}}