{"id":8649,"date":"2023-11-30T22:16:58","date_gmt":"2023-11-30T21:16:58","guid":{"rendered":"http:\/\/roczyny.edu.pl\/?p=8649"},"modified":"2023-11-30T22:16:58","modified_gmt":"2023-11-30T21:16:58","slug":"szlachetna-paczka-2","status":"publish","type":"post","link":"http:\/\/roczyny.edu.pl\/index.php\/2023\/11\/30\/szlachetna-paczka-2\/","title":{"rendered":"Szlachetna paczka"},"content":{"rendered":"<blockquote>\n<p style=\"text-align: center;\"><span style=\"color: #000000;\"><span style=\"font-family: Arial, sans-serif;\"><span style=\"font-size: large;\">Jak ju\u017c informowali\u015bmy nasza szko\u0142a przyst\u0105pi\u0142a do akcji \u201eSzlachetna Paczka\u201d. Informacje pod adresem <a href=\"http:\/\/roczyny.edu.pl\/index.php\/2023\/11\/23\/szlachetna-paczka\/\">http:\/\/roczyny.edu.pl\/index.php\/2023\/11\/23\/szlachetna-paczka\/ <\/a><\/span><\/span><\/span><\/p>\n<p style=\"text-align: center;\"><span style=\"color: #000000;\"><span style=\"font-family: Arial, sans-serif;\"><span style=\"font-size: large;\">Jedn\u0105 z wi\u0119kszych potrzeb rodziny jest nowa kuchenka gazowa.<\/span><\/span><\/span><\/p>\n<p style=\"text-align: center;\"><span style=\"color: #000000;\"><span style=\"font-family: Arial, sans-serif;\"><span style=\"font-size: large;\">Posiadana kuchenka ma zepsuty piekarnik, a kurki od gazu s\u0105 nieszczelne i nie wszystkie dzia\u0142aj\u0105. Nowa kuchenka pozwoli rodzinie na bezpieczne przygotowywanie posi\u0142k\u00f3w oraz pozwoli pani Marii piec ciasta dla dzieci. Kuchenka o szeroko\u015b\u0107 60 cm. <\/span><\/span><\/span><\/p>\n<p style=\"text-align: center;\"><span style=\"color: #000000;\"><span style=\"font-family: Arial, sans-serif;\"><span style=\"font-size: large;\">Chcieliby\u015bmy zakupi\u0107 tak\u0105 kuchenk\u0119 i w tym celu zbieramy fundusze. <\/span><\/span><\/span><\/p>\n<p style=\"text-align: center;\"><span style=\"color: #000000;\"><span style=\"font-family: Arial, sans-serif;\"><span style=\"font-size: large;\">W sekretariacie szko\u0142y zostawili\u015bmy puszk\u0119 na dobrowolne datki. <\/span><\/span><\/span><\/p>\n<p style=\"text-align: center;\"><span style=\"color: #000000;\"><span style=\"font-family: Arial, sans-serif;\"><span style=\"font-size: large;\">Je\u015bli kto\u015b z Pa\u0144stwa chcia\u0142by nas wesprze\u0107, b\u0119dziemy ogromnie wdzi\u0119czni. Akcja trwa do 8 grudnia.<\/span><\/span><\/span><\/p>\n<p style=\"text-align: center;\"><span style=\"color: #000000;\"><span style=\"font-family: Arial, sans-serif;\"><span style=\"font-size: large;\">Bardzo dzi\u0119kujemy za okazane serce!<\/span><\/span><\/span><\/p>\n<p style=\"text-align: center;\"><span style=\"color: #000000;\"><span style=\"font-family: Arial, sans-serif;\"><span style=\"font-size: large;\"><br \/>\n<\/span><\/span><\/span><\/p>\n<\/blockquote>\n","protected":false},"excerpt":{"rendered":"<p>Jak ju\u017c informowali\u015bmy nasza szko\u0142a przyst\u0105pi\u0142a do akcji \u201eSzlachetna Paczka\u201d. Informacje pod adresem http:\/\/roczyny.edu.pl\/index.php\/2023\/11\/23\/szlachetna-paczka\/ Jedn\u0105 z wi\u0119kszych potrzeb rodziny jest nowa kuchenka gazowa. Posiadana kuchenka ma zepsuty piekarnik, a kurki od gazu s\u0105 nieszczelne i nie wszystkie dzia\u0142aj\u0105. Nowa kuchenka pozwoli rodzinie na bezpieczne przygotowywanie posi\u0142k\u00f3w oraz pozwoli pani Marii piec ciasta dla dzieci. Kuchenka\u2026 <span class=\"read-more\"><a href=\"http:\/\/roczyny.edu.pl\/index.php\/2023\/11\/30\/szlachetna-paczka-2\/\">Czytaj dalej &raquo;<\/a><\/span><\/p>\n","protected":false},"author":7,"featured_media":8467,"comment_status":"closed","ping_status":"closed","sticky":false,"template":"","format":"standard","meta":{"bgseo_title":"","bgseo_description":"","bgseo_robots_index":"index","bgseo_robots_follow":"follow"},"categories":[4,5,8],"tags":[],"_links":{"self":[{"href":"http:\/\/roczyny.edu.pl\/index.php\/wp-json\/wp\/v2\/posts\/8649"}],"collection":[{"href":"http:\/\/roczyny.edu.pl\/index.php\/wp-json\/wp\/v2\/posts"}],"about":[{"href":"http:\/\/roczyny.edu.pl\/index.php\/wp-json\/wp\/v2\/types\/post"}],"author":[{"embeddable":true,"href":"http:\/\/roczyny.edu.pl\/index.php\/wp-json\/wp\/v2\/users\/7"}],"replies":[{"embeddable":true,"href":"http:\/\/roczyny.edu.pl\/index.php\/wp-json\/wp\/v2\/comments?post=8649"}],"version-history":[{"count":1,"href":"http:\/\/roczyny.edu.pl\/index.php\/wp-json\/wp\/v2\/posts\/8649\/revisions"}],"predecessor-version":[{"id":8650,"href":"http:\/\/roczyny.edu.pl\/index.php\/wp-json\/wp\/v2\/posts\/8649\/revisions\/8650"}],"wp:featuredmedia":[{"embeddable":true,"href":"http:\/\/roczyny.edu.pl\/index.php\/wp-json\/wp\/v2\/media\/8467"}],"wp:attachment":[{"href":"http:\/\/roczyny.edu.pl\/index.php\/wp-json\/wp\/v2\/media?parent=8649"}],"wp:term":[{"taxonomy":"category","embeddable":true,"href":"http:\/\/roczyny.edu.pl\/index.php\/wp-json\/wp\/v2\/categories?post=8649"},{"taxonomy":"post_tag","embeddable":true,"href":"http:\/\/roczyny.edu.pl\/index.php\/wp-json\/wp\/v2\/tags?post=8649"}],"curies":[{"name":"wp","href":"https:\/\/api.w.org\/{rel}","templated":true}]}}