{"id":8652,"date":"2023-12-01T16:42:40","date_gmt":"2023-12-01T15:42:40","guid":{"rendered":"http:\/\/roczyny.edu.pl\/?p=8652"},"modified":"2023-12-02T20:27:14","modified_gmt":"2023-12-02T19:27:14","slug":"przeglad-koled","status":"publish","type":"post","link":"http:\/\/roczyny.edu.pl\/index.php\/2023\/12\/01\/przeglad-koled\/","title":{"rendered":"Przegl\u0105d kol\u0119d"},"content":{"rendered":"<blockquote>\n<p style=\"text-align: center;\" align=\"center\">XIX SZKOLNY PRZEGL\u0104D KOL\u0118D I PASTORA\u0141EK<\/p>\n<p style=\"text-align: center;\" align=\"left\">Je\u015bli lubicie \u015bpiewa\u0107 lub gra\u0107 kol\u0119dy, to zapraszamy was do udzia\u0142u w XIX Szkolnym Przegl\u0105dzie<\/p>\n<p style=\"text-align: center;\" align=\"left\">Kol\u0119d i Pastora\u0142ek.<\/p>\n<p style=\"text-align: center;\" align=\"left\"><b>Przegl\u0105d odb\u0119dzie si\u0119 w 15 grudnia 2023<\/b><b>r.\u00a0<\/b><b>(pi\u0105tek ) o godzinie 8.45 dla klas I-III\u00a0<\/b><b>i o godz. 10.00\u00a0<\/b><b>a dla klas IV-VIII na sali gimnastycznej.<\/b><\/p>\n<p style=\"text-align: center;\" align=\"left\"><b>Zg\u0142oszenia i pytania szczeg\u00f3\u0142owe prosimy kierowa\u0107 do p. Marii Miku\u0142y<\/b><\/p>\n<p style=\"text-align: center;\" align=\"left\"><b>Zg\u0142oszenia przyjmujemy do 14.12. 2023 .<\/b><\/p>\n<p style=\"text-align: center;\" align=\"left\"><b>ZAPRASZAMY!<\/b><\/p>\n<p style=\"text-align: center;\" align=\"center\"><b>REGULAMIN XIX SZKOLNEGO PRZEGL\u0104DU KOL\u0118D I PASTORA\u0141EK<\/b><\/p>\n<p style=\"text-align: center;\" align=\"center\"><b>ZSS Roczyny &#8211; rok szkolny 2023-24<\/b><\/p>\n<p style=\"text-align: center;\" align=\"left\"><b>Cele przegl\u0105du:<\/b><\/p>\n<p style=\"text-align: center;\" align=\"left\"><b>&#8211; kultywowanie polskiej tradycji kol\u0119dowania<\/b><\/p>\n<p style=\"text-align: center;\" align=\"left\"><b>&#8211; odkrywanie rado\u015bci z muzykowania<\/b><\/p>\n<p style=\"text-align: center;\" align=\"left\"><b>&#8211; odkrywanie, rozwijanie i promocja talent\u00f3w artystycznych<\/b><\/p>\n<p style=\"text-align: center;\" align=\"left\"><b>Warunki uczestnictwa:<\/b><\/p>\n<p style=\"text-align: center;\" align=\"left\"><b>Przegl\u0105d odb\u0119dzie si\u0119 w\u00a0<\/b><b>15\u00a0<\/b><b>grudnia 2023 (<\/b><b>pi\u0105tek\u00a0<\/b><b>) o godzinie\u00a0<\/b><b>8.45\u00a0<\/b><b>dla klas I-III a dla klas IV-VIII od godz.\u00a0<\/b><b>10.00<\/b><b>\u00a0na sali gimnastycznej.<\/b><\/p>\n<p style=\"text-align: center;\" align=\"left\">1. W przegl\u0105dzie mog\u0105 wzi\u0105\u0107 udzia\u0142 soli\u015bci lub zespo\u0142y, w kt\u00f3rych przynajmniej jedna osoba jest uczniem naszej szko\u0142y.<\/p>\n<p style=\"text-align: center;\" align=\"left\">2. Zainteresowani zg\u0142aszaj\u0105 ch\u0119\u0107 udzia\u0142u bezpo\u015brednio u\u00a0<b>p. Marii Miku\u0142y<\/b>\u00a0lub u\u00a0<b>Wychowawc\u00f3w<\/b>\u00a0(klasy I- III)\u00a0<b>do 14 grudnia 2023.<\/b><\/p>\n<p style=\"text-align: center;\" align=\"left\">3. Uczestnicy wykonuj\u0105 jedn\u0105 dowoln\u0105 kol\u0119d\u0119 lub pastora\u0142k\u0119.<\/p>\n<p style=\"text-align: center;\" align=\"left\">4. Utw\u00f3r mo\u017ce by\u0107 wykonany a capella, z podk\u0142adem muzycznym lub z w\u0142asnym akompaniamentem (do czego szczeg\u00f3lnie zach\u0119camy)<\/p>\n<p style=\"text-align: center;\" align=\"left\">5. Podk\u0142ady muzyczne przynosimy zapisane na pendrive w pliku mp3 lub przesy\u0142amy poczt\u0105 mailow\u0105 na adres\u00a0<span style=\"color: #000080;\"><span lang=\"zxx\"><u><a href=\"mailto:maria.mikula@roczyny.edu.pl\" target=\"_blank\" rel=\"noopener\">maria.mikula@roczyny.edu.pl<\/a><\/u><\/span><\/span><\/p>\n<p style=\"text-align: center;\" align=\"left\">5. Dopuszczalne jest wykonanie zar\u00f3wno wokalne, wokalno-instrumentalne, jak i instrumentalne.<\/p>\n<p style=\"text-align: center;\" align=\"left\">6. Wydarzenie ma form\u0119 przegl\u0105du, lecz jury zastrzega sobie prawo do\u00a0<b>wyr\u00f3\u017cnienia wyj\u0105tkowych wykona\u0144 kol\u0119d lub pastora\u0142ek.<\/b><\/p>\n<p style=\"text-align: center;\" align=\"left\"><b>Kategorie przegl\u0105du : soli\u015bci i duet<\/b><b>y,\u00a0<\/b><b>zespo\u0142y,\u00a0<\/b><b>instrumentali\u015bci<\/b><\/p>\n<p style=\"text-align: center;\" align=\"left\"><b>Grupy wiekowe : klasy I -III SP<\/b><\/p>\n<p style=\"text-align: center;\" align=\"left\"><b>klasy IV-VIII SP<\/b><\/p>\n<p style=\"text-align: center;\" align=\"left\"><b>Warto zwr\u00f3ci\u0107 uwag\u0119 na:<\/b><\/p>\n<p style=\"text-align: center;\" align=\"left\">&#8211; dob\u00f3r repertuaru i mo\u017cliwo\u015bci wykonawc\u00f3w,<\/p>\n<p style=\"text-align: center;\" align=\"left\">&#8211; pomys\u0142owo\u015b\u0107,<\/p>\n<p style=\"text-align: center;\" align=\"left\">&#8211; og\u00f3lny wyraz artystyczny ( choreografia, str\u00f3j, rekwizyty)<\/p>\n<p style=\"text-align: center;\" align=\"left\"><b>Nagrod\u0105 za udzia\u0142 b\u0119dzie pami\u0105tkowy dyplom.<\/b><\/p>\n<p style=\"text-align: center;\" align=\"left\"><b>Przewidziane s\u0105 r\u00f3wnie\u017c nagrody dla wyr\u00f3\u017cnionych os\u00f3b.<\/b><\/p>\n<p style=\"text-align: center;\" align=\"left\"><b>Najciekawsze wykonania b\u0119d\u0105 opublikowane na stronie szko\u0142y (za zgod\u0105 uczestnik\u00f3w).<\/b><\/p>\n<p style=\"text-align: center;\" align=\"center\"><b>SERDECZNIE ZAPRASZAMY<\/b><\/p>\n<p style=\"text-align: center;\" align=\"left\"><b>Dodatkowych informacji udziela Maria Miku\u0142a.<\/b><\/p>\n<p style=\"text-align: center;\" align=\"left\"><b>Kontakt e- mail:<\/b><b>\u00a0<\/b><span style=\"color: #000080;\"><span lang=\"zxx\"><u><a href=\"mailto:maria.mikula@roczyny.edu.pl\" target=\"_blank\" rel=\"noopener\"><b>maria.mikula@roczyny.edu.pl<\/b><\/a><\/u><\/span><\/span><\/p>\n<\/blockquote>\n","protected":false},"excerpt":{"rendered":"<p>XIX SZKOLNY PRZEGL\u0104D KOL\u0118D I PASTORA\u0141EK Je\u015bli lubicie \u015bpiewa\u0107 lub gra\u0107 kol\u0119dy, to zapraszamy was do udzia\u0142u w XIX Szkolnym Przegl\u0105dzie Kol\u0119d i Pastora\u0142ek. Przegl\u0105d odb\u0119dzie si\u0119 w 15 grudnia 2023r.\u00a0(pi\u0105tek ) o godzinie 8.45 dla klas I-III\u00a0i o godz. 10.00\u00a0a dla klas IV-VIII na sali gimnastycznej. Zg\u0142oszenia i pytania szczeg\u00f3\u0142owe prosimy kierowa\u0107 do p.\u2026 <span class=\"read-more\"><a href=\"http:\/\/roczyny.edu.pl\/index.php\/2023\/12\/01\/przeglad-koled\/\">Czytaj dalej &raquo;<\/a><\/span><\/p>\n","protected":false},"author":7,"featured_media":8654,"comment_status":"closed","ping_status":"closed","sticky":false,"template":"","format":"standard","meta":{"bgseo_title":"","bgseo_description":"","bgseo_robots_index":"index","bgseo_robots_follow":"follow"},"categories":[4,5,8],"tags":[],"_links":{"self":[{"href":"http:\/\/roczyny.edu.pl\/index.php\/wp-json\/wp\/v2\/posts\/8652"}],"collection":[{"href":"http:\/\/roczyny.edu.pl\/index.php\/wp-json\/wp\/v2\/posts"}],"about":[{"href":"http:\/\/roczyny.edu.pl\/index.php\/wp-json\/wp\/v2\/types\/post"}],"author":[{"embeddable":true,"href":"http:\/\/roczyny.edu.pl\/index.php\/wp-json\/wp\/v2\/users\/7"}],"replies":[{"embeddable":true,"href":"http:\/\/roczyny.edu.pl\/index.php\/wp-json\/wp\/v2\/comments?post=8652"}],"version-history":[{"count":3,"href":"http:\/\/roczyny.edu.pl\/index.php\/wp-json\/wp\/v2\/posts\/8652\/revisions"}],"predecessor-version":[{"id":8699,"href":"http:\/\/roczyny.edu.pl\/index.php\/wp-json\/wp\/v2\/posts\/8652\/revisions\/8699"}],"wp:featuredmedia":[{"embeddable":true,"href":"http:\/\/roczyny.edu.pl\/index.php\/wp-json\/wp\/v2\/media\/8654"}],"wp:attachment":[{"href":"http:\/\/roczyny.edu.pl\/index.php\/wp-json\/wp\/v2\/media?parent=8652"}],"wp:term":[{"taxonomy":"category","embeddable":true,"href":"http:\/\/roczyny.edu.pl\/index.php\/wp-json\/wp\/v2\/categories?post=8652"},{"taxonomy":"post_tag","embeddable":true,"href":"http:\/\/roczyny.edu.pl\/index.php\/wp-json\/wp\/v2\/tags?post=8652"}],"curies":[{"name":"wp","href":"https:\/\/api.w.org\/{rel}","templated":true}]}}