{"id":9304,"date":"2024-03-26T19:48:46","date_gmt":"2024-03-26T18:48:46","guid":{"rendered":"http:\/\/roczyny.edu.pl\/?p=9304"},"modified":"2024-03-26T19:48:46","modified_gmt":"2024-03-26T18:48:46","slug":"szkolny-konkurs-recytatorski-dla-kl-1-3-poeci-dzieciom","status":"publish","type":"post","link":"http:\/\/roczyny.edu.pl\/index.php\/2024\/03\/26\/szkolny-konkurs-recytatorski-dla-kl-1-3-poeci-dzieciom\/","title":{"rendered":"Szkolny Konkurs Recytatorski dla kl. 1-3 \u201ePoeci dzieciom\u201d."},"content":{"rendered":"<blockquote>\n<div class=\"xdj266r x11i5rnm xat24cr x1mh8g0r x1vvkbs x126k92a\">\n<div dir=\"auto\">W przeddzie\u0144 \u015awiatowego Dnia Poezji 20 marca 2024r. odby\u0142 si\u0119 w naszej szkole Konkurs Recytatorski \u201ePoeci dzieciom\u201d dedykowany uczniom kl. 1-3<\/div>\n<div dir=\"auto\">Celem konkursu by\u0142o:<\/div>\n<div dir=\"auto\">&#8211; rozwijanie zainteresowa\u0144 literatur\u0105 oraz sztuk\u0105 recytacji;<\/div>\n<div dir=\"auto\">&#8211; popularyzacja poezji polskiej dla dzieci;<\/div>\n<div dir=\"auto\">&#8211; kszta\u0142towanie umiej\u0119tno\u015bci interpretacji utwor\u00f3w poetyckich.<\/div>\n<div dir=\"auto\">Etap szkolny poprzedzony by\u0142 klasowymi eliminacjami. Zgodnie z regulaminem, ka\u017cd\u0105 klas\u0119 mog\u0142o reprezentowa\u0107 dw\u00f3ch uczni\u00f3w.<\/div>\n<div dir=\"auto\">Wyb\u00f3r laureat\u00f3w by\u0142 nie\u0142atwy, poniewa\u017c wszyscy prezentowali wysoki poziom.<\/div>\n<div dir=\"auto\">Jury w sk\u0142adzie: go\u015bcinnie poloni\u015bci p. Teresa Gwizdalska i p. Sylwia Piekarczyk oraz p. bibliotekarka Anna F\u0105ferko przyzna\u0142o nagrody i wyr\u00f3\u017cnienia.<\/div>\n<div dir=\"auto\"><span class=\"x3nfvp2 x1j61x8r x1fcty0u xdj266r xhhsvwb xat24cr xgzva0m xxymvpz xlup9mm x1kky2od\"><img loading=\"lazy\" class=\"xz74otr\" src=\"https:\/\/static.xx.fbcdn.net\/images\/emoji.php\/v9\/ted\/1.5\/16\/1f947.png\" alt=\"????\" width=\"16\" height=\"16\" \/><\/span>miejsce Tymoteusz Bizo\u0144 z kl.2 a<\/div>\n<div dir=\"auto\"><span class=\"x3nfvp2 x1j61x8r x1fcty0u xdj266r xhhsvwb xat24cr xgzva0m xxymvpz xlup9mm x1kky2od\"><img loading=\"lazy\" class=\"xz74otr\" src=\"https:\/\/static.xx.fbcdn.net\/images\/emoji.php\/v9\/t6e\/1.5\/16\/1f948.png\" alt=\"????\" width=\"16\" height=\"16\" \/><\/span>miejsce Jan Jura z kl.2b<\/div>\n<div dir=\"auto\"><span class=\"x3nfvp2 x1j61x8r x1fcty0u xdj266r xhhsvwb xat24cr xgzva0m xxymvpz xlup9mm x1kky2od\"><img loading=\"lazy\" class=\"xz74otr\" src=\"https:\/\/static.xx.fbcdn.net\/images\/emoji.php\/v9\/tef\/1.5\/16\/1f949.png\" alt=\"????\" width=\"16\" height=\"16\" \/><\/span>miejsce Pawe\u0142 Miodo\u0144ski z kl.3b<\/div>\n<\/div>\n<div class=\"x11i5rnm xat24cr x1mh8g0r x1vvkbs xtlvy1s x126k92a\">\n<div dir=\"auto\">WYR\u00d3\u017bNIENIA:<\/div>\n<div dir=\"auto\">Arleta Ku\u017ama z kl. 1b<\/div>\n<div dir=\"auto\">Alan Zaj\u0105c z kl. 3b<\/div>\n<\/div>\n<div class=\"x11i5rnm xat24cr x1mh8g0r x1vvkbs xtlvy1s x126k92a\">\n<div dir=\"auto\">Wszyscy uczestnicy otrzymali dyplomy i nagrody, ufundowane przez Rad\u0119 Rodzic\u00f3w ZSS w Roczynach. Dzi\u0119kujemy!<span class=\"x3nfvp2 x1j61x8r x1fcty0u xdj266r xhhsvwb xat24cr xgzva0m xxymvpz xlup9mm x1kky2od\"><img loading=\"lazy\" class=\"xz74otr\" src=\"https:\/\/static.xx.fbcdn.net\/images\/emoji.php\/v9\/tf2\/1.5\/16\/1fa77.png\" alt=\"????\" width=\"16\" height=\"16\" \/><\/span><span class=\"x3nfvp2 x1j61x8r x1fcty0u xdj266r xhhsvwb xat24cr xgzva0m xxymvpz xlup9mm x1kky2od\"><img loading=\"lazy\" class=\"xz74otr\" src=\"https:\/\/static.xx.fbcdn.net\/images\/emoji.php\/v9\/tf2\/1.5\/16\/1fa77.png\" alt=\"????\" width=\"16\" height=\"16\" \/><\/span><span class=\"x3nfvp2 x1j61x8r x1fcty0u xdj266r xhhsvwb xat24cr xgzva0m xxymvpz xlup9mm x1kky2od\"><img loading=\"lazy\" class=\"xz74otr\" src=\"https:\/\/static.xx.fbcdn.net\/images\/emoji.php\/v9\/tf2\/1.5\/16\/1fa77.png\" alt=\"????\" width=\"16\" height=\"16\" \/><\/span><\/div>\n<div dir=\"auto\">Dzi\u0119kujemy r\u00f3wnie\u017c wszystkim uczniom, kt\u00f3rzy przygotowali si\u0119 do udzia\u0142<\/div>\n<div dir=\"auto\">w etapach klasowych.<\/div>\n<div dir=\"auto\">Tymoteusz Bizo\u0144 i Jan Jura zakwalifikowali si\u0119 do udzia\u0142u w Gminnym Konkursie Recytatorskim &#8211; \u201eSpotkanie z poezj\u0105 dla dzieci\u201d. Gratulujemy i \u017cyczymy dalszych sukces\u00f3w!!!<\/div>\n<div dir=\"auto\"><img loading=\"lazy\" class=\"wp-image-9305 aligncenter\" src=\"http:\/\/roczyny.edu.pl\/wp-content\/uploads\/2024\/03\/433926732_928752932371536_793016799978701313_n-225x300.jpg\" alt=\"\" width=\"868\" height=\"1157\" srcset=\"http:\/\/roczyny.edu.pl\/wp-content\/uploads\/2024\/03\/433926732_928752932371536_793016799978701313_n-225x300.jpg 225w, http:\/\/roczyny.edu.pl\/wp-content\/uploads\/2024\/03\/433926732_928752932371536_793016799978701313_n-250x333.jpg 250w, http:\/\/roczyny.edu.pl\/wp-content\/uploads\/2024\/03\/433926732_928752932371536_793016799978701313_n-550x733.jpg 550w, http:\/\/roczyny.edu.pl\/wp-content\/uploads\/2024\/03\/433926732_928752932371536_793016799978701313_n-135x180.jpg 135w, http:\/\/roczyny.edu.pl\/wp-content\/uploads\/2024\/03\/433926732_928752932371536_793016799978701313_n-375x500.jpg 375w, http:\/\/roczyny.edu.pl\/wp-content\/uploads\/2024\/03\/433926732_928752932371536_793016799978701313_n.jpg 585w\" sizes=\"(max-width: 868px) 100vw, 868px\" \/><\/div>\n<div dir=\"auto\"><\/div>\n<div dir=\"auto\"><img loading=\"lazy\" class=\"wp-image-9306 aligncenter\" src=\"http:\/\/roczyny.edu.pl\/wp-content\/uploads\/2024\/03\/434124130_928754212371408_5712918350578689734_n-225x300.jpg\" alt=\"\" width=\"904\" height=\"1205\" srcset=\"http:\/\/roczyny.edu.pl\/wp-content\/uploads\/2024\/03\/434124130_928754212371408_5712918350578689734_n-225x300.jpg 225w, http:\/\/roczyny.edu.pl\/wp-content\/uploads\/2024\/03\/434124130_928754212371408_5712918350578689734_n-768x1024.jpg 768w, http:\/\/roczyny.edu.pl\/wp-content\/uploads\/2024\/03\/434124130_928754212371408_5712918350578689734_n-1152x1536.jpg 1152w, http:\/\/roczyny.edu.pl\/wp-content\/uploads\/2024\/03\/434124130_928754212371408_5712918350578689734_n-660x880.jpg 660w, http:\/\/roczyny.edu.pl\/wp-content\/uploads\/2024\/03\/434124130_928754212371408_5712918350578689734_n-250x333.jpg 250w, http:\/\/roczyny.edu.pl\/wp-content\/uploads\/2024\/03\/434124130_928754212371408_5712918350578689734_n-550x733.jpg 550w, http:\/\/roczyny.edu.pl\/wp-content\/uploads\/2024\/03\/434124130_928754212371408_5712918350578689734_n-800x1067.jpg 800w, http:\/\/roczyny.edu.pl\/wp-content\/uploads\/2024\/03\/434124130_928754212371408_5712918350578689734_n-135x180.jpg 135w, http:\/\/roczyny.edu.pl\/wp-content\/uploads\/2024\/03\/434124130_928754212371408_5712918350578689734_n-375x500.jpg 375w, http:\/\/roczyny.edu.pl\/wp-content\/uploads\/2024\/03\/434124130_928754212371408_5712918350578689734_n.jpg 1200w\" sizes=\"(max-width: 904px) 100vw, 904px\" \/><\/div>\n<div dir=\"auto\"><\/div>\n<div dir=\"auto\"><img loading=\"lazy\" class=\"alignnone  wp-image-9307\" src=\"http:\/\/roczyny.edu.pl\/wp-content\/uploads\/2024\/03\/434137067_928754192371410_1879544215957579172_n-225x300.jpg\" alt=\"\" width=\"920\" height=\"1227\" srcset=\"http:\/\/roczyny.edu.pl\/wp-content\/uploads\/2024\/03\/434137067_928754192371410_1879544215957579172_n-225x300.jpg 225w, http:\/\/roczyny.edu.pl\/wp-content\/uploads\/2024\/03\/434137067_928754192371410_1879544215957579172_n-768x1024.jpg 768w, http:\/\/roczyny.edu.pl\/wp-content\/uploads\/2024\/03\/434137067_928754192371410_1879544215957579172_n-1152x1536.jpg 1152w, http:\/\/roczyny.edu.pl\/wp-content\/uploads\/2024\/03\/434137067_928754192371410_1879544215957579172_n-660x880.jpg 660w, http:\/\/roczyny.edu.pl\/wp-content\/uploads\/2024\/03\/434137067_928754192371410_1879544215957579172_n-250x333.jpg 250w, http:\/\/roczyny.edu.pl\/wp-content\/uploads\/2024\/03\/434137067_928754192371410_1879544215957579172_n-550x733.jpg 550w, http:\/\/roczyny.edu.pl\/wp-content\/uploads\/2024\/03\/434137067_928754192371410_1879544215957579172_n-800x1067.jpg 800w, http:\/\/roczyny.edu.pl\/wp-content\/uploads\/2024\/03\/434137067_928754192371410_1879544215957579172_n-135x180.jpg 135w, http:\/\/roczyny.edu.pl\/wp-content\/uploads\/2024\/03\/434137067_928754192371410_1879544215957579172_n-375x500.jpg 375w, http:\/\/roczyny.edu.pl\/wp-content\/uploads\/2024\/03\/434137067_928754192371410_1879544215957579172_n.jpg 1200w\" sizes=\"(max-width: 920px) 100vw, 920px\" \/><\/div>\n<div dir=\"auto\"><img loading=\"lazy\" class=\"alignnone  wp-image-9308\" src=\"http:\/\/roczyny.edu.pl\/wp-content\/uploads\/2024\/03\/434194482_928754249038071_5882590366419856556_n-225x300.jpg\" alt=\"\" width=\"948\" height=\"1264\" srcset=\"http:\/\/roczyny.edu.pl\/wp-content\/uploads\/2024\/03\/434194482_928754249038071_5882590366419856556_n-225x300.jpg 225w, http:\/\/roczyny.edu.pl\/wp-content\/uploads\/2024\/03\/434194482_928754249038071_5882590366419856556_n-768x1024.jpg 768w, http:\/\/roczyny.edu.pl\/wp-content\/uploads\/2024\/03\/434194482_928754249038071_5882590366419856556_n-1152x1536.jpg 1152w, http:\/\/roczyny.edu.pl\/wp-content\/uploads\/2024\/03\/434194482_928754249038071_5882590366419856556_n-660x880.jpg 660w, http:\/\/roczyny.edu.pl\/wp-content\/uploads\/2024\/03\/434194482_928754249038071_5882590366419856556_n-250x333.jpg 250w, http:\/\/roczyny.edu.pl\/wp-content\/uploads\/2024\/03\/434194482_928754249038071_5882590366419856556_n-550x733.jpg 550w, http:\/\/roczyny.edu.pl\/wp-content\/uploads\/2024\/03\/434194482_928754249038071_5882590366419856556_n-800x1067.jpg 800w, http:\/\/roczyny.edu.pl\/wp-content\/uploads\/2024\/03\/434194482_928754249038071_5882590366419856556_n-135x180.jpg 135w, http:\/\/roczyny.edu.pl\/wp-content\/uploads\/2024\/03\/434194482_928754249038071_5882590366419856556_n-375x500.jpg 375w, http:\/\/roczyny.edu.pl\/wp-content\/uploads\/2024\/03\/434194482_928754249038071_5882590366419856556_n.jpg 1200w\" sizes=\"(max-width: 948px) 100vw, 948px\" \/><\/div>\n<div dir=\"auto\"><img loading=\"lazy\" class=\"alignnone  wp-image-9309\" src=\"http:\/\/roczyny.edu.pl\/wp-content\/uploads\/2024\/03\/434388638_928753979038098_6729717193585821440_n-225x300.jpg\" alt=\"\" width=\"926\" height=\"1235\" srcset=\"http:\/\/roczyny.edu.pl\/wp-content\/uploads\/2024\/03\/434388638_928753979038098_6729717193585821440_n-225x300.jpg 225w, http:\/\/roczyny.edu.pl\/wp-content\/uploads\/2024\/03\/434388638_928753979038098_6729717193585821440_n-768x1024.jpg 768w, http:\/\/roczyny.edu.pl\/wp-content\/uploads\/2024\/03\/434388638_928753979038098_6729717193585821440_n-1152x1536.jpg 1152w, http:\/\/roczyny.edu.pl\/wp-content\/uploads\/2024\/03\/434388638_928753979038098_6729717193585821440_n-660x880.jpg 660w, http:\/\/roczyny.edu.pl\/wp-content\/uploads\/2024\/03\/434388638_928753979038098_6729717193585821440_n-250x333.jpg 250w, http:\/\/roczyny.edu.pl\/wp-content\/uploads\/2024\/03\/434388638_928753979038098_6729717193585821440_n-550x733.jpg 550w, http:\/\/roczyny.edu.pl\/wp-content\/uploads\/2024\/03\/434388638_928753979038098_6729717193585821440_n-800x1067.jpg 800w, http:\/\/roczyny.edu.pl\/wp-content\/uploads\/2024\/03\/434388638_928753979038098_6729717193585821440_n-135x180.jpg 135w, http:\/\/roczyny.edu.pl\/wp-content\/uploads\/2024\/03\/434388638_928753979038098_6729717193585821440_n-375x500.jpg 375w, http:\/\/roczyny.edu.pl\/wp-content\/uploads\/2024\/03\/434388638_928753979038098_6729717193585821440_n.jpg 1200w\" sizes=\"(max-width: 926px) 100vw, 926px\" \/><\/div>\n<div dir=\"auto\"><img loading=\"lazy\" class=\"alignnone  wp-image-9310\" src=\"http:\/\/roczyny.edu.pl\/wp-content\/uploads\/2024\/03\/434391602_928754259038070_1138986696679977357_n-225x300.jpg\" alt=\"\" width=\"921\" height=\"1228\" srcset=\"http:\/\/roczyny.edu.pl\/wp-content\/uploads\/2024\/03\/434391602_928754259038070_1138986696679977357_n-225x300.jpg 225w, http:\/\/roczyny.edu.pl\/wp-content\/uploads\/2024\/03\/434391602_928754259038070_1138986696679977357_n-768x1024.jpg 768w, http:\/\/roczyny.edu.pl\/wp-content\/uploads\/2024\/03\/434391602_928754259038070_1138986696679977357_n-1152x1536.jpg 1152w, http:\/\/roczyny.edu.pl\/wp-content\/uploads\/2024\/03\/434391602_928754259038070_1138986696679977357_n-660x880.jpg 660w, http:\/\/roczyny.edu.pl\/wp-content\/uploads\/2024\/03\/434391602_928754259038070_1138986696679977357_n-250x333.jpg 250w, http:\/\/roczyny.edu.pl\/wp-content\/uploads\/2024\/03\/434391602_928754259038070_1138986696679977357_n-550x733.jpg 550w, http:\/\/roczyny.edu.pl\/wp-content\/uploads\/2024\/03\/434391602_928754259038070_1138986696679977357_n-800x1067.jpg 800w, http:\/\/roczyny.edu.pl\/wp-content\/uploads\/2024\/03\/434391602_928754259038070_1138986696679977357_n-135x180.jpg 135w, http:\/\/roczyny.edu.pl\/wp-content\/uploads\/2024\/03\/434391602_928754259038070_1138986696679977357_n-375x500.jpg 375w, http:\/\/roczyny.edu.pl\/wp-content\/uploads\/2024\/03\/434391602_928754259038070_1138986696679977357_n.jpg 1200w\" sizes=\"(max-width: 921px) 100vw, 921px\" \/><\/div>\n<div dir=\"auto\"><img loading=\"lazy\" class=\"alignnone  wp-image-9311\" src=\"http:\/\/roczyny.edu.pl\/wp-content\/uploads\/2024\/03\/434404853_928754185704744_2168626525492669917_n-300x225.jpg\" alt=\"\" width=\"955\" height=\"716\" srcset=\"http:\/\/roczyny.edu.pl\/wp-content\/uploads\/2024\/03\/434404853_928754185704744_2168626525492669917_n-300x225.jpg 300w, http:\/\/roczyny.edu.pl\/wp-content\/uploads\/2024\/03\/434404853_928754185704744_2168626525492669917_n-1024x768.jpg 1024w, http:\/\/roczyny.edu.pl\/wp-content\/uploads\/2024\/03\/434404853_928754185704744_2168626525492669917_n-768x576.jpg 768w, http:\/\/roczyny.edu.pl\/wp-content\/uploads\/2024\/03\/434404853_928754185704744_2168626525492669917_n-1536x1152.jpg 1536w, http:\/\/roczyny.edu.pl\/wp-content\/uploads\/2024\/03\/434404853_928754185704744_2168626525492669917_n-660x495.jpg 660w, http:\/\/roczyny.edu.pl\/wp-content\/uploads\/2024\/03\/434404853_928754185704744_2168626525492669917_n-250x188.jpg 250w, http:\/\/roczyny.edu.pl\/wp-content\/uploads\/2024\/03\/434404853_928754185704744_2168626525492669917_n-550x413.jpg 550w, http:\/\/roczyny.edu.pl\/wp-content\/uploads\/2024\/03\/434404853_928754185704744_2168626525492669917_n-800x600.jpg 800w, http:\/\/roczyny.edu.pl\/wp-content\/uploads\/2024\/03\/434404853_928754185704744_2168626525492669917_n-240x180.jpg 240w, http:\/\/roczyny.edu.pl\/wp-content\/uploads\/2024\/03\/434404853_928754185704744_2168626525492669917_n-400x300.jpg 400w, http:\/\/roczyny.edu.pl\/wp-content\/uploads\/2024\/03\/434404853_928754185704744_2168626525492669917_n-667x500.jpg 667w, http:\/\/roczyny.edu.pl\/wp-content\/uploads\/2024\/03\/434404853_928754185704744_2168626525492669917_n.jpg 1600w\" sizes=\"(max-width: 955px) 100vw, 955px\" \/><\/div>\n<\/div>\n<\/blockquote>\n","protected":false},"excerpt":{"rendered":"<p>W przeddzie\u0144 \u015awiatowego Dnia Poezji 20 marca 2024r. odby\u0142 si\u0119 w naszej szkole Konkurs Recytatorski \u201ePoeci dzieciom\u201d dedykowany uczniom kl. 1-3 Celem konkursu by\u0142o: &#8211; rozwijanie zainteresowa\u0144 literatur\u0105 oraz sztuk\u0105 recytacji; &#8211; popularyzacja poezji polskiej dla dzieci; &#8211; kszta\u0142towanie umiej\u0119tno\u015bci interpretacji utwor\u00f3w poetyckich. Etap szkolny poprzedzony by\u0142 klasowymi eliminacjami. Zgodnie z regulaminem, ka\u017cd\u0105 klas\u0119 mog\u0142o\u2026 <span class=\"read-more\"><a href=\"http:\/\/roczyny.edu.pl\/index.php\/2024\/03\/26\/szkolny-konkurs-recytatorski-dla-kl-1-3-poeci-dzieciom\/\">Czytaj dalej &raquo;<\/a><\/span><\/p>\n","protected":false},"author":5,"featured_media":9311,"comment_status":"closed","ping_status":"closed","sticky":false,"template":"","format":"standard","meta":{"bgseo_title":"","bgseo_description":"","bgseo_robots_index":"index","bgseo_robots_follow":"follow"},"categories":[4,1,7,5,8],"tags":[],"_links":{"self":[{"href":"http:\/\/roczyny.edu.pl\/index.php\/wp-json\/wp\/v2\/posts\/9304"}],"collection":[{"href":"http:\/\/roczyny.edu.pl\/index.php\/wp-json\/wp\/v2\/posts"}],"about":[{"href":"http:\/\/roczyny.edu.pl\/index.php\/wp-json\/wp\/v2\/types\/post"}],"author":[{"embeddable":true,"href":"http:\/\/roczyny.edu.pl\/index.php\/wp-json\/wp\/v2\/users\/5"}],"replies":[{"embeddable":true,"href":"http:\/\/roczyny.edu.pl\/index.php\/wp-json\/wp\/v2\/comments?post=9304"}],"version-history":[{"count":1,"href":"http:\/\/roczyny.edu.pl\/index.php\/wp-json\/wp\/v2\/posts\/9304\/revisions"}],"predecessor-version":[{"id":9312,"href":"http:\/\/roczyny.edu.pl\/index.php\/wp-json\/wp\/v2\/posts\/9304\/revisions\/9312"}],"wp:featuredmedia":[{"embeddable":true,"href":"http:\/\/roczyny.edu.pl\/index.php\/wp-json\/wp\/v2\/media\/9311"}],"wp:attachment":[{"href":"http:\/\/roczyny.edu.pl\/index.php\/wp-json\/wp\/v2\/media?parent=9304"}],"wp:term":[{"taxonomy":"category","embeddable":true,"href":"http:\/\/roczyny.edu.pl\/index.php\/wp-json\/wp\/v2\/categories?post=9304"},{"taxonomy":"post_tag","embeddable":true,"href":"http:\/\/roczyny.edu.pl\/index.php\/wp-json\/wp\/v2\/tags?post=9304"}],"curies":[{"name":"wp","href":"https:\/\/api.w.org\/{rel}","templated":true}]}}