{"id":9331,"date":"2024-04-03T07:50:06","date_gmt":"2024-04-03T05:50:06","guid":{"rendered":"http:\/\/roczyny.edu.pl\/?p=9331"},"modified":"2024-04-03T07:55:19","modified_gmt":"2024-04-03T05:55:19","slug":"jak-nie-byc-frajerem-w-swiecie-cyfrowym-2","status":"publish","type":"post","link":"http:\/\/roczyny.edu.pl\/index.php\/2024\/04\/03\/jak-nie-byc-frajerem-w-swiecie-cyfrowym-2\/","title":{"rendered":"Jak nie by\u0107 frajerem w \u015bwiecie cyfrowym?"},"content":{"rendered":"<blockquote>\n<p style=\"text-align: center;\">Serdecznie zach\u0119camy do obejrzenia webinaru<span class=\"qu\" tabindex=\"-1\" role=\"gridcell\" translate=\"no\"><span class=\"gD\" data-hovercard-id=\"soc@dbamomojzasieg.com\" data-hovercard-owner-id=\"20\"> Fundacji Dbam o M\u00f3j Z@si\u0119g pt. &#8222;JAK NIE BY\u0106 FRAJEREM W \u015aWIECIE CYFROWYM&#8221;.\u00a0<a href=\"https:\/\/www.youtube.com\/watch?v=GnqniDq9GOg\">https:\/\/www.youtube.com\/watch?v=GnqniDq9GOg<\/a><\/span><\/span><\/p>\n<div class=\"wc-gallery\"><div id='gallery-1' data-gutter-width='5' data-columns='1' class='gallery wc-gallery-captions-onhover gallery-link-file gallery-masonry galleryid-9331 gallery-columns-1 gallery-size-large wc-gallery-bottomspace-default wc-gallery-clear'><div class='gallery-item gallery-item-position-1 gallery-item-attachment-9332'>\n\t\t\t\t<div class='gallery-icon landscape'>\n\t\t\t\t\t<a href='http:\/\/roczyny.edu.pl\/wp-content\/uploads\/2024\/04\/Bez-tytulu-1024x512.png' title='Bez\u00a0tytu\u0142u' target='_self' rel=\"lightbox[9331]\"><img width=\"665\" height=\"333\" src=\"http:\/\/roczyny.edu.pl\/wp-content\/uploads\/2024\/04\/Bez-tytulu-1024x512.png\" class=\"attachment-large size-large\" alt=\"\" loading=\"lazy\" data-attachment-id=\"9332\" srcset=\"http:\/\/roczyny.edu.pl\/wp-content\/uploads\/2024\/04\/Bez-tytulu-1024x512.png 1024w, http:\/\/roczyny.edu.pl\/wp-content\/uploads\/2024\/04\/Bez-tytulu-300x150.png 300w, http:\/\/roczyny.edu.pl\/wp-content\/uploads\/2024\/04\/Bez-tytulu-768x384.png 768w, http:\/\/roczyny.edu.pl\/wp-content\/uploads\/2024\/04\/Bez-tytulu-660x330.png 660w, http:\/\/roczyny.edu.pl\/wp-content\/uploads\/2024\/04\/Bez-tytulu-250x125.png 250w, http:\/\/roczyny.edu.pl\/wp-content\/uploads\/2024\/04\/Bez-tytulu-550x275.png 550w, http:\/\/roczyny.edu.pl\/wp-content\/uploads\/2024\/04\/Bez-tytulu-800x400.png 800w, http:\/\/roczyny.edu.pl\/wp-content\/uploads\/2024\/04\/Bez-tytulu-360x180.png 360w, http:\/\/roczyny.edu.pl\/wp-content\/uploads\/2024\/04\/Bez-tytulu-601x300.png 601w, http:\/\/roczyny.edu.pl\/wp-content\/uploads\/2024\/04\/Bez-tytulu-1001x500.png 1001w, http:\/\/roczyny.edu.pl\/wp-content\/uploads\/2024\/04\/Bez-tytulu.png 1157w\" sizes=\"(max-width: 665px) 100vw, 665px\" \/><\/a>\n\t\t\t\t<\/div><\/div><div class='gallery-item gallery-item-position-2 gallery-item-attachment-9335'>\n\t\t\t\t<div class='gallery-icon landscape'>\n\t\t\t\t\t<a href='http:\/\/roczyny.edu.pl\/wp-content\/uploads\/2024\/04\/Bez-tytulu2-1024x429.png' title='Bez\u00a0tytu\u0142u2' target='_self' rel=\"lightbox[9331]\"><img width=\"665\" height=\"279\" src=\"http:\/\/roczyny.edu.pl\/wp-content\/uploads\/2024\/04\/Bez-tytulu2-1024x429.png\" class=\"attachment-large size-large\" alt=\"\" loading=\"lazy\" data-attachment-id=\"9335\" srcset=\"http:\/\/roczyny.edu.pl\/wp-content\/uploads\/2024\/04\/Bez-tytulu2-1024x429.png 1024w, http:\/\/roczyny.edu.pl\/wp-content\/uploads\/2024\/04\/Bez-tytulu2-300x126.png 300w, http:\/\/roczyny.edu.pl\/wp-content\/uploads\/2024\/04\/Bez-tytulu2-768x321.png 768w, http:\/\/roczyny.edu.pl\/wp-content\/uploads\/2024\/04\/Bez-tytulu2-660x276.png 660w, http:\/\/roczyny.edu.pl\/wp-content\/uploads\/2024\/04\/Bez-tytulu2-250x105.png 250w, http:\/\/roczyny.edu.pl\/wp-content\/uploads\/2024\/04\/Bez-tytulu2-550x230.png 550w, http:\/\/roczyny.edu.pl\/wp-content\/uploads\/2024\/04\/Bez-tytulu2-800x335.png 800w, http:\/\/roczyny.edu.pl\/wp-content\/uploads\/2024\/04\/Bez-tytulu2-430x180.png 430w, http:\/\/roczyny.edu.pl\/wp-content\/uploads\/2024\/04\/Bez-tytulu2-717x300.png 717w, http:\/\/roczyny.edu.pl\/wp-content\/uploads\/2024\/04\/Bez-tytulu2.png 1037w\" sizes=\"(max-width: 665px) 100vw, 665px\" \/><\/a>\n\t\t\t\t<\/div><\/div><\/div>\n<\/div><\/blockquote>\n<p>&nbsp;<\/p>\n<p>&nbsp;<\/p>\n","protected":false},"excerpt":{"rendered":"<p>Serdecznie zach\u0119camy do obejrzenia webinaru Fundacji Dbam o M\u00f3j Z@si\u0119g pt. &#8222;JAK NIE BY\u0106 FRAJEREM W \u015aWIECIE CYFROWYM&#8221;.\u00a0https:\/\/www.youtube.com\/watch?v=GnqniDq9GOg &nbsp; &nbsp;<\/p>\n","protected":false},"author":7,"featured_media":9332,"comment_status":"closed","ping_status":"closed","sticky":false,"template":"","format":"standard","meta":{"bgseo_title":"","bgseo_description":"","bgseo_robots_index":"index","bgseo_robots_follow":"follow"},"categories":[4,7,5],"tags":[],"_links":{"self":[{"href":"http:\/\/roczyny.edu.pl\/index.php\/wp-json\/wp\/v2\/posts\/9331"}],"collection":[{"href":"http:\/\/roczyny.edu.pl\/index.php\/wp-json\/wp\/v2\/posts"}],"about":[{"href":"http:\/\/roczyny.edu.pl\/index.php\/wp-json\/wp\/v2\/types\/post"}],"author":[{"embeddable":true,"href":"http:\/\/roczyny.edu.pl\/index.php\/wp-json\/wp\/v2\/users\/7"}],"replies":[{"embeddable":true,"href":"http:\/\/roczyny.edu.pl\/index.php\/wp-json\/wp\/v2\/comments?post=9331"}],"version-history":[{"count":4,"href":"http:\/\/roczyny.edu.pl\/index.php\/wp-json\/wp\/v2\/posts\/9331\/revisions"}],"predecessor-version":[{"id":9337,"href":"http:\/\/roczyny.edu.pl\/index.php\/wp-json\/wp\/v2\/posts\/9331\/revisions\/9337"}],"wp:featuredmedia":[{"embeddable":true,"href":"http:\/\/roczyny.edu.pl\/index.php\/wp-json\/wp\/v2\/media\/9332"}],"wp:attachment":[{"href":"http:\/\/roczyny.edu.pl\/index.php\/wp-json\/wp\/v2\/media?parent=9331"}],"wp:term":[{"taxonomy":"category","embeddable":true,"href":"http:\/\/roczyny.edu.pl\/index.php\/wp-json\/wp\/v2\/categories?post=9331"},{"taxonomy":"post_tag","embeddable":true,"href":"http:\/\/roczyny.edu.pl\/index.php\/wp-json\/wp\/v2\/tags?post=9331"}],"curies":[{"name":"wp","href":"https:\/\/api.w.org\/{rel}","templated":true}]}}