{"id":9348,"date":"2024-04-08T11:01:11","date_gmt":"2024-04-08T09:01:11","guid":{"rendered":"http:\/\/roczyny.edu.pl\/?p=9348"},"modified":"2024-04-08T11:01:11","modified_gmt":"2024-04-08T09:01:11","slug":"spotkania-z-rodzicami-3","status":"publish","type":"post","link":"http:\/\/roczyny.edu.pl\/index.php\/2024\/04\/08\/spotkania-z-rodzicami-3\/","title":{"rendered":"Spotkania z rodzicami"},"content":{"rendered":"<p>Szanowni\u00a0 Rodzice!<br \/>\nW najbli\u017cszy czwartek, tj. 11.04.2024 odb\u0119d\u0105 si\u0119 zebrania z rodzicami wed\u0142ug poni\u017cszego harmonogramu:<\/p>\n<p>klasy I-III o godzinie 18.00<\/p>\n<p>klasy IV-VIII o godzinie 17.00<\/p>\n<p>Godzina dost\u0119pno\u015bci dla ch\u0119tnych rodzic\u00f3w dzieci przedszkolnych w godzinach: 16.00-17.00<\/p>\n<p>Serdecznie zapraszamy!<\/p>\n","protected":false},"excerpt":{"rendered":"<p>Szanowni\u00a0 Rodzice! W najbli\u017cszy czwartek, tj. 11.04.2024 odb\u0119d\u0105 si\u0119 zebrania z rodzicami wed\u0142ug poni\u017cszego harmonogramu: klasy I-III o godzinie 18.00 klasy IV-VIII o godzinie 17.00 Godzina dost\u0119pno\u015bci dla ch\u0119tnych rodzic\u00f3w dzieci przedszkolnych w godzinach: 16.00-17.00 Serdecznie zapraszamy!<\/p>\n","protected":false},"author":3,"featured_media":3761,"comment_status":"closed","ping_status":"closed","sticky":false,"template":"","format":"standard","meta":{"bgseo_title":"","bgseo_description":"","bgseo_robots_index":"index","bgseo_robots_follow":"follow"},"categories":[1],"tags":[],"_links":{"self":[{"href":"http:\/\/roczyny.edu.pl\/index.php\/wp-json\/wp\/v2\/posts\/9348"}],"collection":[{"href":"http:\/\/roczyny.edu.pl\/index.php\/wp-json\/wp\/v2\/posts"}],"about":[{"href":"http:\/\/roczyny.edu.pl\/index.php\/wp-json\/wp\/v2\/types\/post"}],"author":[{"embeddable":true,"href":"http:\/\/roczyny.edu.pl\/index.php\/wp-json\/wp\/v2\/users\/3"}],"replies":[{"embeddable":true,"href":"http:\/\/roczyny.edu.pl\/index.php\/wp-json\/wp\/v2\/comments?post=9348"}],"version-history":[{"count":1,"href":"http:\/\/roczyny.edu.pl\/index.php\/wp-json\/wp\/v2\/posts\/9348\/revisions"}],"predecessor-version":[{"id":9349,"href":"http:\/\/roczyny.edu.pl\/index.php\/wp-json\/wp\/v2\/posts\/9348\/revisions\/9349"}],"wp:featuredmedia":[{"embeddable":true,"href":"http:\/\/roczyny.edu.pl\/index.php\/wp-json\/wp\/v2\/media\/3761"}],"wp:attachment":[{"href":"http:\/\/roczyny.edu.pl\/index.php\/wp-json\/wp\/v2\/media?parent=9348"}],"wp:term":[{"taxonomy":"category","embeddable":true,"href":"http:\/\/roczyny.edu.pl\/index.php\/wp-json\/wp\/v2\/categories?post=9348"},{"taxonomy":"post_tag","embeddable":true,"href":"http:\/\/roczyny.edu.pl\/index.php\/wp-json\/wp\/v2\/tags?post=9348"}],"curies":[{"name":"wp","href":"https:\/\/api.w.org\/{rel}","templated":true}]}}