{"id":9350,"date":"2024-04-10T08:54:23","date_gmt":"2024-04-10T06:54:23","guid":{"rendered":"http:\/\/roczyny.edu.pl\/?p=9350"},"modified":"2024-04-10T12:38:48","modified_gmt":"2024-04-10T10:38:48","slug":"gora-grosza","status":"publish","type":"post","link":"http:\/\/roczyny.edu.pl\/index.php\/2024\/04\/10\/gora-grosza\/","title":{"rendered":"G\u00d3RA GROSZA"},"content":{"rendered":"<blockquote>\n<p style=\"text-align: center;\">W szkole odby\u0142a si\u0119 niezwyk\u0142a akcja pod nazw\u0105 &#8222;G\u00f3ra Grosza&#8221;, w ramach kt\u00f3rej uczniowie dobrowolnie zbierali pieni\u0105dze na szczytny cel. Dzi\u0119ki zaanga\u017cowaniu ca\u0142ej spo\u0142eczno\u015bci szkolnej, uda\u0142o si\u0119 zebra\u0107 niemal <span style=\"text-decoration: underline;\"><strong>415 z\u0142otych<\/strong><\/span> w samych drobnych monetach o \u0142\u0105cznej masie wynosz\u0105cej<\/p>\n<p style=\"text-align: center;\">\u00a0To wydarzenie nie tylko zjednoczy\u0142o uczni\u00f3w i nauczycieli, ale tak\u017ce pokaza\u0142o, \u017ce nawet najmniejsze wk\u0142ady mog\u0105 przyczyni\u0107 si\u0119 do osi\u0105gni\u0119cia wielkiego celu.<\/p>\n<p style=\"text-align: center;\">Szczeg\u00f3lnie godna podziwu by\u0142a inicjatywa klasy Pani Anny Kopaczewskiej, czyli 1A, kt\u00f3ra wyr\u00f3\u017cni\u0142a si\u0119 najwi\u0119kszym zaanga\u017cowaniem w akcj\u0119. Uczniowie tej klasy pokazali nie tylko solidarno\u015b\u0107, ale tak\u017ce determinacj\u0119 w d\u0105\u017ceniu do wsp\u00f3lnego celu. Bez wzgl\u0119du na to, czy by\u0142y to drobne sumy, czy te\u017c wi\u0119ksze wp\u0142aty, ka\u017cdy wk\u0142ad mia\u0142 ogromne znaczenie i przyczyni\u0142 si\u0119 do osi\u0105gni\u0119cia ogromnego sukcesu.<\/p>\n<div dir=\"auto\" style=\"text-align: center;\">Ta inicjatywa by\u0142a prawdziwym wyrazem empatii i wsp\u00f3lnotowego ducha, kt\u00f3rym kierowali si\u0119 uczniowie oraz kadra pedagogiczna. Dzi\u0119ki ich zaanga\u017cowaniu i zaufaniu do siebie nawzajem uda\u0142o si\u0119 osi\u0105gn\u0105\u0107 co\u015b wi\u0119cej ni\u017c tylko zbi\u00f3rk\u0119 pieni\u0119dzy. By\u0142a to lekcja wsp\u00f3\u0142pracy, empatii i solidarno\u015bci, kt\u00f3ra na d\u0142ugo pozostanie w pami\u0119ci wszystkich uczestnik\u00f3w.<\/div>\n<div dir=\"auto\" style=\"text-align: center;\">&#8222;G\u00f3ra Grosza&#8221; nie tylko dostarczy\u0142a potrzebuj\u0105cym wsparcia finansowego, ale tak\u017ce u\u015bwiadomi\u0142a uczniom, jak wiele mo\u017cna osi\u0105gn\u0105\u0107, gdy ludzie \u0142\u0105cz\u0105 si\u0142y dla wsp\u00f3lnego dobra. To wydarzenie pokaza\u0142o, \u017ce nawet najmniejszy wk\u0142ad mo\u017ce mie\u0107 ogromne znaczenie, gdy jeste\u015bmy jednocze\u015bnie skupieni na celu i dzia\u0142amy wsp\u00f3lnie jako spo\u0142eczno\u015b\u0107.<\/div>\n<div dir=\"auto\">\n<div class=\"wc-gallery\"><div id='gallery-1' data-gutter-width='5' data-columns='1' class='gallery wc-gallery-captions-onhover gallery-link-file gallery-masonry galleryid-9350 gallery-columns-1 gallery-size-large wc-gallery-bottomspace-default wc-gallery-clear'><div class='gallery-item gallery-item-position-1 gallery-item-attachment-9381'>\n\t\t\t\t<div class='gallery-icon landscape'>\n\t\t\t\t\t<a href='http:\/\/roczyny.edu.pl\/wp-content\/uploads\/2024\/04\/1712122211590-1024x766.jpg' title='1712122211590' target='_self' rel=\"lightbox[9350]\"><img width=\"665\" height=\"497\" src=\"http:\/\/roczyny.edu.pl\/wp-content\/uploads\/2024\/04\/1712122211590-1024x766.jpg\" class=\"attachment-large size-large\" alt=\"\" loading=\"lazy\" data-attachment-id=\"9381\" srcset=\"http:\/\/roczyny.edu.pl\/wp-content\/uploads\/2024\/04\/1712122211590-1024x766.jpg 1024w, http:\/\/roczyny.edu.pl\/wp-content\/uploads\/2024\/04\/1712122211590-300x224.jpg 300w, http:\/\/roczyny.edu.pl\/wp-content\/uploads\/2024\/04\/1712122211590-768x575.jpg 768w, http:\/\/roczyny.edu.pl\/wp-content\/uploads\/2024\/04\/1712122211590-1536x1149.jpg 1536w, http:\/\/roczyny.edu.pl\/wp-content\/uploads\/2024\/04\/1712122211590-2048x1532.jpg 2048w, http:\/\/roczyny.edu.pl\/wp-content\/uploads\/2024\/04\/1712122211590-660x494.jpg 660w, http:\/\/roczyny.edu.pl\/wp-content\/uploads\/2024\/04\/1712122211590-250x187.jpg 250w, http:\/\/roczyny.edu.pl\/wp-content\/uploads\/2024\/04\/1712122211590-550x412.jpg 550w, http:\/\/roczyny.edu.pl\/wp-content\/uploads\/2024\/04\/1712122211590-800x599.jpg 800w, http:\/\/roczyny.edu.pl\/wp-content\/uploads\/2024\/04\/1712122211590-241x180.jpg 241w, http:\/\/roczyny.edu.pl\/wp-content\/uploads\/2024\/04\/1712122211590-401x300.jpg 401w, http:\/\/roczyny.edu.pl\/wp-content\/uploads\/2024\/04\/1712122211590-668x500.jpg 668w\" sizes=\"(max-width: 665px) 100vw, 665px\" \/><\/a>\n\t\t\t\t<\/div><\/div><div class='gallery-item gallery-item-position-2 gallery-item-attachment-9380'>\n\t\t\t\t<div class='gallery-icon landscape'>\n\t\t\t\t\t<a href='http:\/\/roczyny.edu.pl\/wp-content\/uploads\/2024\/04\/Bez-tytulu1-1024x558.png' title='Bez\u00a0tytu\u0142u1' target='_self' rel=\"lightbox[9350]\"><img width=\"665\" height=\"362\" src=\"http:\/\/roczyny.edu.pl\/wp-content\/uploads\/2024\/04\/Bez-tytulu1-1024x558.png\" class=\"attachment-large size-large\" alt=\"\" loading=\"lazy\" data-attachment-id=\"9380\" srcset=\"http:\/\/roczyny.edu.pl\/wp-content\/uploads\/2024\/04\/Bez-tytulu1-1024x558.png 1024w, http:\/\/roczyny.edu.pl\/wp-content\/uploads\/2024\/04\/Bez-tytulu1-300x163.png 300w, http:\/\/roczyny.edu.pl\/wp-content\/uploads\/2024\/04\/Bez-tytulu1-768x418.png 768w, http:\/\/roczyny.edu.pl\/wp-content\/uploads\/2024\/04\/Bez-tytulu1-660x359.png 660w, http:\/\/roczyny.edu.pl\/wp-content\/uploads\/2024\/04\/Bez-tytulu1-250x136.png 250w, http:\/\/roczyny.edu.pl\/wp-content\/uploads\/2024\/04\/Bez-tytulu1-550x299.png 550w, http:\/\/roczyny.edu.pl\/wp-content\/uploads\/2024\/04\/Bez-tytulu1-800x436.png 800w, http:\/\/roczyny.edu.pl\/wp-content\/uploads\/2024\/04\/Bez-tytulu1-331x180.png 331w, http:\/\/roczyny.edu.pl\/wp-content\/uploads\/2024\/04\/Bez-tytulu1-551x300.png 551w, http:\/\/roczyny.edu.pl\/wp-content\/uploads\/2024\/04\/Bez-tytulu1-918x500.png 918w, http:\/\/roczyny.edu.pl\/wp-content\/uploads\/2024\/04\/Bez-tytulu1.png 1394w\" sizes=\"(max-width: 665px) 100vw, 665px\" \/><\/a>\n\t\t\t\t<\/div><\/div><div class='gallery-item gallery-item-position-3 gallery-item-attachment-9379'>\n\t\t\t\t<div class='gallery-icon landscape'>\n\t\t\t\t\t<a href='http:\/\/roczyny.edu.pl\/wp-content\/uploads\/2024\/04\/Bez-tytulu2-1.png' title='Bez\u00a0tytu\u0142u2' target='_self' rel=\"lightbox[9350]\"><img width=\"665\" height=\"362\" src=\"http:\/\/roczyny.edu.pl\/wp-content\/uploads\/2024\/04\/Bez-tytulu2-1.png\" class=\"attachment-large size-large\" alt=\"\" loading=\"lazy\" data-attachment-id=\"9379\" srcset=\"http:\/\/roczyny.edu.pl\/wp-content\/uploads\/2024\/04\/Bez-tytulu2-1.png 991w, http:\/\/roczyny.edu.pl\/wp-content\/uploads\/2024\/04\/Bez-tytulu2-1-300x163.png 300w, http:\/\/roczyny.edu.pl\/wp-content\/uploads\/2024\/04\/Bez-tytulu2-1-768x418.png 768w, http:\/\/roczyny.edu.pl\/wp-content\/uploads\/2024\/04\/Bez-tytulu2-1-660x360.png 660w, http:\/\/roczyny.edu.pl\/wp-content\/uploads\/2024\/04\/Bez-tytulu2-1-250x136.png 250w, http:\/\/roczyny.edu.pl\/wp-content\/uploads\/2024\/04\/Bez-tytulu2-1-550x300.png 550w, http:\/\/roczyny.edu.pl\/wp-content\/uploads\/2024\/04\/Bez-tytulu2-1-800x436.png 800w, http:\/\/roczyny.edu.pl\/wp-content\/uploads\/2024\/04\/Bez-tytulu2-1-330x180.png 330w, http:\/\/roczyny.edu.pl\/wp-content\/uploads\/2024\/04\/Bez-tytulu2-1-551x300.png 551w, http:\/\/roczyny.edu.pl\/wp-content\/uploads\/2024\/04\/Bez-tytulu2-1-918x500.png 918w\" sizes=\"(max-width: 665px) 100vw, 665px\" \/><\/a>\n\t\t\t\t<\/div><\/div><\/div>\n<\/div>\n<\/div>\n<\/blockquote>\n","protected":false},"excerpt":{"rendered":"<p>W szkole odby\u0142a si\u0119 niezwyk\u0142a akcja pod nazw\u0105 &#8222;G\u00f3ra Grosza&#8221;, w ramach kt\u00f3rej uczniowie dobrowolnie zbierali pieni\u0105dze na szczytny cel. Dzi\u0119ki zaanga\u017cowaniu ca\u0142ej spo\u0142eczno\u015bci szkolnej, uda\u0142o si\u0119 zebra\u0107 niemal 415 z\u0142otych w samych drobnych monetach o \u0142\u0105cznej masie wynosz\u0105cej \u00a0To wydarzenie nie tylko zjednoczy\u0142o uczni\u00f3w i nauczycieli, ale tak\u017ce pokaza\u0142o, \u017ce nawet najmniejsze wk\u0142ady mog\u0105\u2026 <span class=\"read-more\"><a href=\"http:\/\/roczyny.edu.pl\/index.php\/2024\/04\/10\/gora-grosza\/\">Czytaj dalej &raquo;<\/a><\/span><\/p>\n","protected":false},"author":7,"featured_media":9379,"comment_status":"closed","ping_status":"closed","sticky":false,"template":"","format":"standard","meta":{"bgseo_title":"","bgseo_description":"","bgseo_robots_index":"index","bgseo_robots_follow":"follow"},"categories":[4,5,8],"tags":[],"_links":{"self":[{"href":"http:\/\/roczyny.edu.pl\/index.php\/wp-json\/wp\/v2\/posts\/9350"}],"collection":[{"href":"http:\/\/roczyny.edu.pl\/index.php\/wp-json\/wp\/v2\/posts"}],"about":[{"href":"http:\/\/roczyny.edu.pl\/index.php\/wp-json\/wp\/v2\/types\/post"}],"author":[{"embeddable":true,"href":"http:\/\/roczyny.edu.pl\/index.php\/wp-json\/wp\/v2\/users\/7"}],"replies":[{"embeddable":true,"href":"http:\/\/roczyny.edu.pl\/index.php\/wp-json\/wp\/v2\/comments?post=9350"}],"version-history":[{"count":1,"href":"http:\/\/roczyny.edu.pl\/index.php\/wp-json\/wp\/v2\/posts\/9350\/revisions"}],"predecessor-version":[{"id":9382,"href":"http:\/\/roczyny.edu.pl\/index.php\/wp-json\/wp\/v2\/posts\/9350\/revisions\/9382"}],"wp:featuredmedia":[{"embeddable":true,"href":"http:\/\/roczyny.edu.pl\/index.php\/wp-json\/wp\/v2\/media\/9379"}],"wp:attachment":[{"href":"http:\/\/roczyny.edu.pl\/index.php\/wp-json\/wp\/v2\/media?parent=9350"}],"wp:term":[{"taxonomy":"category","embeddable":true,"href":"http:\/\/roczyny.edu.pl\/index.php\/wp-json\/wp\/v2\/categories?post=9350"},{"taxonomy":"post_tag","embeddable":true,"href":"http:\/\/roczyny.edu.pl\/index.php\/wp-json\/wp\/v2\/tags?post=9350"}],"curies":[{"name":"wp","href":"https:\/\/api.w.org\/{rel}","templated":true}]}}