{"id":16474,"date":"2026-04-27T22:08:02","date_gmt":"2026-04-27T20:08:02","guid":{"rendered":"https:\/\/roczyny.edu.pl\/?p=16474"},"modified":"2026-04-27T22:08:11","modified_gmt":"2026-04-27T20:08:11","slug":"wielki-sukces-naszego-ucznia","status":"publish","type":"post","link":"https:\/\/roczyny.edu.pl\/index.php\/2026\/04\/27\/wielki-sukces-naszego-ucznia\/","title":{"rendered":"Wielki sukces naszego ucznia!"},"content":{"rendered":"<blockquote>\n<p style=\"text-align: center;\">Z ogromn\u0105 satysfakcj\u0105 informujemy o znacz\u0105cym sukcesie sportowym ucznia naszej szko\u0142y \u2013 Krzysztofa, kt\u00f3ry zdoby\u0142 1. miejsce w Mistrzostwach Polski w tr\u00f3jboju si\u0142owym w konkurencji martwego ci\u0105gu.<\/p>\n<p style=\"text-align: center;\">W dniach 18\u201319 kwietnia 2026 roku w Zalesiu odby\u0142y si\u0119 Mistrzostwa Polski federacji Global Powerlifting Committee (GPC), zaliczane do najwa\u017cniejszych wydarze\u0144 w krajowym kalendarzu tej dyscypliny. Zawody te stanowi\u0142y nie tylko rywalizacj\u0119 o najwy\u017csze miejsca na podium, ale r\u00f3wnie\u017c mo\u017cliwo\u015b\u0107 uzyskania kwalifikacji do mistrzostw \u015bwiata, kt\u00f3re odb\u0119d\u0105 si\u0119 w Pabianicach.<\/p>\n<p style=\"text-align: center;\">Droga do tego osi\u0105gni\u0119cia rozpocz\u0119\u0142a si\u0119 na naszej szkolnej si\u0142owni, gdzie Krzysztof stawia\u0142 pierwsze kroki pod okiem trenera szkolnego Jana Ko\u0142odziejczyka. Ju\u017c od pocz\u0105tku wyr\u00f3\u017cnia\u0142 si\u0119 zaanga\u017cowaniem, systematyczno\u015bci\u0105 oraz wysok\u0105 kultur\u0105 pracy, kt\u00f3re w po\u0142\u0105czeniu z naturalnym talentem pozwoli\u0142y mu dynamicznie si\u0119 rozwija\u0107.<\/p>\n<p style=\"text-align: center;\">Dostrzegaj\u0105c jego potencja\u0142, zdecydowano o dalszym ukierunkowaniu jego rozwoju poprzez wsp\u00f3\u0142prac\u0119 ze Stowarzyszeniem Sport\u00f3w Si\u0142owych Benchpress Kozy. Pod opiek\u0105 Pana \u0141ukasza \u0141ysonia Krzysztof mia\u0142 mo\u017cliwo\u015b\u0107 doskonalenia swoich umiej\u0119tno\u015bci w profesjonalnych warunkach treningowych.<\/p>\n<p style=\"text-align: center;\">Ju\u017c po kilku miesi\u0105cach intensywnych przygotowa\u0144 otrzyma\u0142 szans\u0119 startu w Mistrzostwach Polski, gdzie osi\u0105gn\u0105\u0142 znakomity wynik \u2013 zdoby\u0142 1. miejsce w kategorii wiekowej 13\u201315 lat do 75 kg, uzyskuj\u0105c rezultat 155 kg w martwym ci\u0105gu.<\/p>\n<p style=\"text-align: center;\">Sukces Krzysztofa jest dowodem na to, \u017ce po\u0142\u0105czenie pasji, ci\u0119\u017ckiej pracy oraz odpowiedniego wsparcia szkoleniowego mo\u017ce prowadzi\u0107 do osi\u0105gania najwy\u017cszych wynik\u00f3w sportowych.<\/p>\n<div class=\"wc-gallery\"><div id='gallery-1' data-gutter-width='5' data-columns='1' class='gallery wc-gallery-captions-onhover gallery-link-file gallery-masonry galleryid-16474 gallery-columns-1 gallery-size-large wc-gallery-bottomspace-default wc-gallery-clear'><div class='gallery-item gallery-item-position-1 gallery-item-attachment-16475'>\n\t\t\t\t<div class='gallery-icon portrait'>\n\t\t\t\t\t<a href='https:\/\/roczyny.edu.pl\/wp-content\/uploads\/2026\/04\/b822dd50-f8bd-415a-8f90-ee8d01a838e1-768x1024.jpg' title='b822dd50-f8bd-415a-8f90-ee8d01a838e1' target='_self' rel=\"lightbox[16474]\"><img width=\"665\" height=\"887\" src=\"https:\/\/roczyny.edu.pl\/wp-content\/uploads\/2026\/04\/b822dd50-f8bd-415a-8f90-ee8d01a838e1-768x1024.jpg\" class=\"attachment-large size-large\" alt=\"\" loading=\"lazy\" data-attachment-id=\"16475\" srcset=\"https:\/\/roczyny.edu.pl\/wp-content\/uploads\/2026\/04\/b822dd50-f8bd-415a-8f90-ee8d01a838e1-768x1024.jpg 768w, https:\/\/roczyny.edu.pl\/wp-content\/uploads\/2026\/04\/b822dd50-f8bd-415a-8f90-ee8d01a838e1-225x300.jpg 225w, https:\/\/roczyny.edu.pl\/wp-content\/uploads\/2026\/04\/b822dd50-f8bd-415a-8f90-ee8d01a838e1-1152x1536.jpg 1152w, https:\/\/roczyny.edu.pl\/wp-content\/uploads\/2026\/04\/b822dd50-f8bd-415a-8f90-ee8d01a838e1-660x880.jpg 660w, https:\/\/roczyny.edu.pl\/wp-content\/uploads\/2026\/04\/b822dd50-f8bd-415a-8f90-ee8d01a838e1-250x333.jpg 250w, https:\/\/roczyny.edu.pl\/wp-content\/uploads\/2026\/04\/b822dd50-f8bd-415a-8f90-ee8d01a838e1-550x733.jpg 550w, https:\/\/roczyny.edu.pl\/wp-content\/uploads\/2026\/04\/b822dd50-f8bd-415a-8f90-ee8d01a838e1-800x1067.jpg 800w, https:\/\/roczyny.edu.pl\/wp-content\/uploads\/2026\/04\/b822dd50-f8bd-415a-8f90-ee8d01a838e1-135x180.jpg 135w, https:\/\/roczyny.edu.pl\/wp-content\/uploads\/2026\/04\/b822dd50-f8bd-415a-8f90-ee8d01a838e1-375x500.jpg 375w, https:\/\/roczyny.edu.pl\/wp-content\/uploads\/2026\/04\/b822dd50-f8bd-415a-8f90-ee8d01a838e1.jpg 1536w\" sizes=\"(max-width: 665px) 100vw, 665px\" \/><\/a>\n\t\t\t\t<\/div><\/div><div class='gallery-item gallery-item-position-2 gallery-item-attachment-16477'>\n\t\t\t\t<div class='gallery-icon portrait'>\n\t\t\t\t\t<a href='https:\/\/roczyny.edu.pl\/wp-content\/uploads\/2026\/04\/31d053e7-51fc-44b6-9df4-8d7837e2c1a4-768x1024.jpg' title='31d053e7-51fc-44b6-9df4-8d7837e2c1a4' target='_self' rel=\"lightbox[16474]\"><img width=\"665\" height=\"887\" src=\"https:\/\/roczyny.edu.pl\/wp-content\/uploads\/2026\/04\/31d053e7-51fc-44b6-9df4-8d7837e2c1a4-768x1024.jpg\" class=\"attachment-large size-large\" alt=\"\" loading=\"lazy\" data-attachment-id=\"16477\" srcset=\"https:\/\/roczyny.edu.pl\/wp-content\/uploads\/2026\/04\/31d053e7-51fc-44b6-9df4-8d7837e2c1a4-768x1024.jpg 768w, https:\/\/roczyny.edu.pl\/wp-content\/uploads\/2026\/04\/31d053e7-51fc-44b6-9df4-8d7837e2c1a4-225x300.jpg 225w, https:\/\/roczyny.edu.pl\/wp-content\/uploads\/2026\/04\/31d053e7-51fc-44b6-9df4-8d7837e2c1a4-1152x1536.jpg 1152w, https:\/\/roczyny.edu.pl\/wp-content\/uploads\/2026\/04\/31d053e7-51fc-44b6-9df4-8d7837e2c1a4-660x880.jpg 660w, https:\/\/roczyny.edu.pl\/wp-content\/uploads\/2026\/04\/31d053e7-51fc-44b6-9df4-8d7837e2c1a4-250x333.jpg 250w, https:\/\/roczyny.edu.pl\/wp-content\/uploads\/2026\/04\/31d053e7-51fc-44b6-9df4-8d7837e2c1a4-550x733.jpg 550w, https:\/\/roczyny.edu.pl\/wp-content\/uploads\/2026\/04\/31d053e7-51fc-44b6-9df4-8d7837e2c1a4-800x1067.jpg 800w, https:\/\/roczyny.edu.pl\/wp-content\/uploads\/2026\/04\/31d053e7-51fc-44b6-9df4-8d7837e2c1a4-135x180.jpg 135w, https:\/\/roczyny.edu.pl\/wp-content\/uploads\/2026\/04\/31d053e7-51fc-44b6-9df4-8d7837e2c1a4-375x500.jpg 375w, https:\/\/roczyny.edu.pl\/wp-content\/uploads\/2026\/04\/31d053e7-51fc-44b6-9df4-8d7837e2c1a4.jpg 1200w\" sizes=\"(max-width: 665px) 100vw, 665px\" \/><\/a>\n\t\t\t\t<\/div><\/div><\/div>\n<\/div>\n<!--[if lt IE 9]><script>document.createElement('video');<\/script><![endif]-->\n\t<div class=\"wp-playlist wp-video-playlist wp-playlist-light\">\n\t\t<video controls=\"controls\" preload=\"none\" width=\"643\"\n\t\t height=\"1153\"\t><\/video>\n\t<div class=\"wp-playlist-next\"><\/div>\n\t<div class=\"wp-playlist-prev\"><\/div>\n\t<noscript>\n\t<ol>\n\t\t<li><a href='https:\/\/roczyny.edu.pl\/wp-content\/uploads\/2026\/04\/fad218fd-c233-41f2-b2cc-d84efae5095f.mp4'>fad218fd-c233-41f2-b2cc-d84efae5095f<\/a><\/li>\t<\/ol>\n\t<\/noscript>\n\t<script type=\"application\/json\" class=\"wp-playlist-script\">{\"type\":\"video\",\"tracklist\":true,\"tracknumbers\":true,\"images\":true,\"artists\":true,\"tracks\":[{\"src\":\"https:\\\/\\\/roczyny.edu.pl\\\/wp-content\\\/uploads\\\/2026\\\/04\\\/fad218fd-c233-41f2-b2cc-d84efae5095f.mp4\",\"type\":\"video\\\/mp4\",\"title\":\"fad218fd-c233-41f2-b2cc-d84efae5095f\",\"caption\":\"\",\"description\":\"\",\"meta\":{\"length_formatted\":\"0:10\"},\"dimensions\":{\"original\":{\"width\":464,\"height\":832},\"resized\":{\"width\":643,\"height\":1153}},\"image\":{\"src\":\"https:\\\/\\\/roczyny.edu.pl\\\/wp-includes\\\/images\\\/media\\\/video.png\",\"width\":48,\"height\":64},\"thumb\":{\"src\":\"https:\\\/\\\/roczyny.edu.pl\\\/wp-includes\\\/images\\\/media\\\/video.png\",\"width\":48,\"height\":64}}]}<\/script>\n<\/div>\n\t\n<p>&nbsp;<\/p><\/blockquote>\n","protected":false},"excerpt":{"rendered":"<p>Z ogromn\u0105 satysfakcj\u0105 informujemy o znacz\u0105cym sukcesie sportowym ucznia naszej szko\u0142y \u2013 Krzysztofa, kt\u00f3ry zdoby\u0142 1. miejsce w Mistrzostwach Polski w tr\u00f3jboju si\u0142owym w konkurencji martwego ci\u0105gu. W dniach 18\u201319 kwietnia 2026 roku w Zalesiu odby\u0142y si\u0119 Mistrzostwa Polski federacji Global Powerlifting Committee (GPC), zaliczane do najwa\u017cniejszych wydarze\u0144 w krajowym kalendarzu tej dyscypliny. Zawody te\u2026 <span class=\"read-more\"><a href=\"https:\/\/roczyny.edu.pl\/index.php\/2026\/04\/27\/wielki-sukces-naszego-ucznia\/\">Czytaj dalej &raquo;<\/a><\/span><\/p>\n","protected":false},"author":7,"featured_media":16477,"comment_status":"closed","ping_status":"closed","sticky":false,"template":"","format":"standard","meta":{"bgseo_title":"","bgseo_description":"","bgseo_robots_index":"index","bgseo_robots_follow":"follow"},"categories":[4,1,5,8],"tags":[],"_links":{"self":[{"href":"https:\/\/roczyny.edu.pl\/index.php\/wp-json\/wp\/v2\/posts\/16474"}],"collection":[{"href":"https:\/\/roczyny.edu.pl\/index.php\/wp-json\/wp\/v2\/posts"}],"about":[{"href":"https:\/\/roczyny.edu.pl\/index.php\/wp-json\/wp\/v2\/types\/post"}],"author":[{"embeddable":true,"href":"https:\/\/roczyny.edu.pl\/index.php\/wp-json\/wp\/v2\/users\/7"}],"replies":[{"embeddable":true,"href":"https:\/\/roczyny.edu.pl\/index.php\/wp-json\/wp\/v2\/comments?post=16474"}],"version-history":[{"count":1,"href":"https:\/\/roczyny.edu.pl\/index.php\/wp-json\/wp\/v2\/posts\/16474\/revisions"}],"predecessor-version":[{"id":16478,"href":"https:\/\/roczyny.edu.pl\/index.php\/wp-json\/wp\/v2\/posts\/16474\/revisions\/16478"}],"wp:featuredmedia":[{"embeddable":true,"href":"https:\/\/roczyny.edu.pl\/index.php\/wp-json\/wp\/v2\/media\/16477"}],"wp:attachment":[{"href":"https:\/\/roczyny.edu.pl\/index.php\/wp-json\/wp\/v2\/media?parent=16474"}],"wp:term":[{"taxonomy":"category","embeddable":true,"href":"https:\/\/roczyny.edu.pl\/index.php\/wp-json\/wp\/v2\/categories?post=16474"},{"taxonomy":"post_tag","embeddable":true,"href":"https:\/\/roczyny.edu.pl\/index.php\/wp-json\/wp\/v2\/tags?post=16474"}],"curies":[{"name":"wp","href":"https:\/\/api.w.org\/{rel}","templated":true}]}}