{"id":16498,"date":"2026-04-28T20:38:08","date_gmt":"2026-04-28T18:38:08","guid":{"rendered":"https:\/\/roczyny.edu.pl\/?p=16498"},"modified":"2026-04-28T20:38:08","modified_gmt":"2026-04-28T18:38:08","slug":"najwyzsze-miejsce-na-podium-dla-naszego-laureata-w-mkjp","status":"publish","type":"post","link":"https:\/\/roczyny.edu.pl\/index.php\/2026\/04\/28\/najwyzsze-miejsce-na-podium-dla-naszego-laureata-w-mkjp\/","title":{"rendered":"Najwy\u017csze miejsce na podium dla naszego laureata w MKJP!"},"content":{"rendered":"<blockquote>\n<p style=\"text-align: center;\"><b>28 kwietnia 2026 r. <\/b><span style=\"font-weight: 400;\">w Auli G\u0142\u00f3wnej Uniwersytetu Komisji Edukacji Narodowej w Krakowie\u00a0 odby\u0142a si\u0119 uroczysto\u015b\u0107 <\/span><b>wr\u0119czenia za\u015bwiadcze\u0144 laureatom <\/b><span style=\"font-weight: 400;\">konkurs\u00f3w przedmiotowych i\u00a0 tematycznych, kt\u00f3re s\u0105 przepustk\u0105 do wymarzonej szko\u0142y ponadpodstawowej. Za\u015bwiadczenia dla\u00a0 nagrodzonych oraz podzi\u0119kowania dla ich opiekun\u00f3w wr\u0119czy\u0142a pani wicekurator Katarzyna\u00a0 Mitka.\u00a0<\/span><\/p>\n<p style=\"text-align: center;\"><span style=\"font-weight: 400;\">Nasz\u0105 szko\u0142\u0119 reprezentowa\u0142 <\/span><b>Filip Zmiertka z klasy 8a, laureat Ma\u0142opolskiego Konkursu J\u0119zyka Polskiego.\u00a0\u00a0<\/b><\/p>\n<p style=\"text-align: center;\"><b>Nale\u017cy zaznaczy\u0107, \u017ce Filip zaj\u0105\u0142 I miejsce, osi\u0105gaj\u0105c najwy\u017cszy wynik w etapie wojew\u00f3dzkim.\u00a0 Opiekunem naukowym ucznia by\u0142a p. Dorota Sadlik.\u00a0<\/b><\/p>\n<p style=\"text-align: center;\"><span style=\"font-weight: 400;\">Warto te\u017c doda\u0107<\/span><b>, \u017ce tytu\u0142 laureata wojew\u00f3dzkiego konkursu przedmiotowego (kuratoryjnego)\u00a0 daje uczniowi szko\u0142y podstawowej prawo do zwolnienia z egzaminu \u00f3smoklasisty z danego\u00a0 przedmiotu (co r\u00f3wna si\u0119 uzyskaniu najwy\u017cszego wyniku 100%), celuj\u0105cej rocznej oceny\u00a0 klasyfikacyjnej z tego przedmiotu oraz pierwsze\u0144stwa w przyj\u0119ciu do wybranej szko\u0142y\u00a0 ponadpodstawowej.\u00a0<\/b><\/p>\n<p style=\"text-align: center;\"><b>Serdecznie gratulujemy i \u017cyczymy dalszego rozwijania swoich talent\u00f3w i pasji!<\/b><\/p>\n<div class=\"wc-gallery\"><div id='gallery-1' data-gutter-width='5' data-columns='2' class='gallery wc-gallery-captions-onhover gallery-link-file gallery-masonry galleryid-16498 gallery-columns-2 gallery-size-large wc-gallery-bottomspace-default wc-gallery-clear'><div class='gallery-item gallery-item-position-1 gallery-item-attachment-16499'>\n\t\t\t\t<div class='gallery-icon portrait'>\n\t\t\t\t\t<a href='https:\/\/roczyny.edu.pl\/wp-content\/uploads\/2026\/04\/1000015596-768x1024.jpg' title='1000015596' target='_self' rel=\"lightbox[16498]\"><img width=\"665\" height=\"887\" src=\"https:\/\/roczyny.edu.pl\/wp-content\/uploads\/2026\/04\/1000015596-768x1024.jpg\" class=\"attachment-large size-large\" alt=\"\" loading=\"lazy\" data-attachment-id=\"16499\" srcset=\"https:\/\/roczyny.edu.pl\/wp-content\/uploads\/2026\/04\/1000015596-768x1024.jpg 768w, https:\/\/roczyny.edu.pl\/wp-content\/uploads\/2026\/04\/1000015596-225x300.jpg 225w, https:\/\/roczyny.edu.pl\/wp-content\/uploads\/2026\/04\/1000015596-1152x1536.jpg 1152w, https:\/\/roczyny.edu.pl\/wp-content\/uploads\/2026\/04\/1000015596-660x880.jpg 660w, https:\/\/roczyny.edu.pl\/wp-content\/uploads\/2026\/04\/1000015596-250x333.jpg 250w, https:\/\/roczyny.edu.pl\/wp-content\/uploads\/2026\/04\/1000015596-550x733.jpg 550w, https:\/\/roczyny.edu.pl\/wp-content\/uploads\/2026\/04\/1000015596-800x1067.jpg 800w, https:\/\/roczyny.edu.pl\/wp-content\/uploads\/2026\/04\/1000015596-135x180.jpg 135w, https:\/\/roczyny.edu.pl\/wp-content\/uploads\/2026\/04\/1000015596-375x500.jpg 375w, https:\/\/roczyny.edu.pl\/wp-content\/uploads\/2026\/04\/1000015596.jpg 1200w\" sizes=\"(max-width: 665px) 100vw, 665px\" \/><\/a>\n\t\t\t\t<\/div><\/div><div class='gallery-item gallery-item-position-2 gallery-item-attachment-16500'>\n\t\t\t\t<div class='gallery-icon portrait'>\n\t\t\t\t\t<a href='https:\/\/roczyny.edu.pl\/wp-content\/uploads\/2026\/04\/1000015599-768x1024.jpg' title='1000015599' target='_self' rel=\"lightbox[16498]\"><img width=\"665\" height=\"887\" src=\"https:\/\/roczyny.edu.pl\/wp-content\/uploads\/2026\/04\/1000015599-768x1024.jpg\" class=\"attachment-large size-large\" alt=\"\" loading=\"lazy\" data-attachment-id=\"16500\" srcset=\"https:\/\/roczyny.edu.pl\/wp-content\/uploads\/2026\/04\/1000015599-768x1024.jpg 768w, https:\/\/roczyny.edu.pl\/wp-content\/uploads\/2026\/04\/1000015599-225x300.jpg 225w, https:\/\/roczyny.edu.pl\/wp-content\/uploads\/2026\/04\/1000015599-1152x1536.jpg 1152w, https:\/\/roczyny.edu.pl\/wp-content\/uploads\/2026\/04\/1000015599-660x880.jpg 660w, https:\/\/roczyny.edu.pl\/wp-content\/uploads\/2026\/04\/1000015599-250x333.jpg 250w, https:\/\/roczyny.edu.pl\/wp-content\/uploads\/2026\/04\/1000015599-550x733.jpg 550w, https:\/\/roczyny.edu.pl\/wp-content\/uploads\/2026\/04\/1000015599-800x1067.jpg 800w, https:\/\/roczyny.edu.pl\/wp-content\/uploads\/2026\/04\/1000015599-135x180.jpg 135w, https:\/\/roczyny.edu.pl\/wp-content\/uploads\/2026\/04\/1000015599-375x500.jpg 375w, https:\/\/roczyny.edu.pl\/wp-content\/uploads\/2026\/04\/1000015599.jpg 1200w\" sizes=\"(max-width: 665px) 100vw, 665px\" \/><\/a>\n\t\t\t\t<\/div><\/div><div class='gallery-item gallery-item-position-3 gallery-item-attachment-16501'>\n\t\t\t\t<div class='gallery-icon landscape'>\n\t\t\t\t\t<a href='https:\/\/roczyny.edu.pl\/wp-content\/uploads\/2026\/04\/1000015597-1024x688.jpg' title='1000015597' target='_self' rel=\"lightbox[16498]\"><img width=\"665\" height=\"447\" src=\"https:\/\/roczyny.edu.pl\/wp-content\/uploads\/2026\/04\/1000015597-1024x688.jpg\" class=\"attachment-large size-large\" alt=\"\" loading=\"lazy\" data-attachment-id=\"16501\" srcset=\"https:\/\/roczyny.edu.pl\/wp-content\/uploads\/2026\/04\/1000015597-1024x688.jpg 1024w, https:\/\/roczyny.edu.pl\/wp-content\/uploads\/2026\/04\/1000015597-300x202.jpg 300w, https:\/\/roczyny.edu.pl\/wp-content\/uploads\/2026\/04\/1000015597-768x516.jpg 768w, https:\/\/roczyny.edu.pl\/wp-content\/uploads\/2026\/04\/1000015597-1536x1032.jpg 1536w, https:\/\/roczyny.edu.pl\/wp-content\/uploads\/2026\/04\/1000015597-660x443.jpg 660w, https:\/\/roczyny.edu.pl\/wp-content\/uploads\/2026\/04\/1000015597-250x168.jpg 250w, https:\/\/roczyny.edu.pl\/wp-content\/uploads\/2026\/04\/1000015597-550x369.jpg 550w, https:\/\/roczyny.edu.pl\/wp-content\/uploads\/2026\/04\/1000015597-800x537.jpg 800w, https:\/\/roczyny.edu.pl\/wp-content\/uploads\/2026\/04\/1000015597-268x180.jpg 268w, https:\/\/roczyny.edu.pl\/wp-content\/uploads\/2026\/04\/1000015597-447x300.jpg 447w, https:\/\/roczyny.edu.pl\/wp-content\/uploads\/2026\/04\/1000015597-744x500.jpg 744w, https:\/\/roczyny.edu.pl\/wp-content\/uploads\/2026\/04\/1000015597-272x182.jpg 272w, https:\/\/roczyny.edu.pl\/wp-content\/uploads\/2026\/04\/1000015597.jpg 1599w\" sizes=\"(max-width: 665px) 100vw, 665px\" \/><\/a>\n\t\t\t\t<\/div><\/div><div class='gallery-item gallery-item-position-4 gallery-item-attachment-16502'>\n\t\t\t\t<div class='gallery-icon portrait'>\n\t\t\t\t\t<a href='https:\/\/roczyny.edu.pl\/wp-content\/uploads\/2026\/04\/1000015598-768x1024.jpg' title='1000015598' target='_self' rel=\"lightbox[16498]\"><img width=\"665\" height=\"887\" src=\"https:\/\/roczyny.edu.pl\/wp-content\/uploads\/2026\/04\/1000015598-768x1024.jpg\" class=\"attachment-large size-large\" alt=\"\" loading=\"lazy\" data-attachment-id=\"16502\" srcset=\"https:\/\/roczyny.edu.pl\/wp-content\/uploads\/2026\/04\/1000015598-768x1024.jpg 768w, https:\/\/roczyny.edu.pl\/wp-content\/uploads\/2026\/04\/1000015598-225x300.jpg 225w, https:\/\/roczyny.edu.pl\/wp-content\/uploads\/2026\/04\/1000015598-1152x1536.jpg 1152w, https:\/\/roczyny.edu.pl\/wp-content\/uploads\/2026\/04\/1000015598-660x880.jpg 660w, https:\/\/roczyny.edu.pl\/wp-content\/uploads\/2026\/04\/1000015598-250x333.jpg 250w, https:\/\/roczyny.edu.pl\/wp-content\/uploads\/2026\/04\/1000015598-550x733.jpg 550w, https:\/\/roczyny.edu.pl\/wp-content\/uploads\/2026\/04\/1000015598-800x1067.jpg 800w, https:\/\/roczyny.edu.pl\/wp-content\/uploads\/2026\/04\/1000015598-135x180.jpg 135w, https:\/\/roczyny.edu.pl\/wp-content\/uploads\/2026\/04\/1000015598-375x500.jpg 375w, https:\/\/roczyny.edu.pl\/wp-content\/uploads\/2026\/04\/1000015598.jpg 1200w\" sizes=\"(max-width: 665px) 100vw, 665px\" \/><\/a>\n\t\t\t\t<\/div><\/div><\/div>\n<\/div><\/blockquote>\n","protected":false},"excerpt":{"rendered":"<p>28 kwietnia 2026 r. w Auli G\u0142\u00f3wnej Uniwersytetu Komisji Edukacji Narodowej w Krakowie\u00a0 odby\u0142a si\u0119 uroczysto\u015b\u0107 wr\u0119czenia za\u015bwiadcze\u0144 laureatom konkurs\u00f3w przedmiotowych i\u00a0 tematycznych, kt\u00f3re s\u0105 przepustk\u0105 do wymarzonej szko\u0142y ponadpodstawowej. Za\u015bwiadczenia dla\u00a0 nagrodzonych oraz podzi\u0119kowania dla ich opiekun\u00f3w wr\u0119czy\u0142a pani wicekurator Katarzyna\u00a0 Mitka.\u00a0 Nasz\u0105 szko\u0142\u0119 reprezentowa\u0142 Filip Zmiertka z klasy 8a, laureat Ma\u0142opolskiego Konkursu J\u0119zyka\u2026 <span class=\"read-more\"><a href=\"https:\/\/roczyny.edu.pl\/index.php\/2026\/04\/28\/najwyzsze-miejsce-na-podium-dla-naszego-laureata-w-mkjp\/\">Czytaj dalej &raquo;<\/a><\/span><\/p>\n","protected":false},"author":7,"featured_media":16502,"comment_status":"closed","ping_status":"closed","sticky":false,"template":"","format":"standard","meta":{"bgseo_title":"","bgseo_description":"","bgseo_robots_index":"index","bgseo_robots_follow":"follow"},"categories":[4,1,5,8],"tags":[],"_links":{"self":[{"href":"https:\/\/roczyny.edu.pl\/index.php\/wp-json\/wp\/v2\/posts\/16498"}],"collection":[{"href":"https:\/\/roczyny.edu.pl\/index.php\/wp-json\/wp\/v2\/posts"}],"about":[{"href":"https:\/\/roczyny.edu.pl\/index.php\/wp-json\/wp\/v2\/types\/post"}],"author":[{"embeddable":true,"href":"https:\/\/roczyny.edu.pl\/index.php\/wp-json\/wp\/v2\/users\/7"}],"replies":[{"embeddable":true,"href":"https:\/\/roczyny.edu.pl\/index.php\/wp-json\/wp\/v2\/comments?post=16498"}],"version-history":[{"count":2,"href":"https:\/\/roczyny.edu.pl\/index.php\/wp-json\/wp\/v2\/posts\/16498\/revisions"}],"predecessor-version":[{"id":16504,"href":"https:\/\/roczyny.edu.pl\/index.php\/wp-json\/wp\/v2\/posts\/16498\/revisions\/16504"}],"wp:featuredmedia":[{"embeddable":true,"href":"https:\/\/roczyny.edu.pl\/index.php\/wp-json\/wp\/v2\/media\/16502"}],"wp:attachment":[{"href":"https:\/\/roczyny.edu.pl\/index.php\/wp-json\/wp\/v2\/media?parent=16498"}],"wp:term":[{"taxonomy":"category","embeddable":true,"href":"https:\/\/roczyny.edu.pl\/index.php\/wp-json\/wp\/v2\/categories?post=16498"},{"taxonomy":"post_tag","embeddable":true,"href":"https:\/\/roczyny.edu.pl\/index.php\/wp-json\/wp\/v2\/tags?post=16498"}],"curies":[{"name":"wp","href":"https:\/\/api.w.org\/{rel}","templated":true}]}}