{"id":16505,"date":"2026-04-28T21:38:29","date_gmt":"2026-04-28T19:38:29","guid":{"rendered":"https:\/\/roczyny.edu.pl\/?p=16505"},"modified":"2026-04-28T21:38:29","modified_gmt":"2026-04-28T19:38:29","slug":"wreczenie-nagrod-laureatom-miedzyszkolnych-zawodow-matematycznych","status":"publish","type":"post","link":"https:\/\/roczyny.edu.pl\/index.php\/2026\/04\/28\/wreczenie-nagrod-laureatom-miedzyszkolnych-zawodow-matematycznych\/","title":{"rendered":"Wr\u0119czenie nagr\u00f3d laureatom Mi\u0119dzyszkolnych Zawod\u00f3w Matematycznych"},"content":{"rendered":"<blockquote>\n<p style=\"text-align: center;\">22 kwietnia w Urz\u0119dzie Miejskim odby\u0142a si\u0119 gala wr\u0119czenia nagr\u00f3d dla najlepszych matematyk\u00f3w szk\u00f3\u0142 podstawowych gminy Andrych\u00f3w. Nagrody z r\u0105k wiceburmistrza Aleksandra Kasperka odebrali uczniowie klas IV\u2013VII. W uroczysto\u015bci uczestniczyli tak\u017ce nauczyciele, dyrektorzy szk\u00f3\u0142.<br \/>\nZ rado\u015bci\u0105 informujemy, \u017ce w\u015br\u00f3d nagrodzonych znalaz\u0142a si\u0119 uczennica klasy VII <strong>Wiktoria Bizo\u0144<\/strong>, kt\u00f3ra zdoby\u0142a <strong>I miejsce<\/strong> w kategorii klas VII.<br \/>\nGratulujemy i \u017cyczymy dalszych osi\u0105gni\u0119\u0107.<\/p>\n<div class=\"wc-gallery\"><div id='gallery-1' data-gutter-width='5' data-columns='2' class='gallery wc-gallery-captions-onhover gallery-link-file gallery-masonry galleryid-16505 gallery-columns-2 gallery-size-large wc-gallery-bottomspace-default wc-gallery-clear'><div class='gallery-item gallery-item-position-1 gallery-item-attachment-16506'>\n\t\t\t\t<div class='gallery-icon landscape'>\n\t\t\t\t\t<a href='https:\/\/roczyny.edu.pl\/wp-content\/uploads\/2026\/04\/Bez-tytulu.png' title='Bez tytu\u0142u' target='_self' rel=\"lightbox[16505]\"><img width=\"526\" height=\"401\" src=\"https:\/\/roczyny.edu.pl\/wp-content\/uploads\/2026\/04\/Bez-tytulu.png\" class=\"attachment-large size-large\" alt=\"\" loading=\"lazy\" data-attachment-id=\"16506\" srcset=\"https:\/\/roczyny.edu.pl\/wp-content\/uploads\/2026\/04\/Bez-tytulu.png 526w, https:\/\/roczyny.edu.pl\/wp-content\/uploads\/2026\/04\/Bez-tytulu-300x229.png 300w, https:\/\/roczyny.edu.pl\/wp-content\/uploads\/2026\/04\/Bez-tytulu-250x191.png 250w, https:\/\/roczyny.edu.pl\/wp-content\/uploads\/2026\/04\/Bez-tytulu-236x180.png 236w, https:\/\/roczyny.edu.pl\/wp-content\/uploads\/2026\/04\/Bez-tytulu-394x300.png 394w\" sizes=\"(max-width: 526px) 100vw, 526px\" \/><\/a>\n\t\t\t\t<\/div><\/div><div class='gallery-item gallery-item-position-2 gallery-item-attachment-16507'>\n\t\t\t\t<div class='gallery-icon landscape'>\n\t\t\t\t\t<a href='https:\/\/roczyny.edu.pl\/wp-content\/uploads\/2026\/04\/WhatsApp-Image-2026-04-22-at-10.19.58-1024x473.jpeg' title='WhatsApp Image 2026-04-22 at 10.19.58' target='_self' rel=\"lightbox[16505]\"><img width=\"665\" height=\"307\" src=\"https:\/\/roczyny.edu.pl\/wp-content\/uploads\/2026\/04\/WhatsApp-Image-2026-04-22-at-10.19.58-1024x473.jpeg\" class=\"attachment-large size-large\" alt=\"\" loading=\"lazy\" data-attachment-id=\"16507\" srcset=\"https:\/\/roczyny.edu.pl\/wp-content\/uploads\/2026\/04\/WhatsApp-Image-2026-04-22-at-10.19.58-1024x473.jpeg 1024w, https:\/\/roczyny.edu.pl\/wp-content\/uploads\/2026\/04\/WhatsApp-Image-2026-04-22-at-10.19.58-300x139.jpeg 300w, https:\/\/roczyny.edu.pl\/wp-content\/uploads\/2026\/04\/WhatsApp-Image-2026-04-22-at-10.19.58-768x355.jpeg 768w, https:\/\/roczyny.edu.pl\/wp-content\/uploads\/2026\/04\/WhatsApp-Image-2026-04-22-at-10.19.58-1536x710.jpeg 1536w, https:\/\/roczyny.edu.pl\/wp-content\/uploads\/2026\/04\/WhatsApp-Image-2026-04-22-at-10.19.58-660x305.jpeg 660w, https:\/\/roczyny.edu.pl\/wp-content\/uploads\/2026\/04\/WhatsApp-Image-2026-04-22-at-10.19.58-250x116.jpeg 250w, https:\/\/roczyny.edu.pl\/wp-content\/uploads\/2026\/04\/WhatsApp-Image-2026-04-22-at-10.19.58-550x254.jpeg 550w, https:\/\/roczyny.edu.pl\/wp-content\/uploads\/2026\/04\/WhatsApp-Image-2026-04-22-at-10.19.58-800x370.jpeg 800w, https:\/\/roczyny.edu.pl\/wp-content\/uploads\/2026\/04\/WhatsApp-Image-2026-04-22-at-10.19.58-390x180.jpeg 390w, https:\/\/roczyny.edu.pl\/wp-content\/uploads\/2026\/04\/WhatsApp-Image-2026-04-22-at-10.19.58-649x300.jpeg 649w, https:\/\/roczyny.edu.pl\/wp-content\/uploads\/2026\/04\/WhatsApp-Image-2026-04-22-at-10.19.58-1082x500.jpeg 1082w, https:\/\/roczyny.edu.pl\/wp-content\/uploads\/2026\/04\/WhatsApp-Image-2026-04-22-at-10.19.58.jpeg 2000w\" sizes=\"(max-width: 665px) 100vw, 665px\" \/><\/a>\n\t\t\t\t<\/div><\/div><\/div>\n<\/div><\/blockquote>\n","protected":false},"excerpt":{"rendered":"<p>22 kwietnia w Urz\u0119dzie Miejskim odby\u0142a si\u0119 gala wr\u0119czenia nagr\u00f3d dla najlepszych matematyk\u00f3w szk\u00f3\u0142 podstawowych gminy Andrych\u00f3w. Nagrody z r\u0105k wiceburmistrza Aleksandra Kasperka odebrali uczniowie klas IV\u2013VII. W uroczysto\u015bci uczestniczyli tak\u017ce nauczyciele, dyrektorzy szk\u00f3\u0142. Z rado\u015bci\u0105 informujemy, \u017ce w\u015br\u00f3d nagrodzonych znalaz\u0142a si\u0119 uczennica klasy VII Wiktoria Bizo\u0144, kt\u00f3ra zdoby\u0142a I miejsce w kategorii klas VII.\u2026 <span class=\"read-more\"><a href=\"https:\/\/roczyny.edu.pl\/index.php\/2026\/04\/28\/wreczenie-nagrod-laureatom-miedzyszkolnych-zawodow-matematycznych\/\">Czytaj dalej &raquo;<\/a><\/span><\/p>\n","protected":false},"author":7,"featured_media":16506,"comment_status":"closed","ping_status":"closed","sticky":false,"template":"","format":"standard","meta":{"bgseo_title":"","bgseo_description":"","bgseo_robots_index":"index","bgseo_robots_follow":"follow"},"categories":[4,1,5,8],"tags":[],"_links":{"self":[{"href":"https:\/\/roczyny.edu.pl\/index.php\/wp-json\/wp\/v2\/posts\/16505"}],"collection":[{"href":"https:\/\/roczyny.edu.pl\/index.php\/wp-json\/wp\/v2\/posts"}],"about":[{"href":"https:\/\/roczyny.edu.pl\/index.php\/wp-json\/wp\/v2\/types\/post"}],"author":[{"embeddable":true,"href":"https:\/\/roczyny.edu.pl\/index.php\/wp-json\/wp\/v2\/users\/7"}],"replies":[{"embeddable":true,"href":"https:\/\/roczyny.edu.pl\/index.php\/wp-json\/wp\/v2\/comments?post=16505"}],"version-history":[{"count":2,"href":"https:\/\/roczyny.edu.pl\/index.php\/wp-json\/wp\/v2\/posts\/16505\/revisions"}],"predecessor-version":[{"id":16509,"href":"https:\/\/roczyny.edu.pl\/index.php\/wp-json\/wp\/v2\/posts\/16505\/revisions\/16509"}],"wp:featuredmedia":[{"embeddable":true,"href":"https:\/\/roczyny.edu.pl\/index.php\/wp-json\/wp\/v2\/media\/16506"}],"wp:attachment":[{"href":"https:\/\/roczyny.edu.pl\/index.php\/wp-json\/wp\/v2\/media?parent=16505"}],"wp:term":[{"taxonomy":"category","embeddable":true,"href":"https:\/\/roczyny.edu.pl\/index.php\/wp-json\/wp\/v2\/categories?post=16505"},{"taxonomy":"post_tag","embeddable":true,"href":"https:\/\/roczyny.edu.pl\/index.php\/wp-json\/wp\/v2\/tags?post=16505"}],"curies":[{"name":"wp","href":"https:\/\/api.w.org\/{rel}","templated":true}]}}