{"id":17632,"date":"2026-09-01T11:07:26","date_gmt":"2026-09-01T09:07:26","guid":{"rendered":"https:\/\/roczyny.edu.pl\/?p=17632"},"modified":"2026-09-01T11:07:26","modified_gmt":"2026-09-01T09:07:26","slug":"pierwszy-dzwonek-juz-za-nami","status":"publish","type":"post","link":"https:\/\/roczyny.edu.pl\/index.php\/2026\/09\/01\/pierwszy-dzwonek-juz-za-nami\/","title":{"rendered":"Pierwszy dzwonek ju\u017c za nami"},"content":{"rendered":"<p>1 wrze\u015bnia uczniowie naszej szko\u0142y, tak jak blisko 5 mln. dzieci i m\u0142odzie\u017cy w ca\u0142ym kraju, wzi\u0119li udzia\u0142 w uroczystej inauguracji nowego roku szkolnego 2026\/2027. Pan dyrektor A. Kojder powita\u0142 wszystkich zgromadzonych w sali gimnastycznej. W swoim przem\u00f3wieniu wspomnia\u0142 r\u00f3wnie\u017c o istotnych zmianach organizacyjnych i programowych wprowadzonych przez MEN w tym o zakazie korzystania z telefon\u00f3w kom\u00f3rkowych w szkole. Pan dyrektor przedstawi\u0142 nowych pracownik\u00f3w szko\u0142y: p. Monik\u0119 Babsk\u0105 (nauczyciel chemii) i p. Bo\u017cen\u0119 Burek (bibliotekarz). Na koniec \u017cyczy\u0142 wszystkim udanego roku, wytrwa\u0142o\u015bci i realizacji zamierzonych cel\u00f3w.<\/p>\n<div class=\"wc-gallery\"><div id='gallery-1' data-gutter-width='5' data-columns='3' class='gallery wc-gallery-captions-onhover gallery-link-file gallery-masonry galleryid-17632 gallery-columns-3 gallery-size-medium wc-gallery-bottomspace-default wc-gallery-clear'><div class='gallery-item gallery-item-position-1 gallery-item-attachment-17631'>\n\t\t\t\t<div class='gallery-icon landscape'>\n\t\t\t\t\t<a href='https:\/\/roczyny.edu.pl\/wp-content\/uploads\/2026\/09\/roz1-1024x768.jpg' title='roz1' target='_self' rel=\"lightbox[17632]\"><img width=\"300\" height=\"225\" src=\"https:\/\/roczyny.edu.pl\/wp-content\/uploads\/2026\/09\/roz1-300x225.jpg\" class=\"attachment-medium size-medium\" alt=\"\" loading=\"lazy\" data-attachment-id=\"17631\" srcset=\"https:\/\/roczyny.edu.pl\/wp-content\/uploads\/2026\/09\/roz1-300x225.jpg 300w, https:\/\/roczyny.edu.pl\/wp-content\/uploads\/2026\/09\/roz1-1024x768.jpg 1024w, https:\/\/roczyny.edu.pl\/wp-content\/uploads\/2026\/09\/roz1-768x576.jpg 768w, https:\/\/roczyny.edu.pl\/wp-content\/uploads\/2026\/09\/roz1-1536x1152.jpg 1536w, https:\/\/roczyny.edu.pl\/wp-content\/uploads\/2026\/09\/roz1-2048x1536.jpg 2048w, https:\/\/roczyny.edu.pl\/wp-content\/uploads\/2026\/09\/roz1-660x495.jpg 660w, https:\/\/roczyny.edu.pl\/wp-content\/uploads\/2026\/09\/roz1-250x188.jpg 250w, https:\/\/roczyny.edu.pl\/wp-content\/uploads\/2026\/09\/roz1-550x413.jpg 550w, https:\/\/roczyny.edu.pl\/wp-content\/uploads\/2026\/09\/roz1-800x600.jpg 800w, https:\/\/roczyny.edu.pl\/wp-content\/uploads\/2026\/09\/roz1-240x180.jpg 240w, https:\/\/roczyny.edu.pl\/wp-content\/uploads\/2026\/09\/roz1-400x300.jpg 400w, https:\/\/roczyny.edu.pl\/wp-content\/uploads\/2026\/09\/roz1-667x500.jpg 667w\" sizes=\"(max-width: 300px) 100vw, 300px\" \/><\/a>\n\t\t\t\t<\/div><\/div><div class='gallery-item gallery-item-position-2 gallery-item-attachment-17626'>\n\t\t\t\t<div class='gallery-icon landscape'>\n\t\t\t\t\t<a href='https:\/\/roczyny.edu.pl\/wp-content\/uploads\/2026\/09\/roz6-1024x768.jpg' title='roz6' target='_self' rel=\"lightbox[17632]\"><img width=\"300\" height=\"225\" src=\"https:\/\/roczyny.edu.pl\/wp-content\/uploads\/2026\/09\/roz6-300x225.jpg\" class=\"attachment-medium size-medium\" alt=\"\" loading=\"lazy\" data-attachment-id=\"17626\" srcset=\"https:\/\/roczyny.edu.pl\/wp-content\/uploads\/2026\/09\/roz6-300x225.jpg 300w, https:\/\/roczyny.edu.pl\/wp-content\/uploads\/2026\/09\/roz6-1024x768.jpg 1024w, https:\/\/roczyny.edu.pl\/wp-content\/uploads\/2026\/09\/roz6-768x576.jpg 768w, https:\/\/roczyny.edu.pl\/wp-content\/uploads\/2026\/09\/roz6-1536x1152.jpg 1536w, https:\/\/roczyny.edu.pl\/wp-content\/uploads\/2026\/09\/roz6-2048x1536.jpg 2048w, https:\/\/roczyny.edu.pl\/wp-content\/uploads\/2026\/09\/roz6-660x495.jpg 660w, https:\/\/roczyny.edu.pl\/wp-content\/uploads\/2026\/09\/roz6-250x188.jpg 250w, https:\/\/roczyny.edu.pl\/wp-content\/uploads\/2026\/09\/roz6-550x413.jpg 550w, https:\/\/roczyny.edu.pl\/wp-content\/uploads\/2026\/09\/roz6-800x600.jpg 800w, https:\/\/roczyny.edu.pl\/wp-content\/uploads\/2026\/09\/roz6-240x180.jpg 240w, https:\/\/roczyny.edu.pl\/wp-content\/uploads\/2026\/09\/roz6-400x300.jpg 400w, https:\/\/roczyny.edu.pl\/wp-content\/uploads\/2026\/09\/roz6-667x500.jpg 667w\" sizes=\"(max-width: 300px) 100vw, 300px\" \/><\/a>\n\t\t\t\t<\/div><\/div><div class='gallery-item gallery-item-position-3 gallery-item-attachment-17627'>\n\t\t\t\t<div class='gallery-icon landscape'>\n\t\t\t\t\t<a href='https:\/\/roczyny.edu.pl\/wp-content\/uploads\/2026\/09\/roz5-1024x768.jpg' title='roz5' target='_self' rel=\"lightbox[17632]\"><img width=\"300\" height=\"225\" src=\"https:\/\/roczyny.edu.pl\/wp-content\/uploads\/2026\/09\/roz5-300x225.jpg\" class=\"attachment-medium size-medium\" alt=\"\" loading=\"lazy\" data-attachment-id=\"17627\" srcset=\"https:\/\/roczyny.edu.pl\/wp-content\/uploads\/2026\/09\/roz5-300x225.jpg 300w, https:\/\/roczyny.edu.pl\/wp-content\/uploads\/2026\/09\/roz5-1024x768.jpg 1024w, https:\/\/roczyny.edu.pl\/wp-content\/uploads\/2026\/09\/roz5-768x576.jpg 768w, https:\/\/roczyny.edu.pl\/wp-content\/uploads\/2026\/09\/roz5-1536x1152.jpg 1536w, https:\/\/roczyny.edu.pl\/wp-content\/uploads\/2026\/09\/roz5-2048x1536.jpg 2048w, https:\/\/roczyny.edu.pl\/wp-content\/uploads\/2026\/09\/roz5-660x495.jpg 660w, https:\/\/roczyny.edu.pl\/wp-content\/uploads\/2026\/09\/roz5-250x188.jpg 250w, https:\/\/roczyny.edu.pl\/wp-content\/uploads\/2026\/09\/roz5-550x413.jpg 550w, https:\/\/roczyny.edu.pl\/wp-content\/uploads\/2026\/09\/roz5-800x600.jpg 800w, https:\/\/roczyny.edu.pl\/wp-content\/uploads\/2026\/09\/roz5-240x180.jpg 240w, https:\/\/roczyny.edu.pl\/wp-content\/uploads\/2026\/09\/roz5-400x300.jpg 400w, https:\/\/roczyny.edu.pl\/wp-content\/uploads\/2026\/09\/roz5-667x500.jpg 667w\" sizes=\"(max-width: 300px) 100vw, 300px\" \/><\/a>\n\t\t\t\t<\/div><\/div><div class='gallery-item gallery-item-position-4 gallery-item-attachment-17628'>\n\t\t\t\t<div class='gallery-icon landscape'>\n\t\t\t\t\t<a href='https:\/\/roczyny.edu.pl\/wp-content\/uploads\/2026\/09\/roz4-1024x768.jpg' title='roz4' target='_self' rel=\"lightbox[17632]\"><img width=\"300\" height=\"225\" src=\"https:\/\/roczyny.edu.pl\/wp-content\/uploads\/2026\/09\/roz4-300x225.jpg\" class=\"attachment-medium size-medium\" alt=\"\" loading=\"lazy\" data-attachment-id=\"17628\" srcset=\"https:\/\/roczyny.edu.pl\/wp-content\/uploads\/2026\/09\/roz4-300x225.jpg 300w, https:\/\/roczyny.edu.pl\/wp-content\/uploads\/2026\/09\/roz4-1024x768.jpg 1024w, https:\/\/roczyny.edu.pl\/wp-content\/uploads\/2026\/09\/roz4-768x576.jpg 768w, https:\/\/roczyny.edu.pl\/wp-content\/uploads\/2026\/09\/roz4-1536x1152.jpg 1536w, https:\/\/roczyny.edu.pl\/wp-content\/uploads\/2026\/09\/roz4-2048x1536.jpg 2048w, https:\/\/roczyny.edu.pl\/wp-content\/uploads\/2026\/09\/roz4-660x495.jpg 660w, https:\/\/roczyny.edu.pl\/wp-content\/uploads\/2026\/09\/roz4-250x188.jpg 250w, https:\/\/roczyny.edu.pl\/wp-content\/uploads\/2026\/09\/roz4-550x413.jpg 550w, https:\/\/roczyny.edu.pl\/wp-content\/uploads\/2026\/09\/roz4-800x600.jpg 800w, https:\/\/roczyny.edu.pl\/wp-content\/uploads\/2026\/09\/roz4-240x180.jpg 240w, https:\/\/roczyny.edu.pl\/wp-content\/uploads\/2026\/09\/roz4-400x300.jpg 400w, https:\/\/roczyny.edu.pl\/wp-content\/uploads\/2026\/09\/roz4-667x500.jpg 667w\" sizes=\"(max-width: 300px) 100vw, 300px\" \/><\/a>\n\t\t\t\t<\/div><\/div><div class='gallery-item gallery-item-position-5 gallery-item-attachment-17629'>\n\t\t\t\t<div class='gallery-icon landscape'>\n\t\t\t\t\t<a href='https:\/\/roczyny.edu.pl\/wp-content\/uploads\/2026\/09\/roz3-1024x768.jpg' title='roz3' target='_self' rel=\"lightbox[17632]\"><img width=\"300\" height=\"225\" src=\"https:\/\/roczyny.edu.pl\/wp-content\/uploads\/2026\/09\/roz3-300x225.jpg\" class=\"attachment-medium size-medium\" alt=\"\" loading=\"lazy\" data-attachment-id=\"17629\" srcset=\"https:\/\/roczyny.edu.pl\/wp-content\/uploads\/2026\/09\/roz3-300x225.jpg 300w, https:\/\/roczyny.edu.pl\/wp-content\/uploads\/2026\/09\/roz3-1024x768.jpg 1024w, https:\/\/roczyny.edu.pl\/wp-content\/uploads\/2026\/09\/roz3-768x576.jpg 768w, https:\/\/roczyny.edu.pl\/wp-content\/uploads\/2026\/09\/roz3-1536x1152.jpg 1536w, https:\/\/roczyny.edu.pl\/wp-content\/uploads\/2026\/09\/roz3-2048x1536.jpg 2048w, https:\/\/roczyny.edu.pl\/wp-content\/uploads\/2026\/09\/roz3-660x495.jpg 660w, https:\/\/roczyny.edu.pl\/wp-content\/uploads\/2026\/09\/roz3-250x188.jpg 250w, https:\/\/roczyny.edu.pl\/wp-content\/uploads\/2026\/09\/roz3-550x413.jpg 550w, https:\/\/roczyny.edu.pl\/wp-content\/uploads\/2026\/09\/roz3-800x600.jpg 800w, https:\/\/roczyny.edu.pl\/wp-content\/uploads\/2026\/09\/roz3-240x180.jpg 240w, https:\/\/roczyny.edu.pl\/wp-content\/uploads\/2026\/09\/roz3-400x300.jpg 400w, https:\/\/roczyny.edu.pl\/wp-content\/uploads\/2026\/09\/roz3-667x500.jpg 667w\" sizes=\"(max-width: 300px) 100vw, 300px\" \/><\/a>\n\t\t\t\t<\/div><\/div><div class='gallery-item gallery-item-position-6 gallery-item-attachment-17630'>\n\t\t\t\t<div class='gallery-icon portrait'>\n\t\t\t\t\t<a href='https:\/\/roczyny.edu.pl\/wp-content\/uploads\/2026\/09\/roz2-768x1024.jpg' title='roz2' target='_self' rel=\"lightbox[17632]\"><img width=\"225\" height=\"300\" src=\"https:\/\/roczyny.edu.pl\/wp-content\/uploads\/2026\/09\/roz2-225x300.jpg\" class=\"attachment-medium size-medium\" alt=\"\" loading=\"lazy\" data-attachment-id=\"17630\" srcset=\"https:\/\/roczyny.edu.pl\/wp-content\/uploads\/2026\/09\/roz2-225x300.jpg 225w, https:\/\/roczyny.edu.pl\/wp-content\/uploads\/2026\/09\/roz2-768x1024.jpg 768w, https:\/\/roczyny.edu.pl\/wp-content\/uploads\/2026\/09\/roz2-1152x1536.jpg 1152w, https:\/\/roczyny.edu.pl\/wp-content\/uploads\/2026\/09\/roz2-1536x2048.jpg 1536w, https:\/\/roczyny.edu.pl\/wp-content\/uploads\/2026\/09\/roz2-660x880.jpg 660w, https:\/\/roczyny.edu.pl\/wp-content\/uploads\/2026\/09\/roz2-250x333.jpg 250w, https:\/\/roczyny.edu.pl\/wp-content\/uploads\/2026\/09\/roz2-550x733.jpg 550w, https:\/\/roczyny.edu.pl\/wp-content\/uploads\/2026\/09\/roz2-800x1067.jpg 800w, https:\/\/roczyny.edu.pl\/wp-content\/uploads\/2026\/09\/roz2-135x180.jpg 135w, https:\/\/roczyny.edu.pl\/wp-content\/uploads\/2026\/09\/roz2-375x500.jpg 375w, https:\/\/roczyny.edu.pl\/wp-content\/uploads\/2026\/09\/roz2-scaled.jpg 1920w\" sizes=\"(max-width: 225px) 100vw, 225px\" \/><\/a>\n\t\t\t\t<\/div><\/div><\/div>\n<\/div>\n","protected":false},"excerpt":{"rendered":"<p>1 wrze\u015bnia uczniowie naszej szko\u0142y, tak jak blisko 5 mln. dzieci i m\u0142odzie\u017cy w ca\u0142ym kraju, wzi\u0119li udzia\u0142 w uroczystej inauguracji nowego roku szkolnego 2026\/2027. Pan dyrektor A. Kojder powita\u0142 wszystkich zgromadzonych w sali gimnastycznej. W swoim przem\u00f3wieniu wspomnia\u0142 r\u00f3wnie\u017c o istotnych zmianach organizacyjnych i programowych wprowadzonych przez MEN w tym o zakazie korzystania z\u2026 <span class=\"read-more\"><a href=\"https:\/\/roczyny.edu.pl\/index.php\/2026\/09\/01\/pierwszy-dzwonek-juz-za-nami\/\">Czytaj dalej &raquo;<\/a><\/span><\/p>\n","protected":false},"author":4,"featured_media":17626,"comment_status":"closed","ping_status":"closed","sticky":false,"template":"","format":"standard","meta":{"bgseo_title":"","bgseo_description":"","bgseo_robots_index":"index","bgseo_robots_follow":"follow"},"categories":[4,1,5],"tags":[],"_links":{"self":[{"href":"https:\/\/roczyny.edu.pl\/index.php\/wp-json\/wp\/v2\/posts\/17632"}],"collection":[{"href":"https:\/\/roczyny.edu.pl\/index.php\/wp-json\/wp\/v2\/posts"}],"about":[{"href":"https:\/\/roczyny.edu.pl\/index.php\/wp-json\/wp\/v2\/types\/post"}],"author":[{"embeddable":true,"href":"https:\/\/roczyny.edu.pl\/index.php\/wp-json\/wp\/v2\/users\/4"}],"replies":[{"embeddable":true,"href":"https:\/\/roczyny.edu.pl\/index.php\/wp-json\/wp\/v2\/comments?post=17632"}],"version-history":[{"count":2,"href":"https:\/\/roczyny.edu.pl\/index.php\/wp-json\/wp\/v2\/posts\/17632\/revisions"}],"predecessor-version":[{"id":17634,"href":"https:\/\/roczyny.edu.pl\/index.php\/wp-json\/wp\/v2\/posts\/17632\/revisions\/17634"}],"wp:featuredmedia":[{"embeddable":true,"href":"https:\/\/roczyny.edu.pl\/index.php\/wp-json\/wp\/v2\/media\/17626"}],"wp:attachment":[{"href":"https:\/\/roczyny.edu.pl\/index.php\/wp-json\/wp\/v2\/media?parent=17632"}],"wp:term":[{"taxonomy":"category","embeddable":true,"href":"https:\/\/roczyny.edu.pl\/index.php\/wp-json\/wp\/v2\/categories?post=17632"},{"taxonomy":"post_tag","embeddable":true,"href":"https:\/\/roczyny.edu.pl\/index.php\/wp-json\/wp\/v2\/tags?post=17632"}],"curies":[{"name":"wp","href":"https:\/\/api.w.org\/{rel}","templated":true}]}}